{"id":18228,"date":"2016-10-18T11:04:04","date_gmt":"2016-10-18T13:04:04","guid":{"rendered":"https:\/\/www.mpal.mp.br\/?p=18228"},"modified":"2022-09-09T11:05:01","modified_gmt":"2022-09-09T14:05:01","slug":"mpe-al-lanca-campanha-transicao-legal-para-garantir-probidade-administrativa-nos-municipios","status":"publish","type":"post","link":"https:\/\/www.mpal.mp.br\/?p=18228","title":{"rendered":"MPE\/AL lan\u00e7a campanha \u201cTransi\u00e7\u00e3o Legal\u201d para garantir probidade administrativa nos Munic\u00edpios"},"content":{"rendered":"<p style=\"text-align: justify;\"><span style=\"font-size: 14pt;\">Com o objetivo de garantir a continuidade dos servi\u00e7os p\u00fablicos dos munic\u00edpios, bem como a probidade administrativa na mudan\u00e7a de gest\u00e3o, o Minist\u00e9rio P\u00fablico do Estado de Alagoas (MPE\/AL) lan\u00e7a, nesta ter\u00e7a-feira (18), a campanha \u201cTransi\u00e7\u00e3o Legal\u201d. A iniciativa tem como base a Recomenda\u00e7\u00e3o n\u00ba 001\/2016 da Procuradoria Geral de Justi\u00e7a e serve de convite para os alagoanos denunciarem irregularidades nas prefeituras municipais.<\/span><\/p>\n<p style=\"text-align: justify;\"><span style=\"font-size: 14pt;\">O \u00f3rg\u00e3o ministerial recomenda aos atuais e futuros ocupantes do cargo de prefeito dos Munic\u00edpios a ado\u00e7\u00e3o de medidas para instaura\u00e7\u00e3o e funcionamento da comiss\u00e3o de transi\u00e7\u00e3o. O procedimento tamb\u00e9m orienta os promotores de Justi\u00e7a para fiscaliza\u00e7\u00e3o do efetivo cumprimento das normas de responsabilidade fiscal, transpar\u00eancia e moralidade administrativa, no que se refere \u00e0s transi\u00e7\u00f5es de gest\u00f5es municipais.<\/span><\/p>\n<p style=\"text-align: justify;\"><span style=\"font-size: 14pt;\">Publicada hoje no Di\u00e1rio Oficial do Estado, a recomenda\u00e7\u00e3o \u00e9 assinada pelo procurador-geral de Justi\u00e7a em exerc\u00edcio, Walber Jos\u00e9 Valente de Lima, e pelos promotores de Justi\u00e7a Jos\u00e9 Carlos Castro e Napole\u00e3o Amaral Franco, que s\u00e3o coordenadores do N\u00facleo de Defesa do Patrim\u00f4nio P\u00fablico do MPE\/AL nos 1\u00ba e 2\u00ba Centros de Apoio Operacionais, respectivamente.<\/span><\/p>\n<p style=\"text-align: justify;\"><span style=\"font-size: 14pt;\">\u201cA recomenda\u00e7\u00e3o \u00e9 resultado de um trabalho coletivo da Procuradoria Geral de Justi\u00e7a com diversos promotores de Justi\u00e7a que acompanharam as elei\u00e7\u00f5es neste ano e conhecem a realidade dos munic\u00edpios alagoanos. Com esta medida, esperamos que ocorra uma transi\u00e7\u00e3o pac\u00edfica e sem traumas nas Prefeituras, permitindo aos novos gestores o recebimento de todas as informa\u00e7\u00f5es necess\u00e1rias para evitar problemas na manuten\u00e7\u00e3o dos servi\u00e7os p\u00fablicos e, consequentemente, preju\u00edzos para a popula\u00e7\u00e3o\u201d, disse o procurador-geral de Justi\u00e7a em exerc\u00edcio.<\/span><\/p>\n<p style=\"text-align: justify;\"><span style=\"font-size: 14pt;\">Na formula\u00e7\u00e3o do texto recomendat\u00f3rio, os membros do Minist\u00e9rio P\u00fablico Estadual consideraram o hist\u00f3rico de ocorr\u00eancias de extravios e destrui\u00e7\u00e3o dolosa ou culposa de documenta\u00e7\u00e3o oficial, como arquivos, documentos impressos ou dados informatizados, capazes de comprovar a aplica\u00e7\u00e3o dos recursos p\u00fablicos. \u201cA pr\u00e1tica ocorre com o objetivo de evitar ou embara\u00e7ar a atua\u00e7\u00e3o dos \u00f3rg\u00e3os de controle interno e externo, quando da mudan\u00e7a da gest\u00e3o administrativa municipal\u201d, destacam os promotores de Justi\u00e7a Jos\u00e9 Carlos Castro e Napole\u00e3o Amaral no procedimento.<\/span><\/p>\n<p style=\"text-align: justify;\"><span style=\"font-size: 14pt;\">Para denunciar irregularidades nas Prefeituras do Munic\u00edpios, a popula\u00e7\u00e3o pode acessar o site do Minist\u00e9rio P\u00fablico do Estado de Alagoas e fazer uso da ferramenta\u00a0<a href=\"http:\/\/mpal.mp.br\/index.php?option=com_content&amp;view=article&amp;id=399\">Den\u00fancia Online<\/a>. Para mais informa\u00e7\u00f5es sobre a campanha, a Procuradoria Geral de Justi\u00e7a disponibiliza o telefone (82) 2122-3517.<\/span><\/p>\n<p style=\"text-align: justify;\"><span style=\"font-size: 14pt;\"><strong>Recomenda\u00e7\u00f5es ao prefeito<\/strong><\/span><\/p>\n<p style=\"text-align: justify;\"><span style=\"font-size: 14pt;\">O atual gestor municipal dever\u00e1 designar a forma\u00e7\u00e3o de uma Comiss\u00e3o Mista de Transi\u00e7\u00e3o at\u00e9 45 dias antes da data da posse e transmiss\u00e3o do cargo de prefeito. A forma\u00e7\u00e3o grupo obedecer\u00e1 \u00e0 Resolu\u00e7\u00e3o Normativa n\u00ba 003\/2016 do Tribunal de Contas do Estado de Alagoas (TCE\/AL) e ter\u00e1 como finalidade o fornecimento dos dados administrativos e financeiros do Munic\u00edpio ao novo gestor. Para isso, o prefeito em exerc\u00edcio dever\u00e1 garantir que a comiss\u00e3o tenha acesso a informa\u00e7\u00f5es relativas \u00e0s contas p\u00fablicas, aos programas e aos projetos do Governo Municipal.<\/span><\/p>\n<p style=\"text-align: justify;\"><span style=\"font-size: 14pt;\">Tamb\u00e9m ser\u00e1 papel do atual gestor evitar a contra\u00e7\u00e3o de despesas que n\u00e3o possam ser cumprida integralmente dentro do presente exerc\u00edcio financeiro ou que tenham parcelas a serem pagas no exerc\u00edcio seguinte sem que haja suficiente disponibilidade de caixa para esse efeito.<\/span><\/p>\n<p style=\"text-align: justify;\"><span style=\"font-size: 14pt;\">Ele dever\u00e1 se abster de promover qualquer doa\u00e7\u00e3o de bem p\u00fablico at\u00e9 o fim do mandato e garantir a normalidade na presta\u00e7\u00e3o dos servi\u00e7os p\u00fablicos essenciais no Munic\u00edpio, tais como sa\u00fade, educa\u00e7\u00e3o e limpeza p\u00fablica, inclusive com o pagamento regular dos servidores p\u00fablicos ativos e inativos. Caso o Munic\u00edpio n\u00e3o esteja rigorosamente em dia com as folhas de pagamentos do funcionalismo ele dever\u00e1 se abster de gastar verba p\u00fablica com eventos festivos.<\/span><\/p>\n<p style=\"text-align: justify;\"><span style=\"font-size: 14pt;\">Caber\u00e1 ao prefeito em exerc\u00edcio preservar os dados cont\u00e1beis, procedimentos licitat\u00f3rios, folhas de pagamentos, processos de pagamentos e demais documentos pertinentes ao controle do Munic\u00edpio, realizados na sua gest\u00e3o, impedindo que empresas privadas prestadoras de servi\u00e7o de contabilidade levem informa\u00e7\u00f5es imprescind\u00edveis \u00e0 continuidade administrativa municipal.<\/span><\/p>\n<p style=\"text-align: justify;\"><span style=\"font-size: 14pt;\">O gestor dever\u00e1 manter sob a guarda e manuten\u00e7\u00e3o de servidores p\u00fablicos est\u00e1veis os bens, arquivos, livros cont\u00e1beis, computadores, m\u00eddias, sistemas dados, extratos banc\u00e1rios e documentos p\u00fablicos em seu poder, incluindo-se os procedimentos licitat\u00f3rios e processos de pagamentos, al\u00e9m de apresentar ao \u00f3rg\u00e3o competente a devida presta\u00e7\u00e3o de contas de todos os conv\u00eanios celebrados com os Governos Federal e Estadual, cujo prazo para presta\u00e7\u00e3o de contas, parcial ou final, se encerre at\u00e9 31 de dezembro de 2016.<\/span><\/p>\n<p style=\"text-align: justify;\"><span style=\"font-size: 14pt;\">A Prefeitura Municipal ter\u00e1 10 dias para comunicar \u00e0 Promotoria de Justi\u00e7a de sua Comarca, por escrito, acerca do acatamento ou n\u00e3o da recomenda\u00e7\u00e3o, bem como das provid\u00eancias adotadas.<\/span><\/p>\n<p style=\"text-align: justify;\"><span style=\"font-size: 14pt;\"><strong>Recomenda\u00e7\u00f5es \u00e0 comiss\u00e3o<\/strong><\/span><\/p>\n<p style=\"text-align: justify;\"><span style=\"font-size: 14pt;\">J\u00e1 a comiss\u00e3o mista de transi\u00e7\u00e3o do governo dever\u00e1 adotar todas as provid\u00eancias previstas na resolu\u00e7\u00e3o do TCE\/AL, bem como na cartilha expedida pela Controladoria Geral da Uni\u00e3o referente ao encerramento de mandato dos gestores municipais.<\/span><\/p>\n<p style=\"text-align: justify;\"><span style=\"font-size: 14pt;\">Para isso, o grupo dever\u00e1 realizar o levantamento documental de todos atos e fatos or\u00e7ament\u00e1rios, financeiros, fiscais e patrimoniais do Munic\u00edpio e dos documentos referentes ao encerramento do exerc\u00edcio financeiro, a exemplo dos relat\u00f3rios da Lei de Responsabilidade Fiscal referentes ao exerc\u00edcio de 2016.<\/span><\/p>\n<p style=\"text-align: justify;\"><span style=\"font-size: 14pt;\">A comiss\u00e3o informar\u00e1 ao Minist\u00e9rio P\u00fablico acerca de sua efetiva cria\u00e7\u00e3o, implanta\u00e7\u00e3o, funcionamento e eventuais dificuldades surgidas no decorrer dos trabalhos, mormente no acesso a documentos e dado, al\u00e9m de elaborar relat\u00f3rio conclusivo dos trabalhos realizados, a ser encaminhado ao atual gestor, ao candidato eleito e ao Minist\u00e9rio P\u00fablico, no prazo m\u00e1ximo de at\u00e9 cinco dias antes da posse do novo prefeito.<\/span><\/p>\n<p style=\"text-align: justify;\"><span style=\"font-size: 14pt;\"><strong>Recomenda\u00e7\u00f5es ao candidato eleito<\/strong><\/span><\/p>\n<p style=\"text-align: justify;\"><span style=\"font-size: 14pt;\">Durante a forma\u00e7\u00e3o da equipe de gest\u00e3o, o candidato eleito para o cargo de prefeito, por sua vez, dever\u00e1 observar o conte\u00fado da S\u00famula Vinculante n\u00b0 13 do Supremo Tribunal Federal, bem como da Recomenda\u00e7\u00e3o n\u00ba 001\/08, do procurador-geral de Justi\u00e7a do Estado de Alagoas, no tocante \u00e0 veda\u00e7\u00e3o ao nepotismo no \u00e2mbito da administra\u00e7\u00e3o municipal, sob pena de responsabiliza\u00e7\u00e3o.<\/span><\/p>\n<p style=\"text-align: justify;\"><span style=\"font-size: 14pt;\">O futuro gestor deve comunicar ao Minist\u00e9rio P\u00fablico e ao Tribunal de Contas, com informa\u00e7\u00f5es circunstanciadas e devidamente acompanhadas dos dados administrativos pertinentes, a ocorr\u00eancia de fatos que possam indicar a exist\u00eancia de crimes ou atos de improbidade administrativa, ou outros graves fatos que podem indicar o cometimento de crime ou ato de improbidade administrativa contra o Munic\u00edpio. Caso ele deixe de faz\u00ea-lo, pode ter de responder \u00e0s penalidades da Lei n\u00ba 8.429\/92 tamb\u00e9m por improbidade.<\/span><\/p>\n<p style=\"text-align: justify;\"><span style=\"font-size: 14pt;\">Antes de promover qualquer admiss\u00e3o ou contrata\u00e7\u00e3o de servidores, caber\u00e1 ao novo prefeito observar o limite de despesa com pessoal previsto na Lei de Responsabilidade Fiscal. Se o limite tiver sido ultrapassado, o gestor dever\u00e1 obedecer aos crit\u00e9rios previstos em lei municipal espec\u00edfica e realizar promo\u00e7\u00e3o de processo seletivo simplificado, atendidos os princ\u00edpios constitucionais da impessoalidade, publicidade e moralidade.<\/span><\/p>\n<p style=\"text-align: justify;\"><span style=\"font-size: 14pt;\">O candidato eleito deve ainda verificar a situa\u00e7\u00e3o de todas as a\u00e7\u00f5es judiciais que tramitam a favor e contra o Munic\u00edpio, cabendo ressaltar, a necessidade do cumprimento dos Termos de Ajustamento de Conduta firmados com o Minist\u00e9rio P\u00fablico.<\/span><\/p>\n<p style=\"text-align: justify;\"><span style=\"font-size: 14pt;\">Ele evitar\u00e1, assim, onerar os cofres p\u00fablicos em caso de eventual incid\u00eancia de multa. Por fim, o futuro gestor realizar\u00e1 no cart\u00f3rio local levantamento da exist\u00eancia de doa\u00e7\u00f5es de bens p\u00fablicos e, caso positivo, que sejam analisadas suas regularidades.<\/span><\/p>\n<p style=\"text-align: justify;\"><span style=\"font-size: 14pt;\"><strong>Orienta\u00e7\u00e3o aos promotores<\/strong><\/span><\/p>\n<p style=\"text-align: justify;\"><span style=\"font-size: 14pt;\">Os promotores de Justi\u00e7a do Minist\u00e9rio P\u00fablico do Estado de Alagosa dever\u00e3o priorizar nos pr\u00f3ximos meses a fiscaliza\u00e7\u00e3o das medidas recomendadas pela Procuradoria Geral de Justi\u00e7a aos prefeitos e candidatos eleitos.<\/span><\/p>\n<p style=\"text-align: justify;\"><span style=\"font-size: 14pt;\">Ser\u00e3o os membros do \u00f3rg\u00e3o ministerial que entregar\u00e3o a recomenda\u00e7\u00e3o para as duas partes e que adotar\u00e3o as medidas legais necess\u00e1rias em caso do seu n\u00e3o acatamento ou descumprimento e em situa\u00e7\u00f5es de deliberada interrup\u00e7\u00e3o dos servi\u00e7os p\u00fablicos essenciais \u00e0 popula\u00e7\u00e3o<\/span><\/p>\n<p style=\"text-align: justify;\"><span style=\"font-size: 14pt;\">Eles se dedicar\u00e3o \u00e0s investiga\u00e7\u00f5es de not\u00edcias de irregularidades nas administra\u00e7\u00f5es municipais, em especial na dificuldade no acesso aos dados e documentos destinados \u00e0 transi\u00e7\u00e3o da gest\u00e3o administrativa e de eventuais ocorr\u00eancias de extravios, danos e destrui\u00e7\u00e3o de documentos, dados e bens patrimoniais dos Munic\u00edpios.<\/span><\/p>\n<p style=\"text-align: justify;\"><span style=\"font-size: 14pt;\">As informa\u00e7\u00f5es sobre as medidas adotadas e a situa\u00e7\u00e3o de cada Munic\u00edpio de suas respectivas Comarcas, relativamente ao cumprimento da recomenda\u00e7\u00e3o, devem ser encaminhadas aos Centros de Apoio Operacional do Minist\u00e9rio P\u00fablico. J\u00e1 os resultados da apura\u00e7\u00e3o dos fatos que representem a pr\u00e1tica de crimes por parte de pessoas com prerrogativa de foro dever\u00e3o chegar ao procurador-geral de Justi\u00e7a.<\/span><\/p>\n<p style=\"text-align: justify;\"><span style=\"font-size: 14pt;\"><strong>Prepara\u00e7\u00e3o<\/strong><\/span><\/p>\n<p style=\"text-align: justify;\"><span style=\"font-size: 14pt;\">Na sexta-feira passada, os promotores de Justi\u00e7a Jos\u00e9 Carlos Castro e Napole\u00e3o Amaral promoveram uma prepara\u00e7\u00e3o destinada a membros do Minist\u00e9rio P\u00fablico Estadual com atua\u00e7\u00e3o nos munic\u00edpios, visando o cumprimento da Recomenda\u00e7\u00e3o n\u00ba 001\/2016 da Procuradoria Geral de Justi\u00e7a.<\/span><\/p>\n<p style=\"text-align: justify;\"><span style=\"font-size: 14pt;\">Participaram da reuni\u00e3o os promotores de Justi\u00e7a Elo\u00e1 de Carvalho, Fernanda Moreira, Jorge Bezerra, Jorge D\u00f3ria, Karla Padilha, L\u00eddia Malta, Magno Alexandre Moura, Marcus Mousinho, Marlisson Andrade, Maria Lu\u00edsa Maia, Maur\u00edcio Mannarino, Paulo Roberto Alves, S\u00edlvio Azevedo e Vin\u00edcius Ferreira.<\/span><\/p>\n<p style=\"text-align: justify;\"><span style=\"font-size: 14pt;\">Ontem, Jos\u00e9 Carlos Castro e Karla Padilha receberam o presidente da Associa\u00e7\u00e3o dos Munic\u00edpios Alagoas (AMA), Marcelo Beltr\u00e3o, para discutir o processo de transi\u00e7\u00e3o entre os atuais e futuros gestores municipais, com o prop\u00f3sito de garantir o di\u00e1logo e a transpar\u00eancia, al\u00e9m de evitar demandas judiciais.<\/span><\/p>\n<p style=\"text-align: justify;\"><span style=\"font-size: 14pt;\">Na reuni\u00e3o, ficou acordada a colabora\u00e7\u00e3o m\u00fatua entre MPE\/AL e AMA para que as medidas da Recomenda\u00e7\u00e3o sejam adotadas pelos gestores.<\/span><\/p>\n","protected":false},"excerpt":{"rendered":"<p> [&hellip;]<\/p>\n","protected":false},"author":5,"featured_media":18225,"comment_status":"open","ping_status":"open","sticky":false,"template":"","format":"standard","meta":{"om_disable_all_campaigns":false,"_monsterinsights_skip_tracking":false,"_monsterinsights_sitenote_active":false,"_monsterinsights_sitenote_note":"","_monsterinsights_sitenote_category":0,"_uf_show_specific_survey":0,"_uf_disable_surveys":false,"footnotes":""},"categories":[2],"tags":[],"class_list":["post-18228","post","type-post","status-publish","format-standard","has-post-thumbnail","hentry","category-not_mpal"],"aioseo_notices":[],"_links":{"self":[{"href":"https:\/\/www.mpal.mp.br\/index.php?rest_route=\/wp\/v2\/posts\/18228","targetHints":{"allow":["GET"]}}],"collection":[{"href":"https:\/\/www.mpal.mp.br\/index.php?rest_route=\/wp\/v2\/posts"}],"about":[{"href":"https:\/\/www.mpal.mp.br\/index.php?rest_route=\/wp\/v2\/types\/post"}],"author":[{"embeddable":true,"href":"https:\/\/www.mpal.mp.br\/index.php?rest_route=\/wp\/v2\/users\/5"}],"replies":[{"embeddable":true,"href":"https:\/\/www.mpal.mp.br\/index.php?rest_route=%2Fwp%2Fv2%2Fcomments&post=18228"}],"version-history":[{"count":1,"href":"https:\/\/www.mpal.mp.br\/index.php?rest_route=\/wp\/v2\/posts\/18228\/revisions"}],"predecessor-version":[{"id":18229,"href":"https:\/\/www.mpal.mp.br\/index.php?rest_route=\/wp\/v2\/posts\/18228\/revisions\/18229"}],"wp:featuredmedia":[{"embeddable":true,"href":"https:\/\/www.mpal.mp.br\/index.php?rest_route=\/wp\/v2\/media\/18225"}],"wp:attachment":[{"href":"https:\/\/www.mpal.mp.br\/index.php?rest_route=%2Fwp%2Fv2%2Fmedia&parent=18228"}],"wp:term":[{"taxonomy":"category","embeddable":true,"href":"https:\/\/www.mpal.mp.br\/index.php?rest_route=%2Fwp%2Fv2%2Fcategories&post=18228"},{"taxonomy":"post_tag","embeddable":true,"href":"https:\/\/www.mpal.mp.br\/index.php?rest_route=%2Fwp%2Fv2%2Ftags&post=18228"}],"curies":[{"name":"wp","href":"https:\/\/api.w.org\/{rel}","templated":true}]}}