{"id":18223,"date":"2016-10-20T11:02:37","date_gmt":"2016-10-20T13:02:37","guid":{"rendered":"https:\/\/www.mpal.mp.br\/?p=18223"},"modified":"2022-09-09T11:03:55","modified_gmt":"2022-09-09T14:03:55","slug":"apos-manifestacao-de-usuario-ouvidoria-do-mpe-al-enaltece-atuacao-da-26a-promotoria-de-justica-da-capital-na-area-de-saude","status":"publish","type":"post","link":"https:\/\/www.mpal.mp.br\/?p=18223","title":{"rendered":"Ap\u00f3s manifesta\u00e7\u00e3o de usu\u00e1rio, Ouvidoria do MPE\/AL enaltece atua\u00e7\u00e3o da 26\u00aa Promotoria de Justi\u00e7a da Capital na \u00e1rea de sa\u00fade"},"content":{"rendered":"<div class=\"content-wrapper-1\">\n<div class=\"content-wrapper-2\">\n<div id=\"mainmiddle\">\n<div id=\"mainmiddle-expand\">\n<div id=\"content\">\n<div id=\"content-shift\">\n<div class=\"floatbox\">\n<div class=\"joomla \">\n<div class=\"article\">\n<div id=\"articlepxfontsize1\">\n<p style=\"text-align: justify;\"><span style=\"font-size: 14pt;\">Com media\u00e7\u00e3o da Ouvidoria do Minist\u00e9rio P\u00fablico do Estado de Alagoas (MPE\/AL), a 26\u00aa Promotoria de Justi\u00e7a da Capital pode ajudar a usu\u00e1ria do Sistema \u00danico de Sa\u00fade Helenilda Barbosa a ter acesso a um servi\u00e7o m\u00e9dico em Macei\u00f3. Satisfeita com a atua\u00e7\u00e3o do \u00f3rg\u00e3o ministerial, a paciente formalizou o primeiro elogio j\u00e1 registrado pela Ouvidoria.<\/span><\/p>\n<p style=\"text-align: justify;\"><span style=\"font-size: 14pt;\">\u201cGostaria de agradecer pelo atendimento e efic\u00e1cia de resolver o que est\u00e1 ao alcance da Ouvidoria, que tem for\u00e7a, tem garra, confian\u00e7a, nitidez, clareza. Espero que o servi\u00e7o tenha mais divulga\u00e7\u00e3o e que esteja sempre pronto a atender o p\u00fablico necessitado\u201d, disse Helenilda Barbosa, que tamb\u00e9m enalteceu o trabalho da promotora de Justi\u00e7a Micheline Ten\u00f3rio.<\/span><\/p>\n<p style=\"text-align: justify;\"><span style=\"font-size: 14pt;\">Para o ouvidor-geral do MPE\/AL, procurador de Justi\u00e7a Afr\u00e2nio Roberto Pereira de Queiroz, o retorno da popular \u00e9 gratificante para todos que fazem o \u00f3rg\u00e3o ministerial, em especial, para a Ouvidoria porque mostra o empenho dela na tentativa de resolver os problemas da popula\u00e7\u00e3o. \u201cA rea\u00e7\u00e3o da senhora Helenilda \u00e9 uma demonstra\u00e7\u00e3o de sucesso do trabalho do Minist\u00e9rio P\u00fablico, tal como de seu compromisso de ajudar a sociedade, principalmente os mais carentes\u201d, disse.<\/span><\/p>\n<p style=\"text-align: justify;\"><span style=\"font-size: 14pt;\">Depois que recebeu a demanda da usu\u00e1ria, o ouvidor-geral encaminhou a not\u00edcia de fato para a 26\u00aa Promotoria de Justi\u00e7a da Capital, que entrou em contato com a paciente para atend\u00ea-la e adotar as medidas necess\u00e1rias a fim de solucionar o caso.<\/span><\/p>\n<p style=\"text-align: justify;\"><span style=\"font-size: 14pt;\"><strong>A Ouvidoria<\/strong><\/span><\/p>\n<p style=\"text-align: justify;\"><span style=\"font-size: 14pt;\">A Ouvidoria do Minist\u00e9rio P\u00fablico \u00e9 o \u00f3rg\u00e3o auxiliar do Col\u00e9gio de Procuradores de Justi\u00e7a, que tem por finalidade contribuir para a eleva\u00e7\u00e3o dos padr\u00f5es de transpar\u00eancia, presteza e seguran\u00e7a das atividades dos membros ou \u00f3rg\u00e3os e servi\u00e7os auxiliares da institui\u00e7\u00e3o.<\/span><\/p>\n<p style=\"text-align: justify;\"><span style=\"font-size: 14pt;\">Entre as suas compet\u00eancias, est\u00e3o a de receber, examinar e encaminhar representa\u00e7\u00f5es, reclama\u00e7\u00f5es, aprecia\u00e7\u00f5es, pedidos de informa\u00e7\u00e3o, sugest\u00f5es e elogios sobre as atividades desenvolvidas pelo MPE\/AL.<\/span><\/p>\n<p style=\"text-align: justify;\"><span style=\"font-size: 14pt;\">Caso seja identificado algum ind\u00edcio significativo de ocorr\u00eancia da den\u00fancia, a Ouvidoria poder\u00e1 representar ao \u00f3rg\u00e3os da Administra\u00e7\u00e3o Superior do Minist\u00e9rio P\u00fablico ou diretamente ao Conselho Nacional do Minist\u00e9rio P\u00fablico (CNMP), nas hip\u00f3teses legais, para que adotem as provid\u00eancias cab\u00edveis.<\/span><\/p>\n<\/div>\n<\/div>\n<\/div>\n<\/div>\n<\/div>\n<\/div>\n<\/div>\n<\/div>\n<\/div>\n<\/div>\n<div class=\"content-wrapper-b1\">\n<div class=\"content-wrapper-b2\" style=\"text-align: justify;\"><\/div>\n<\/div>\n","protected":false},"excerpt":{"rendered":"<p> [&hellip;]<\/p>\n","protected":false},"author":5,"featured_media":18226,"comment_status":"open","ping_status":"open","sticky":false,"template":"","format":"standard","meta":{"om_disable_all_campaigns":false,"_monsterinsights_skip_tracking":false,"_monsterinsights_sitenote_active":false,"_monsterinsights_sitenote_note":"","_monsterinsights_sitenote_category":0,"_uf_show_specific_survey":0,"_uf_disable_surveys":false,"footnotes":""},"categories":[2],"tags":[],"class_list":["post-18223","post","type-post","status-publish","format-standard","has-post-thumbnail","hentry","category-not_mpal"],"aioseo_notices":[],"_links":{"self":[{"href":"https:\/\/www.mpal.mp.br\/index.php?rest_route=\/wp\/v2\/posts\/18223","targetHints":{"allow":["GET"]}}],"collection":[{"href":"https:\/\/www.mpal.mp.br\/index.php?rest_route=\/wp\/v2\/posts"}],"about":[{"href":"https:\/\/www.mpal.mp.br\/index.php?rest_route=\/wp\/v2\/types\/post"}],"author":[{"embeddable":true,"href":"https:\/\/www.mpal.mp.br\/index.php?rest_route=\/wp\/v2\/users\/5"}],"replies":[{"embeddable":true,"href":"https:\/\/www.mpal.mp.br\/index.php?rest_route=%2Fwp%2Fv2%2Fcomments&post=18223"}],"version-history":[{"count":1,"href":"https:\/\/www.mpal.mp.br\/index.php?rest_route=\/wp\/v2\/posts\/18223\/revisions"}],"predecessor-version":[{"id":18227,"href":"https:\/\/www.mpal.mp.br\/index.php?rest_route=\/wp\/v2\/posts\/18223\/revisions\/18227"}],"wp:featuredmedia":[{"embeddable":true,"href":"https:\/\/www.mpal.mp.br\/index.php?rest_route=\/wp\/v2\/media\/18226"}],"wp:attachment":[{"href":"https:\/\/www.mpal.mp.br\/index.php?rest_route=%2Fwp%2Fv2%2Fmedia&parent=18223"}],"wp:term":[{"taxonomy":"category","embeddable":true,"href":"https:\/\/www.mpal.mp.br\/index.php?rest_route=%2Fwp%2Fv2%2Fcategories&post=18223"},{"taxonomy":"post_tag","embeddable":true,"href":"https:\/\/www.mpal.mp.br\/index.php?rest_route=%2Fwp%2Fv2%2Ftags&post=18223"}],"curies":[{"name":"wp","href":"https:\/\/api.w.org\/{rel}","templated":true}]}}