{"id":18216,"date":"2016-10-21T11:00:47","date_gmt":"2016-10-21T13:00:47","guid":{"rendered":"https:\/\/www.mpal.mp.br\/?p=18216"},"modified":"2022-09-09T11:01:30","modified_gmt":"2022-09-09T14:01:30","slug":"transicao-legal-promotor-de-justica-participa-de-encontro-da-ama-sobre-mudanca-de-gestao-nos-municipios","status":"publish","type":"post","link":"https:\/\/www.mpal.mp.br\/?p=18216","title":{"rendered":"Transi\u00e7\u00e3o Legal: promotor de Justi\u00e7a participa de encontro da AMA sobre mudan\u00e7a de gest\u00e3o nos munic\u00edpios"},"content":{"rendered":"<p style=\"text-align: justify;\"><span style=\"font-size: 14pt;\">Um dos respons\u00e1veis pela campanha Transi\u00e7\u00e3o Legal, o coordenador do N\u00facleo de Defesa do Minist\u00e9rio P\u00fablico do Estado de Alagoas (MPE\/AL) e do F\u00f3rum Permanente de Combate \u00e0 Corrup\u00e7\u00e3o de Alagoas (Focco\/AL), promotor de Justi\u00e7a Jos\u00e9 Carlos Castro, esteve presente, na segunda-feira (24), no evento da Associa\u00e7\u00e3o dos Munic\u00edpios Alagoanos (AMA) e \u00f3rg\u00e3os de controle que discutiu a mudan\u00e7a de gestores municipais. O evento reuniu prefeitos atuais e candidatos eleitos no sal\u00e3o Jacarecica do Hotel Jati\u00faca<\/span><\/p>\n<p style=\"text-align: justify;\"><span style=\"font-size: 14pt;\">Durante a manh\u00e3, a partir das 9h30, os gestores atuais souberam quais recomenda\u00e7\u00f5es para a instala\u00e7\u00e3o de uma comiss\u00e3o de transi\u00e7\u00e3o. \u00c9 essa equipe que ser\u00e1 respons\u00e1vel pela guarda de documentos fiscais e banc\u00e1rios, al\u00e9m de garantir a continuidade dos servi\u00e7os prestados pelo munic\u00edpio.<\/span><\/p>\n<p style=\"text-align: justify;\"><span style=\"font-size: 14pt;\">J\u00e1 a tarde, \u00e0s 14h30, os prefeitos eleitos, que devem assumir em janeiro de 2017, tiveram informa\u00e7\u00f5es importantes sobre a comiss\u00e3o e as especificidades sobre a Lei de Responsabilidade Fiscal. Al\u00e9m do prefeito eleito, participaram do evento advogados e futuros secret\u00e1rios de finan\u00e7as, administra\u00e7\u00e3o e controle externo.<\/span><\/p>\n<p style=\"text-align: justify;\"><span style=\"font-size: 14pt;\">Al\u00e9m do representante do Minist\u00e9rio P\u00fablico Estadual, estiveram presentes o presidente do Tribunal de Contas do Estado de Alagoas, Ot\u00e1vio Lessa; o controlador-geral da Uni\u00e3o em Alagoas, Jos\u00e9 William Gomes da Silva, e o auditor S\u00e9rgio Studart; pelo Tribunal de Contas da Uni\u00e3o, o secret\u00e1rio de Controle Externo, Claudivan da Silva Costa, e pelo Minist\u00e9rio P\u00fablico de Contas, o procurador Gustavo Henrique Albuquerque Santos.<\/span><\/p>\n<p style=\"text-align: justify;\"><span style=\"font-size: 14pt;\">O presidente da AMA, prefeito Marcelo Beltr\u00e3o, diz que a comiss\u00e3o \u00e9 importante para assegurar o equil\u00edbrio na gest\u00e3o entre o atual prefeito e seu sucessor. Os promotores Jos\u00e9 Carlos Castro e Karla Padilha classificaram a iniciativa da Associa\u00e7\u00e3o como uma quebra de paradigmas, uma vez que, ao estimular a transpar\u00eancia demostra o cuidado em promover a efici\u00eancia na gest\u00e3o p\u00fablica.<\/span><\/p>\n<p style=\"text-align: justify;\"><span style=\"font-size: 14pt;\">O objetivo do encontro era \u00a0garantir a continuidade dos servi\u00e7os p\u00fablicos dos munic\u00edpios, bem como a probidade administrativa na mudan\u00e7a de gest\u00e3o, de acordo com as recomenda\u00e7\u00f5es j\u00e1 publicadas pelo MPE\/AL e TC\/AL, para a ado\u00e7\u00e3o de medidas para instaura\u00e7\u00e3o e funcionamento da comiss\u00e3o de transi\u00e7\u00e3o em cumprimento das normas de responsabilidade fiscal, transpar\u00eancia e moralidade administrativa.<\/span><\/p>\n<p style=\"text-align: justify;\"><span style=\"font-size: 14pt;\"><strong>Transi\u00e7\u00e3o Legal<\/strong><\/span><\/p>\n<p style=\"text-align: justify;\"><span style=\"font-size: 14pt;\">O Minist\u00e9rio P\u00fablico do Estado de Alagoas lan\u00e7ou, na ter\u00e7a-feira, a campanha \u201cTransi\u00e7\u00e3o Legal\u201d. A iniciativa tem como base a Recomenda\u00e7\u00e3o n\u00ba 001\/2016 da Procuradoria Geral de Justi\u00e7a e serve de convite para os alagoanos denunciarem irregularidades nas prefeituras municipais.<\/span><\/p>\n<p style=\"text-align: justify;\"><span style=\"font-size: 14pt;\">O \u00f3rg\u00e3o ministerial recomenda aos atuais e futuros ocupantes do cargo de prefeito dos Munic\u00edpios a ado\u00e7\u00e3o de medidas para instaura\u00e7\u00e3o e funcionamento da comiss\u00e3o de transi\u00e7\u00e3o. O procedimento tamb\u00e9m orienta os promotores de Justi\u00e7a para fiscaliza\u00e7\u00e3o do efetivo cumprimento das normas de responsabilidade fiscal, transpar\u00eancia e moralidade administrativa, no que se refere \u00e0s transi\u00e7\u00f5es de gest\u00f5es municipais.<\/span><\/p>\n<p style=\"text-align: justify;\"><span style=\"font-size: 14pt;\">A recomenda\u00e7\u00e3o \u00e9 assinada pelo procurador-geral de Justi\u00e7a em exerc\u00edcio, Walber Jos\u00e9 Valente de Lima, e pelos promotores de Justi\u00e7a Jos\u00e9 Carlos Castro e Napole\u00e3o Amaral Franco, que s\u00e3o coordenadores do N\u00facleo de Defesa do Patrim\u00f4nio P\u00fablico do MPE\/AL nos 1\u00ba e 2\u00ba Centros de Apoio Operacionais, respectivamente.<\/span><\/p>\n<p style=\"text-align: justify;\"><span style=\"font-size: 14pt;\">\u201cA recomenda\u00e7\u00e3o \u00e9 resultado de um trabalho coletivo da Procuradoria Geral de Justi\u00e7a com diversos promotores de Justi\u00e7a que acompanharam as elei\u00e7\u00f5es neste ano e conhecem a realidade dos munic\u00edpios alagoanos. Com esta medida, esperamos que ocorra uma transi\u00e7\u00e3o pac\u00edfica e sem traumas nas Prefeituras, permitindo aos novos gestores o recebimento de todas as informa\u00e7\u00f5es necess\u00e1rias para evitar problemas na manuten\u00e7\u00e3o dos servi\u00e7os p\u00fablicos e, consequentemente, preju\u00edzos para a popula\u00e7\u00e3o\u201d, disse o procurador-geral de Justi\u00e7a em exerc\u00edcio.<\/span><\/p>\n<p style=\"text-align: justify;\"><span style=\"font-size: 14pt;\">Na formula\u00e7\u00e3o do texto recomendat\u00f3rio, os membros do Minist\u00e9rio P\u00fablico Estadual consideraram o hist\u00f3rico de ocorr\u00eancias de extravios e destrui\u00e7\u00e3o dolosa ou culposa de documenta\u00e7\u00e3o oficial, como arquivos, documentos impressos ou dados informatizados, capazes de comprovar a aplica\u00e7\u00e3o dos recursos p\u00fablicos. \u201cA pr\u00e1tica ocorre com o objetivo de evitar ou embara\u00e7ar a atua\u00e7\u00e3o dos \u00f3rg\u00e3os de controle interno e externo, quando da mudan\u00e7a da gest\u00e3o administrativa municipal\u201d, destacam os promotores de Justi\u00e7a Jos\u00e9 Carlos Castro e Napole\u00e3o Amaral no procedimento.<\/span><\/p>\n<p style=\"text-align: justify;\"><span style=\"font-size: 14pt;\">Para denunciar irregularidades nas Prefeituras do Munic\u00edpios, a popula\u00e7\u00e3o pode acessar o site do Minist\u00e9rio P\u00fablico do Estado de Alagoas e fazer uso da ferramenta\u00a0<a href=\"http:\/\/mpal.mp.br\/index.php?option=com_content&amp;view=article&amp;id=399\">Den\u00fancia Online<\/a>. Para mais informa\u00e7\u00f5es sobre a campanha, a Procuradoria Geral de Justi\u00e7a disponibiliza o telefone (82) 2122-3517.<\/span><\/p>\n<p style=\"text-align: justify;\"><span style=\"font-size: 14pt;\"><em>Com informa\u00e7\u00f5es da Ascom\/AMA<\/em><\/span><\/p>\n","protected":false},"excerpt":{"rendered":"<p> [&hellip;]<\/p>\n","protected":false},"author":5,"featured_media":18217,"comment_status":"open","ping_status":"open","sticky":false,"template":"","format":"standard","meta":{"om_disable_all_campaigns":false,"_monsterinsights_skip_tracking":false,"_monsterinsights_sitenote_active":false,"_monsterinsights_sitenote_note":"","_monsterinsights_sitenote_category":0,"_uf_show_specific_survey":0,"_uf_disable_surveys":false,"footnotes":""},"categories":[2],"tags":[],"class_list":["post-18216","post","type-post","status-publish","format-standard","has-post-thumbnail","hentry","category-not_mpal"],"aioseo_notices":[],"_links":{"self":[{"href":"https:\/\/www.mpal.mp.br\/index.php?rest_route=\/wp\/v2\/posts\/18216","targetHints":{"allow":["GET"]}}],"collection":[{"href":"https:\/\/www.mpal.mp.br\/index.php?rest_route=\/wp\/v2\/posts"}],"about":[{"href":"https:\/\/www.mpal.mp.br\/index.php?rest_route=\/wp\/v2\/types\/post"}],"author":[{"embeddable":true,"href":"https:\/\/www.mpal.mp.br\/index.php?rest_route=\/wp\/v2\/users\/5"}],"replies":[{"embeddable":true,"href":"https:\/\/www.mpal.mp.br\/index.php?rest_route=%2Fwp%2Fv2%2Fcomments&post=18216"}],"version-history":[{"count":1,"href":"https:\/\/www.mpal.mp.br\/index.php?rest_route=\/wp\/v2\/posts\/18216\/revisions"}],"predecessor-version":[{"id":18218,"href":"https:\/\/www.mpal.mp.br\/index.php?rest_route=\/wp\/v2\/posts\/18216\/revisions\/18218"}],"wp:featuredmedia":[{"embeddable":true,"href":"https:\/\/www.mpal.mp.br\/index.php?rest_route=\/wp\/v2\/media\/18217"}],"wp:attachment":[{"href":"https:\/\/www.mpal.mp.br\/index.php?rest_route=%2Fwp%2Fv2%2Fmedia&parent=18216"}],"wp:term":[{"taxonomy":"category","embeddable":true,"href":"https:\/\/www.mpal.mp.br\/index.php?rest_route=%2Fwp%2Fv2%2Fcategories&post=18216"},{"taxonomy":"post_tag","embeddable":true,"href":"https:\/\/www.mpal.mp.br\/index.php?rest_route=%2Fwp%2Fv2%2Ftags&post=18216"}],"curies":[{"name":"wp","href":"https:\/\/api.w.org\/{rel}","templated":true}]}}