{"id":18211,"date":"2016-10-25T10:59:42","date_gmt":"2016-10-25T12:59:42","guid":{"rendered":"https:\/\/www.mpal.mp.br\/?p=18211"},"modified":"2022-09-09T11:00:37","modified_gmt":"2022-09-09T14:00:37","slug":"transicao-legal-promotoria-de-justica-de-sao-miguel-dos-campos-recomenda-medidas-a-candidato-eleito","status":"publish","type":"post","link":"https:\/\/www.mpal.mp.br\/?p=18211","title":{"rendered":"Transi\u00e7\u00e3o Legal: Promotoria de Justi\u00e7a de S\u00e3o Miguel dos Campos recomenda medidas a candidato eleito"},"content":{"rendered":"<p style=\"text-align: justify;\"><span style=\"font-size: 14pt;\">Como desdobramento da campanha \u201cTransi\u00e7\u00e3o Legal\u201d do Minist\u00e9rio P\u00fablico do Estado de Alagoas (MPE\/AL), a 2\u00aa Promotoria de Justi\u00e7a de S\u00e3o Miguel recomendou, nesta ter\u00e7a-feira (25), uma s\u00e9rie de medidas para o candidato eleito do Munic\u00edpio, Pedro Ricardo Alves Jatob\u00e1, que tamb\u00e9m ocupa o cargo de vice-prefeito. Elas se referem \u00e0 instaura\u00e7\u00e3o e funcionamento da comiss\u00e3o de transi\u00e7\u00e3o para a mudan\u00e7a de gest\u00e3o. Amanh\u00e3 ser\u00e1 a vez do \u00f3rg\u00e3o ministerial se reunir com o chefe do Executivo Municipal.<\/span><\/p>\n<p style=\"text-align: justify;\"><span style=\"font-size: 14pt;\">A Promotoria de Justi\u00e7a orientou ao futuro gestor a observar a S\u00famula Vinculante n\u00ba 13 do Supremo Tribunal Federal, bem como a Recomenda\u00e7\u00e3o n\u00ba 001\/2016 da Procuradoria Geral de Justi\u00e7a, no tocante \u00e0 veda\u00e7\u00e3o ao nepotismo no \u00e2mbito da administra\u00e7\u00e3o municipal. Para evitar o risco de responsabiliza\u00e7\u00e3o, o gestor deve recolher declara\u00e7\u00e3o assinada por cada um dos futuros cargos em comiss\u00e3o ou fun\u00e7\u00f5es de acerca da exist\u00eancia ou n\u00e3o de parentesco at\u00e9 o terceiro grau com prefeito, vice-prefeito, secret\u00e1rios municipais, dirigentes dos entes da administra\u00e7\u00e3o indireta, presidente da C\u00e2mara e vereadores.<\/span><\/p>\n<p style=\"text-align: justify;\"><span style=\"font-size: 14pt;\">Pedro Ricardo deve comunicar ao Minist\u00e9rio P\u00fablico e ao Tribunal de Contas Estaduais a ocorr\u00eancia de fatos que indiquem a exist\u00eancia de crimes ou atos de improbidade administrativa, com informa\u00e7\u00f5es circunstanciadas e acompanhadas dos dados administrativos pertinentes. Caso deixe de comunicar, o pr\u00f3prio candidato eleito pode ser alvo de a\u00e7\u00e3o por ato de improbidade.<\/span><\/p>\n<p style=\"text-align: justify;\"><span style=\"font-size: 14pt;\">\u201cO futuro prefeito deve observar tamb\u00e9m o limite de despesa com pessoal na Lei de Responsabilidade Fiscal antes de promover qualquer admiss\u00e3o ou contrata\u00e7\u00e3o de servidores. Para contrata\u00e7\u00e3o, \u00e9 necess\u00e1rio observar os crit\u00e9rios previstos em lei municipal espec\u00edfica e a promo\u00e7\u00e3o de processo seletivo simplificado, atendidos os princ\u00edpios constitucionais da impessoalidade, publicidade e moralidade\u201d, explica a promotora de Justi\u00e7a Stella Val\u00e9ria Soares de Farias Cavalcanti, acompanhada pelo promotor de Justi\u00e7a Hermann Brito.<\/span><\/p>\n<p style=\"text-align: justify;\"><span style=\"font-size: 14pt;\">A titular da 2\u00aa Promotoria de Justi\u00e7a de S\u00e3o Miguel dos Campos ainda recomendou que o candidato eleito verifique a situa\u00e7\u00e3o de todas as a\u00e7\u00f5es judiciais que tramitam a favor e contra o Munic\u00edpio, bem como a manuten\u00e7\u00e3o do compromisso da gest\u00e3o municipal com os termos de ajustamento de conduta firmados com o MPE\/AL. Dessa forma, o futuro prefeito deixaria de onerar os cofres p\u00fablicos em caso de eventual incid\u00eancia de multa.<\/span><\/p>\n<p style=\"text-align: justify;\"><span style=\"font-size: 14pt;\"><strong>Transi\u00e7\u00e3o Legal<\/strong><\/span><\/p>\n<p style=\"text-align: justify;\"><span style=\"font-size: 14pt;\">O Minist\u00e9rio P\u00fablico do Estado de Alagoas lan\u00e7ou a campanha \u201cTransi\u00e7\u00e3o Legal\u201d. A iniciativa tem como base a Recomenda\u00e7\u00e3o n\u00ba 001\/2016 da Procuradoria Geral de Justi\u00e7a e serve de convite para os alagoanos denunciarem irregularidades nas prefeituras municipais.<\/span><\/p>\n<p style=\"text-align: justify;\"><span style=\"font-size: 14pt;\">O \u00f3rg\u00e3o ministerial recomenda aos atuais e futuros ocupantes do cargo de prefeito dos Munic\u00edpios a ado\u00e7\u00e3o de medidas para instaura\u00e7\u00e3o e funcionamento da comiss\u00e3o de transi\u00e7\u00e3o. O procedimento tamb\u00e9m orienta os promotores de Justi\u00e7a para fiscaliza\u00e7\u00e3o do efetivo cumprimento das normas de responsabilidade fiscal, transpar\u00eancia e moralidade administrativa, no que se refere \u00e0s transi\u00e7\u00f5es de gest\u00f5es municipais.<\/span><\/p>\n<p style=\"text-align: justify;\"><span style=\"font-size: 14pt;\">A recomenda\u00e7\u00e3o \u00e9 assinada pelo ent\u00e3o procurador-geral de Justi\u00e7a em exerc\u00edcio, Walber Jos\u00e9 Valente de Lima, e pelos promotores de Justi\u00e7a Jos\u00e9 Carlos Castro e Napole\u00e3o Amaral Franco, que s\u00e3o coordenadores do N\u00facleo de Defesa do Patrim\u00f4nio P\u00fablico do MPE\/AL nos 1\u00ba e 2\u00ba Centros de Apoio Operacionais, respectivamente.<\/span><\/p>\n<p style=\"text-align: justify;\"><span style=\"font-size: 14pt;\">\u201cA recomenda\u00e7\u00e3o \u00e9 resultado de um trabalho coletivo da Procuradoria Geral de Justi\u00e7a com diversos promotores de Justi\u00e7a que acompanharam as elei\u00e7\u00f5es neste ano e conhecem a realidade dos munic\u00edpios alagoanos. Com esta medida, esperamos que ocorra uma transi\u00e7\u00e3o pac\u00edfica e sem traumas nas Prefeituras, permitindo aos novos gestores o recebimento de todas as informa\u00e7\u00f5es necess\u00e1rias para evitar problemas na manuten\u00e7\u00e3o dos servi\u00e7os p\u00fablicos e, consequentemente, preju\u00edzos para a popula\u00e7\u00e3o\u201d, disse Walber Valente.<\/span><\/p>\n<p style=\"text-align: justify;\"><span style=\"font-size: 14pt;\">Na formula\u00e7\u00e3o do texto recomendat\u00f3rio, os membros do Minist\u00e9rio P\u00fablico Estadual consideraram o hist\u00f3rico de ocorr\u00eancias de extravios e destrui\u00e7\u00e3o dolosa ou culposa de documenta\u00e7\u00e3o oficial, como arquivos, documentos impressos ou dados informatizados, capazes de comprovar a aplica\u00e7\u00e3o dos recursos p\u00fablicos. \u201cA pr\u00e1tica ocorre com o objetivo de evitar ou embara\u00e7ar a atua\u00e7\u00e3o dos \u00f3rg\u00e3os de controle interno e externo, quando da mudan\u00e7a da gest\u00e3o administrativa municipal\u201d, destacam os promotores de Justi\u00e7a Jos\u00e9 Carlos Castro e Napole\u00e3o Amaral no procedimento.<\/span><\/p>\n<p style=\"text-align: justify;\"><span style=\"font-size: 14pt;\">Para denunciar irregularidades nas Prefeituras do Munic\u00edpios, a popula\u00e7\u00e3o pode acessar o site do Minist\u00e9rio P\u00fablico do Estado de Alagoas e fazer uso da ferramenta\u00a0<a href=\"https:\/\/farol.mpal.mp.br\/index.php?option=com_content&amp;view=article&amp;id=399&amp;Itemid=6\">Den\u00fancia Online<\/a>. Para mais informa\u00e7\u00f5es sobre a campanha, a Procuradoria Geral de Justi\u00e7a disponibiliza o telefone (82) 2122-3517.<\/span><\/p>\n","protected":false},"excerpt":{"rendered":"<p> [&hellip;]<\/p>\n","protected":false},"author":5,"featured_media":18214,"comment_status":"open","ping_status":"open","sticky":false,"template":"","format":"standard","meta":{"om_disable_all_campaigns":false,"_monsterinsights_skip_tracking":false,"_monsterinsights_sitenote_active":false,"_monsterinsights_sitenote_note":"","_monsterinsights_sitenote_category":0,"_uf_show_specific_survey":0,"_uf_disable_surveys":false,"footnotes":""},"categories":[2],"tags":[],"class_list":["post-18211","post","type-post","status-publish","format-standard","has-post-thumbnail","hentry","category-not_mpal"],"aioseo_notices":[],"_links":{"self":[{"href":"https:\/\/www.mpal.mp.br\/index.php?rest_route=\/wp\/v2\/posts\/18211","targetHints":{"allow":["GET"]}}],"collection":[{"href":"https:\/\/www.mpal.mp.br\/index.php?rest_route=\/wp\/v2\/posts"}],"about":[{"href":"https:\/\/www.mpal.mp.br\/index.php?rest_route=\/wp\/v2\/types\/post"}],"author":[{"embeddable":true,"href":"https:\/\/www.mpal.mp.br\/index.php?rest_route=\/wp\/v2\/users\/5"}],"replies":[{"embeddable":true,"href":"https:\/\/www.mpal.mp.br\/index.php?rest_route=%2Fwp%2Fv2%2Fcomments&post=18211"}],"version-history":[{"count":1,"href":"https:\/\/www.mpal.mp.br\/index.php?rest_route=\/wp\/v2\/posts\/18211\/revisions"}],"predecessor-version":[{"id":18215,"href":"https:\/\/www.mpal.mp.br\/index.php?rest_route=\/wp\/v2\/posts\/18211\/revisions\/18215"}],"wp:featuredmedia":[{"embeddable":true,"href":"https:\/\/www.mpal.mp.br\/index.php?rest_route=\/wp\/v2\/media\/18214"}],"wp:attachment":[{"href":"https:\/\/www.mpal.mp.br\/index.php?rest_route=%2Fwp%2Fv2%2Fmedia&parent=18211"}],"wp:term":[{"taxonomy":"category","embeddable":true,"href":"https:\/\/www.mpal.mp.br\/index.php?rest_route=%2Fwp%2Fv2%2Fcategories&post=18211"},{"taxonomy":"post_tag","embeddable":true,"href":"https:\/\/www.mpal.mp.br\/index.php?rest_route=%2Fwp%2Fv2%2Ftags&post=18211"}],"curies":[{"name":"wp","href":"https:\/\/api.w.org\/{rel}","templated":true}]}}