{"id":18208,"date":"2016-10-26T10:57:49","date_gmt":"2016-10-26T12:57:49","guid":{"rendered":"https:\/\/www.mpal.mp.br\/?p=18208"},"modified":"2022-09-09T10:59:07","modified_gmt":"2022-09-09T13:59:07","slug":"em-lancamento-de-editora-membros-do-ministerio-publico-estadual-apresentam-titulos-recem-editados","status":"publish","type":"post","link":"https:\/\/www.mpal.mp.br\/?p=18208","title":{"rendered":"Em lan\u00e7amento de editora, membros do Minist\u00e9rio P\u00fablico Estadual apresentam t\u00edtulos rec\u00e9m-editados"},"content":{"rendered":"<p style=\"text-align: justify;\"><span style=\"font-size: 14pt;\">Tr\u00eas membros do Minist\u00e9rio P\u00fablico do Estado de Alagoas participaram, na quinta-feira (27), do lan\u00e7amento da Editora Cesmac, no Audit\u00f3rio Jo\u00e3o Sampaio, Campus I do Centro Universit\u00e1rio, a partir das 10h. Houve sess\u00e3o coletiva de aut\u00f3grafos durante o evento.<\/span><\/p>\n<p style=\"text-align: justify;\"><span style=\"font-size: 14pt;\">Na ocasi\u00e3o, os procuradores de Justi\u00e7a Lean Ant\u00f4nio Ferreira de Ara\u00fajo e Afr\u00e2nio Roberto Pereira de Queiroz e a promotora de Justi\u00e7a Failde Soares Ferreira de Mendon\u00e7a apresentaram \u00e0 comunidade acad\u00eamica suas mais recentes obras editadas.<\/span><\/p>\n<p style=\"text-align: justify;\"><span style=\"font-size: 14pt;\">Os dois membros da Administra\u00e7\u00e3o Superior respondem pelos livros &#8220;A Responsabilidade Fiscal e a Efetiva\u00e7\u00e3o da Pol\u00edtica P\u00fablica de Educa\u00e7\u00e3o sob a \u00d3tica do Poder Judici\u00e1rio&#8221; e &#8220;Pol\u00edticas P\u00fablicas de Educa\u00e7\u00e3o Inclusiva: uma contribui\u00e7\u00e3o para sua compreens\u00e3o \u00e0 luz da legisla\u00e7\u00e3o brasileira&#8221;, respectivamente.<\/span><\/p>\n<p style=\"text-align: justify;\"><span style=\"font-size: 14pt;\">No t\u00edtulo, Lean Ara\u00fajo traz uma reflex\u00e3o sobre a judicializa\u00e7\u00e3o das pol\u00edticas p\u00fablicas de educa\u00e7\u00e3o b\u00e1sica no Supremo Tribunal Federal e Superior Trabalho de Justi\u00e7a, devido ao cumprimento da Lei de Responsabilidade Fiscal. Segundo o procurador de Justi\u00e7a, em muitos entes federativos, n\u00e3o h\u00e1 oferta do servi\u00e7o ou, quando h\u00e1, ocorre num cen\u00e1rio inadequado.<\/span><\/p>\n<p style=\"text-align: justify;\"><span style=\"font-size: 14pt;\">\u201cPara o estudo, usamos como tema central a reserva do poss\u00edvel. Como qualquer a\u00e7\u00e3o p\u00fablica resulta da compatibilidade entre receita e despesa do ente federativo, o gestor deve definir quais pol\u00edticas p\u00fablicas s\u00e3o as mais importantes, que certamente \u00e9 o caso da oferta da educa\u00e7\u00e3o b\u00e1sica. A pr\u00f3pria Constitui\u00e7\u00e3o Federal, em seu texto, prioriza a educa\u00e7\u00e3o, que deve ganhar uma maior efetividade no pa\u00eds\u201d, explica.<\/span><\/p>\n<p style=\"text-align: justify;\"><span style=\"font-size: 14pt;\"><strong>Funda\u00e7\u00f5es privadas<\/strong><\/span><\/p>\n<p style=\"text-align: justify;\"><span style=\"font-size: 14pt;\">Titular da 24\u00aa Promotoria de Justi\u00e7a da Capital, Failde Mendon\u00e7a \u00e9 autora do t\u00edtulo \u201c&#8221;A Expans\u00e3o do Ensino Superior e a Contribui\u00e7\u00e3o das Funda\u00e7\u00f5es Privadas: um olhar do Minist\u00e9rio P\u00fablico Estadual&#8221;. O livro \u00e9 resultado da disserta\u00e7\u00e3o de mestrado que constatou o papel das funda\u00e7\u00f5es na evolu\u00e7\u00e3o da forma\u00e7\u00e3o de profissionais em Alagoas.<\/span><\/p>\n<p style=\"text-align: justify;\"><span style=\"font-size: 14pt;\">\u201cPara minha surpresa, o ensino superior foi implantado originalmente pela sociedade civil, a exemplo de associa\u00e7\u00f5es de advogados e m\u00e9dicos, que consolidaram uma estrutura e cultura favor\u00e1vel \u00e0 \u00e1rea acad\u00eamica. Quando o ensino p\u00fablico surgiu, a universidade federal reuniu as iniciativas anteriores num \u00fanico espa\u00e7o\u201d, diz.<\/span><\/p>\n<p style=\"text-align: justify;\"><span style=\"font-size: 14pt;\">Segundo a promotora de Justi\u00e7a, o estudo mostrou a pertin\u00eancia da Promotoria de Justi\u00e7a de Funda\u00e7\u00f5es, no acompanhamento dessas entidades do terceiro setor, principalmente porque elas atuam n\u00e3o s\u00f3 na \u00e1rea de educa\u00e7\u00e3o, como tamb\u00e9m na \u00e1rea de assist\u00eancia social, sa\u00fade, entre outras.<\/span><\/p>\n","protected":false},"excerpt":{"rendered":"<p> [&hellip;]<\/p>\n","protected":false},"author":5,"featured_media":18209,"comment_status":"open","ping_status":"open","sticky":false,"template":"","format":"standard","meta":{"om_disable_all_campaigns":false,"_monsterinsights_skip_tracking":false,"_monsterinsights_sitenote_active":false,"_monsterinsights_sitenote_note":"","_monsterinsights_sitenote_category":0,"_uf_show_specific_survey":0,"_uf_disable_surveys":false,"footnotes":""},"categories":[2],"tags":[],"class_list":["post-18208","post","type-post","status-publish","format-standard","has-post-thumbnail","hentry","category-not_mpal"],"aioseo_notices":[],"_links":{"self":[{"href":"https:\/\/www.mpal.mp.br\/index.php?rest_route=\/wp\/v2\/posts\/18208","targetHints":{"allow":["GET"]}}],"collection":[{"href":"https:\/\/www.mpal.mp.br\/index.php?rest_route=\/wp\/v2\/posts"}],"about":[{"href":"https:\/\/www.mpal.mp.br\/index.php?rest_route=\/wp\/v2\/types\/post"}],"author":[{"embeddable":true,"href":"https:\/\/www.mpal.mp.br\/index.php?rest_route=\/wp\/v2\/users\/5"}],"replies":[{"embeddable":true,"href":"https:\/\/www.mpal.mp.br\/index.php?rest_route=%2Fwp%2Fv2%2Fcomments&post=18208"}],"version-history":[{"count":1,"href":"https:\/\/www.mpal.mp.br\/index.php?rest_route=\/wp\/v2\/posts\/18208\/revisions"}],"predecessor-version":[{"id":18210,"href":"https:\/\/www.mpal.mp.br\/index.php?rest_route=\/wp\/v2\/posts\/18208\/revisions\/18210"}],"wp:featuredmedia":[{"embeddable":true,"href":"https:\/\/www.mpal.mp.br\/index.php?rest_route=\/wp\/v2\/media\/18209"}],"wp:attachment":[{"href":"https:\/\/www.mpal.mp.br\/index.php?rest_route=%2Fwp%2Fv2%2Fmedia&parent=18208"}],"wp:term":[{"taxonomy":"category","embeddable":true,"href":"https:\/\/www.mpal.mp.br\/index.php?rest_route=%2Fwp%2Fv2%2Fcategories&post=18208"},{"taxonomy":"post_tag","embeddable":true,"href":"https:\/\/www.mpal.mp.br\/index.php?rest_route=%2Fwp%2Fv2%2Ftags&post=18208"}],"curies":[{"name":"wp","href":"https:\/\/api.w.org\/{rel}","templated":true}]}}