{"id":18106,"date":"2022-08-30T10:23:26","date_gmt":"2022-08-30T13:23:26","guid":{"rendered":"https:\/\/www.mpal.mp.br\/?p=18106"},"modified":"2022-09-09T10:08:39","modified_gmt":"2022-09-09T13:08:39","slug":"credenciamento-no-01-2022-credenciamento-de-leiloeiros-oficiais-para-prestacao-de-servicos-de-avaliacao-e-alienacao-por-meio-de-licitacao-na-modalidade-de-leilao-publico-de-bens-moveis-de","status":"publish","type":"post","link":"https:\/\/www.mpal.mp.br\/?p=18106","title":{"rendered":"Credenciamento n\u00ba 01\/2022 \u2013 Credenciamento de leiloeiros oficiais para presta\u00e7\u00e3o de servi\u00e7os de avalia\u00e7\u00e3o e aliena\u00e7\u00e3o, por meio de licita\u00e7\u00e3o na modalidade de leil\u00e3o p\u00fablico, de bens m\u00f3veis de propriedade desta Procuradoria-Geral de Justi\u00e7a"},"content":{"rendered":"<p><div class=\"fusion-fullwidth fullwidth-box fusion-builder-row-1 nonhundred-percent-fullwidth non-hundred-percent-height-scrolling\"  style='background-color: #ffffff;background-position: center center;background-repeat: no-repeat;padding-top:0px;padding-right:0px;padding-bottom:0px;padding-left:0px;'><div class=\"fusion-builder-row fusion-row \"><div  class=\"fusion-layout-column fusion_builder_column fusion_builder_column_1_1 fusion-builder-column-1 fusion-one-full fusion-column-first fusion-column-last 1_1\"  style='margin-top:0px;margin-bottom:20px;'>\n\t\t\t\t\t<div class=\"fusion-column-wrapper\" style=\"padding: 0px 0px 0px 0px;background-position:left top;background-repeat:no-repeat;-webkit-background-size:cover;-moz-background-size:cover;-o-background-size:cover;background-size:cover;\"   data-bg-url=\"\">\n\t\t\t\t\t\t<div class=\"fusion-text\"><p data-raofz=\"14\"><span style=\"font-size: 14pt;\"><strong>CREDENCIAMENTO N\u00ba<\/strong> 01\/2022<\/span><br \/>\n<span style=\"font-size: 14pt;\"><strong>GED N\u00ba<\/strong> 20.08.1297.0000007\/2022-31<\/span><\/p>\n<p style=\"text-align: justify;\" data-raofz=\"14\"><span style=\"font-size: 14pt;\">Torna-se p\u00fablico que o Minist\u00e9rio P\u00fablico do Estado de Alagoas, por meio da Se\u00e7\u00e3o de Licita\u00e7\u00f5es, sediado na Rua Doutor Pedro Jorge Melo e Silva, 79, Po\u00e7o \u2013 Macei\u00f3\/AL, CEP 57.025-400, realizar\u00e1 CREDENCIAMENTO DE LEILOEIROS OFICIAIS, nos termos da Lei n\u00ba 8.666, de 21 de junho de 1993, e suas altera\u00e7\u00f5es, do Decreto n\u00ba 21.981, de 19 de outubro de 1932, e suas<br \/>\naltera\u00e7\u00f5es, da Instru\u00e7\u00e3o Normativa DREI n\u00ba 17, de 5 de dezembro de 2013, e legisla\u00e7\u00e3o suced\u00e2nea, bem como demais normas regulamentadoras aplic\u00e1veis \u00e0 esp\u00e9cie, e as exig\u00eancias estabelecidas neste Edital.<\/span><\/p>\n<p data-raofz=\"14\"><span style=\"font-size: 14pt;\"><strong>PRAZO PARA RECEBIMENTO DAS PROPOSTAS DOS INTERESSADOS:<\/strong> No per\u00edodo compreendido entre 01\/09\/2022 e 23\/09\/2022, 12h00 (hor\u00e1rio de Bras\u00edlia)<\/span><\/p>\n<p><span style=\"font-size: 14pt;\"><strong>ENDERE\u00c7O DE ENTREGA DA DOCUMENTA\u00c7\u00c3O PARA CREDENCIAMENTO:<\/strong> Rua Doutor Pedro Jorge Melo e Silva, 79, Po\u00e7o,Macei\u00f3\/AL, de segunda a sexta-feira, das 7h30 \u00e0s 13h30<\/span><\/p>\n<p><span style=\"font-size: 14pt;\"><strong>DADOS PARA CONTATO:<\/strong> Se\u00e7\u00e3o de Licita\u00e7\u00f5es, cpl@mpal.mp.br e mpal.licitacoes@gmail.com, (82) 2122-3533<br \/>\n<\/span><\/p>\n<p style=\"text-align: justify;\" data-raofz=\"14\"><span style=\"font-size: 18pt;\"><strong>Detalhamento:<\/strong><\/span><\/p>\n<\/div><ul class=\"fusion-checklist fusion-checklist-1\" style=\"font-size:14px;line-height:23.8px;\"><li class=\"fusion-li-item\"><span style=\"height:23.8px;width:23.8px;margin-right:9.8px;\" class=\"icon-wrapper circle-no\"><i class=\"fusion-li-icon fa fa-check\" style=\"color:#ffffff;\"><\/i><\/span><div class=\"fusion-li-item-content\" style=\"margin-left:33.6px;\">\n<ul>\n<li><strong>OBJETO:<\/strong> Credenciamento de leiloeiros oficiais para presta\u00e7\u00e3o de servi\u00e7os de avalia\u00e7\u00e3o e aliena\u00e7\u00e3o, por meio de licita\u00e7\u00e3o na modalidade de leil\u00e3o p\u00fablico, de bens m\u00f3veis de propriedade desta Procuradoria-Geral de Justi\u00e7a, conforme condi\u00e7\u00f5es, quantidades e exig\u00eancias estabelecidas no Edital e seus anexos.<\/li>\n<li><strong>ACOLHIMENTO DAS PROPOSTAS:<\/strong> De 01\/09\/2022 a 23\/09\/2022, \u00e0s 12 horas (hor\u00e1rio de Bras\u00edlia-DF).<\/li>\n<li><strong>ENDERE\u00c7O DE ENTREGA DA DOCUMENTA\u00c7\u00c3O PARA CREDENCIAMENTO:<\/strong>Rua Doutor Pedro Jorge Melo e Silva, 79, Po\u00e7o, Macei\u00f3\/AL, de segunda a sexta-feira, das 7h30 \u00e0s 13h30.<\/li>\n<li><strong>ESCLARECIMENTOS:<\/strong>Segundo andar do endere\u00e7o acima, na Sala da Diretoria-Geral, pelo fone (82) 2122-3533, no hor\u00e1rio das 07h30 \u00e0s 13h30 em dias \u00fateis, ou pelos e-mails cpl@mpal.mp.br e\/ou mpal.licitacoes@gmail.com.<\/li>\n<\/ul>\n<\/div><\/li><\/ul><div class=\"fusion-text\"><p style=\"text-align: center;\" align=\"JUSTIFY\" data-raofz=\"14\"><span data-raofz=\"14\">Macei\u00f3, 30 de agosto de 2022<\/span><\/p>\n<p style=\"text-align: center;\" align=\"LEFT\" data-raofz=\"14\"><span data-raofz=\"14\"><strong>Fernando Ant\u00f4nio Vasco de Souza<\/strong><\/span><br \/>\n<span data-raofz=\"14\"><strong>Chefe da Se\u00e7\u00e3o de Licita\u00e7\u00f5es<\/strong><\/span><\/p>\n<\/div><div class=\"fusion-sep-clear\"><\/div><div class=\"fusion-separator fusion-full-width-sep sep-none\" style=\"margin-left: auto;margin-right: auto;margin-top:10px;\"><\/div><style type=\"text\/css\"><\/style><div class=\"fusion-title title fusion-title-1 fusion-title-text fusion-title-size-three\" style=\"margin-top:40px;margin-bottom:31px;\"><h3 class=\"title-heading-left\" style=\"margin:0;color:#ffffff;\"><strong><span style=\"font-size: 14pt; color: #003866;\">Anexos<\/span><\/strong><\/h3><div class=\"title-sep-container\"><div class=\"title-sep sep-double sep-solid\" style=\"border-color:#003866;\"><\/div><\/div><\/div><div class=\"fusion-text\"><p><span style=\"font-size: 14pt;\"><i class=\"fontawesome-icon fa-file-pdf fas circle-no\" style=\"font-size:18px;margin-right:9px;color:#003866;\"><\/i><a href=\"https:\/\/www.mpal.mp.br\/wp-content\/uploads\/2022\/09\/credenciamento012022edital.pdf\" target=\"_blank\" rel=\"noopener\">Edital \u2013 Credenciamento n\u00ba 01\/2022<\/a><\/span><\/p>\n<\/div><div class=\"fusion-clearfix\"><\/div>\n\n\t\t\t\t\t<\/div>\n\t\t\t\t<\/div><\/div><\/div><div class=\"fusion-fullwidth fullwidth-box fusion-builder-row-2 nonhundred-percent-fullwidth non-hundred-percent-height-scrolling\"  style='background-color: #ffffff;background-position: center center;background-repeat: no-repeat;padding-top:0px;padding-right:0px;padding-bottom:0px;padding-left:0px;'><div class=\"fusion-builder-row fusion-row \"><div  class=\"fusion-layout-column fusion_builder_column fusion_builder_column_1_1 fusion-builder-column-2 fusion-one-full fusion-column-first fusion-column-last 1_1\"  style='margin-top:0px;margin-bottom:20px;'>\n\t\t\t\t\t<div class=\"fusion-column-wrapper\" style=\"padding: 0px 0px 0px 0px;background-position:left top;background-repeat:no-repeat;-webkit-background-size:cover;-moz-background-size:cover;-o-background-size:cover;background-size:cover;\"   data-bg-url=\"\">\n\t\t\t\t\t\t<style type=\"text\/css\"><\/style><div class=\"fusion-title title fusion-title-2 fusion-title-center fusion-title-text fusion-title-size-three\" style=\"margin-top:40px;margin-bottom:31px;\"><div class=\"title-sep-container title-sep-container-left\"><div class=\"title-sep sep-double sep-solid\" style=\"border-color:#003866;\"><\/div><\/div><h3 class=\"title-heading-center\" style=\"margin:0;color:#ffffff;\"><span style=\"color: #808080;\"><strong><span style=\"font-size: 14pt;\">\u00daltimas Licita\u00e7\u00f5es<\/span><\/strong><\/span><\/h3><div class=\"title-sep-container title-sep-container-right\"><div class=\"title-sep sep-double sep-solid\" style=\"border-color:#003866;\"><\/div><\/div><\/div><div class=\"fusion-recent-posts fusion-recent-posts-1 avada-container layout-default layout-columns-1\"><section class=\"fusion-columns columns fusion-columns-1 columns-1\"><article class=\"post fusion-column column col col-lg-12 col-md-12 col-sm-12\"><div class=\"recent-posts-content\"><span class=\"vcard\" style=\"display: none;\"><span class=\"fn\"><a href=\"https:\/\/www.mpal.mp.br\/?author=8\" title=\"Posts de Dulce Melo\" rel=\"author\">Dulce Melo<\/a><\/span><\/span><span class=\"updated\" style=\"display:none;\">2025-01-21T11:33:38-03:00<\/span><h4 class=\"entry-title\"><a href=\"https:\/\/www.mpal.mp.br\/?p=51840\">Aten\u00e7\u00e3o: Ouvidoria do Minist\u00e9rio P\u00fablico de Alagoas alerta para novo formato de atendimento ao cidad\u00e3o<\/a><\/h4><\/div><\/article><article class=\"post fusion-column column col col-lg-12 col-md-12 col-sm-12\"><div class=\"recent-posts-content\"><span class=\"vcard\" style=\"display: none;\"><span class=\"fn\"><a href=\"https:\/\/www.mpal.mp.br\/?author=13\" title=\"Posts de Fernando Ant\u00f4nio Vasco de Souza\" rel=\"author\">Fernando Ant\u00f4nio Vasco de Souza<\/a><\/span><\/span><span class=\"updated\" style=\"display:none;\">2022-12-12T08:09:02-03:00<\/span><h4 class=\"entry-title\"><a href=\"https:\/\/www.mpal.mp.br\/?p=20856\">Preg\u00e3o Eletr\u00f4nico n\u00ba 20\/2022 \u2013 Registro de pre\u00e7os de produtos para expans\u00e3o futura de solu\u00e7\u00f5es de firewall, compreendendo a aquisi\u00e7\u00e3o de equipamentos, fornecimento de suporte t\u00e9cnico especializado, garantia\/atualiza\u00e7\u00e3o, assinaturas da solu\u00e7\u00e3o de firewall Palo Alto Networks<\/a><\/h4><\/div><\/article><article class=\"post fusion-column column col col-lg-12 col-md-12 col-sm-12\"><div class=\"recent-posts-content\"><span class=\"vcard\" style=\"display: none;\"><span class=\"fn\"><a href=\"https:\/\/www.mpal.mp.br\/?author=13\" title=\"Posts de Fernando Ant\u00f4nio Vasco de Souza\" rel=\"author\">Fernando Ant\u00f4nio Vasco de Souza<\/a><\/span><\/span><span class=\"updated\" style=\"display:none;\">2022-12-12T08:10:39-03:00<\/span><h4 class=\"entry-title\"><a href=\"https:\/\/www.mpal.mp.br\/?p=20810\">Tomada de Pre\u00e7os n\u00ba 01\/2022 \u2013 Contrata\u00e7\u00e3o de empresa para a constru\u00e7\u00e3o, com fornecimento de equipamentos de infraestrutura, do novo pr\u00e9dio da Promotoria de Justi\u00e7a de Murici<\/a><\/h4><\/div><\/article><article class=\"post fusion-column column col col-lg-12 col-md-12 col-sm-12\"><div class=\"recent-posts-content\"><span class=\"vcard\" style=\"display: none;\"><span class=\"fn\"><a href=\"https:\/\/www.mpal.mp.br\/?author=13\" title=\"Posts de Fernando Ant\u00f4nio Vasco de Souza\" rel=\"author\">Fernando Ant\u00f4nio Vasco de Souza<\/a><\/span><\/span><span class=\"updated\" style=\"display:none;\">2022-11-17T12:56:43-03:00<\/span><h4 class=\"entry-title\"><a href=\"https:\/\/www.mpal.mp.br\/?p=19929\">Preg\u00e3o Eletr\u00f4nico n\u00ba 19\/2022 \u2013 Registro de pre\u00e7os para futura e eventual aquisi\u00e7\u00e3o de g\u00eaneros aliment\u00edcios<\/a><\/h4><\/div><\/article><article class=\"post fusion-column column col col-lg-12 col-md-12 col-sm-12\"><div class=\"recent-posts-content\"><span class=\"vcard\" style=\"display: none;\"><span class=\"fn\"><a href=\"https:\/\/www.mpal.mp.br\/?author=13\" title=\"Posts de Fernando Ant\u00f4nio Vasco de Souza\" rel=\"author\">Fernando Ant\u00f4nio Vasco de Souza<\/a><\/span><\/span><span class=\"updated\" style=\"display:none;\">2022-11-14T10:35:04-03:00<\/span><h4 class=\"entry-title\"><a href=\"https:\/\/www.mpal.mp.br\/?p=19903\">Preg\u00e3o Eletr\u00f4nico n\u00ba 18\/2022 \u2013 Contrata\u00e7\u00e3o de manuten\u00e7\u00e3o preventiva, corretiva, el\u00e9trica e mec\u00e2nica em 02 (dois) grupos geradores diesel de 350 kVA e 150 kVA<\/a><\/h4><\/div><\/article><article class=\"post fusion-column column col col-lg-12 col-md-12 col-sm-12\"><div class=\"recent-posts-content\"><span class=\"vcard\" style=\"display: none;\"><span class=\"fn\"><a href=\"https:\/\/www.mpal.mp.br\/?author=13\" title=\"Posts de Fernando Ant\u00f4nio Vasco de Souza\" rel=\"author\">Fernando Ant\u00f4nio Vasco de Souza<\/a><\/span><\/span><span class=\"updated\" style=\"display:none;\">2022-11-25T10:51:34-03:00<\/span><h4 class=\"entry-title\"><a href=\"https:\/\/www.mpal.mp.br\/?p=19898\">Preg\u00e3o Eletr\u00f4nico n\u00ba 14\/2022 \u2013 2\u00aa chamada \u2013 Presta\u00e7\u00e3o de servi\u00e7o de fibra apagada<\/a><\/h4><\/div><\/article><\/section><\/div><div class=\"fusion-clearfix\"><\/div>\n\n\t\t\t\t\t<\/div>\n\t\t\t\t<\/div><\/div><\/div><\/p>\n","protected":false},"excerpt":{"rendered":"","protected":false},"author":2,"featured_media":18107,"comment_status":"open","ping_status":"open","sticky":false,"template":"","format":"standard","meta":{"om_disable_all_campaigns":false,"_monsterinsights_skip_tracking":false,"_monsterinsights_sitenote_active":false,"_monsterinsights_sitenote_note":"","_monsterinsights_sitenote_category":0,"_uf_show_specific_survey":0,"_uf_disable_surveys":false,"footnotes":""},"categories":[27],"tags":[],"class_list":["post-18106","post","type-post","status-publish","format-standard","has-post-thumbnail","hentry","category-licitacao_2022"],"aioseo_notices":[],"_links":{"self":[{"href":"https:\/\/www.mpal.mp.br\/index.php?rest_route=\/wp\/v2\/posts\/18106","targetHints":{"allow":["GET"]}}],"collection":[{"href":"https:\/\/www.mpal.mp.br\/index.php?rest_route=\/wp\/v2\/posts"}],"about":[{"href":"https:\/\/www.mpal.mp.br\/index.php?rest_route=\/wp\/v2\/types\/post"}],"author":[{"embeddable":true,"href":"https:\/\/www.mpal.mp.br\/index.php?rest_route=\/wp\/v2\/users\/2"}],"replies":[{"embeddable":true,"href":"https:\/\/www.mpal.mp.br\/index.php?rest_route=%2Fwp%2Fv2%2Fcomments&post=18106"}],"version-history":[{"count":4,"href":"https:\/\/www.mpal.mp.br\/index.php?rest_route=\/wp\/v2\/posts\/18106\/revisions"}],"predecessor-version":[{"id":18163,"href":"https:\/\/www.mpal.mp.br\/index.php?rest_route=\/wp\/v2\/posts\/18106\/revisions\/18163"}],"wp:featuredmedia":[{"embeddable":true,"href":"https:\/\/www.mpal.mp.br\/index.php?rest_route=\/wp\/v2\/media\/18107"}],"wp:attachment":[{"href":"https:\/\/www.mpal.mp.br\/index.php?rest_route=%2Fwp%2Fv2%2Fmedia&parent=18106"}],"wp:term":[{"taxonomy":"category","embeddable":true,"href":"https:\/\/www.mpal.mp.br\/index.php?rest_route=%2Fwp%2Fv2%2Fcategories&post=18106"},{"taxonomy":"post_tag","embeddable":true,"href":"https:\/\/www.mpal.mp.br\/index.php?rest_route=%2Fwp%2Fv2%2Ftags&post=18106"}],"curies":[{"name":"wp","href":"https:\/\/api.w.org\/{rel}","templated":true}]}}