{"id":18098,"date":"2022-08-02T10:01:40","date_gmt":"2022-08-02T13:01:40","guid":{"rendered":"https:\/\/www.mpal.mp.br\/?p=18098"},"modified":"2022-09-09T10:13:30","modified_gmt":"2022-09-09T13:13:30","slug":"pregao-eletronico-no-10-2022-contratacao-de-empresa-especializada-para-gerenciamento-via-internet-do-abastecimento-da-frota-de-veiculos-gasolina-alcool-e-oleo-diesel-e-geradores-eletri","status":"publish","type":"post","link":"https:\/\/www.mpal.mp.br\/?p=18098","title":{"rendered":"Preg\u00e3o Eletr\u00f4nico n\u00ba 10\/2022 \u2013  Contrata\u00e7\u00e3o de empresa especializada para gerenciamento, via internet, do abastecimento da frota de ve\u00edculos (gasolina, \u00e1lcool e \u00f3leo diesel) e geradores el\u00e9tricos, pertencentes, locados ou \u00e0 disposi\u00e7\u00e3o do MPAL"},"content":{"rendered":"<p><div class=\"fusion-fullwidth fullwidth-box fusion-builder-row-1 nonhundred-percent-fullwidth non-hundred-percent-height-scrolling\"  style='background-color: #ffffff;background-position: center center;background-repeat: no-repeat;padding-top:0px;padding-right:0px;padding-bottom:0px;padding-left:0px;'><div class=\"fusion-builder-row fusion-row \"><div  class=\"fusion-layout-column fusion_builder_column fusion_builder_column_1_1 fusion-builder-column-1 fusion-one-full fusion-column-first fusion-column-last 1_1\"  style='margin-top:0px;margin-bottom:20px;'>\n\t\t\t\t\t<div class=\"fusion-column-wrapper\" style=\"padding: 0px 0px 0px 0px;background-position:left top;background-repeat:no-repeat;-webkit-background-size:cover;-moz-background-size:cover;-o-background-size:cover;background-size:cover;\"   data-bg-url=\"\">\n\t\t\t\t\t\t<div class=\"fusion-text\"><p data-raofz=\"14\"><span style=\"font-size: 14pt;\"><strong>PREG\u00c3O ELETR\u00d4NICO N\u00ba<\/strong> 10\/2022<\/span><br \/>\n<span style=\"font-size: 14pt;\"><strong>GED N\u00ba<\/strong> 20.08.1318.0000156\/2022-58<\/span><\/p>\n<p style=\"text-align: justify;\" data-raofz=\"14\"><span style=\"font-size: 14pt;\">Torna-se p\u00fablico que o Minist\u00e9rio P\u00fablico do Estado de Alagoas, por meio da Se\u00e7\u00e3o de Licita\u00e7\u00f5es, sediado na Rua Doutor Pedro Jorge Melo e Silva, 79, Po\u00e7o \u2013 Macei\u00f3\/AL, CEP 57.025-400, inscrito no CNPJ sob o n\u00ba 12.472.734\/0001-52, realizar\u00e1 licita\u00e7\u00e3o, na modalidade PREG\u00c3O, na forma ELETR\u00d4NICA, com crit\u00e9rio de julgamento menor pre\u00e7o por grupo, nos termos da Lei n\u00ba 10.520, de 17 de julho de 2002, do Ato Normativo PGJ n\u00ba 06, de 29 de agosto de 2005, do Ato PGJ n\u00ba 01, de 8 de janeiro de 2016, da Lei Complementar n\u00ba 123, de 14 de dezembro de 2006, aplicando-se, subsidiariamente, a Lei n\u00ba 8.666, de 21 de junho de 1993, o Decreto Estadual n\u00ba 68.118, de 31 de outubro de 2019, e as exig\u00eancias estabelecidas neste Edital.<\/span><\/p>\n<p data-raofz=\"14\"><span style=\"font-size: 14pt;\"><strong>Per\u00edodo de acolhimento de propostas:<\/strong> 03\/08\/2022 a 18\/08\/2022, 08h00<\/span><br \/>\n<span style=\"font-size: 14pt;\"><strong>Sess\u00e3o de lances:<\/strong> 18\/08\/2022, 09h00<\/span><br \/>\n<span style=\"font-size: 14pt;\"><strong>Local:<\/strong> www.licitacoes-e.com.br<\/span><br \/>\n<span style=\"font-size: 14pt;\"><strong>Identificador:<\/strong> 952999<\/span><\/p>\n<p style=\"text-align: justify;\" data-raofz=\"14\"><span style=\"font-size: 18pt;\"><strong>Detalhamento:<\/strong><\/span><\/p>\n<\/div><ul class=\"fusion-checklist fusion-checklist-1\" style=\"font-size:14px;line-height:23.8px;\"><li class=\"fusion-li-item\"><span style=\"height:23.8px;width:23.8px;margin-right:9.8px;\" class=\"icon-wrapper circle-no\"><i class=\"fusion-li-icon fa fa-check\" style=\"color:#ffffff;\"><\/i><\/span><div class=\"fusion-li-item-content\" style=\"margin-left:33.6px;\">\n<ul>\n<li><strong>OBJETO:<\/strong> Contrata\u00e7\u00e3o de empresa especializada para gerenciamento, via internet, do abastecimento da frota de ve\u00edculos (gasolina, \u00e1lcool e \u00f3leo diesel) e geradores el\u00e9tricos, pertencentes, locados ou \u00e0 disposi\u00e7\u00e3o do Minist\u00e9rio P\u00fablico do Estado de Alagoas, abrangendo o fornecimento de combust\u00edveis, por demanda, em rede de postos credenciados, por meio de sistema eletr\u00f4nico, com cart\u00e3o magn\u00e9tico, conforme condi\u00e7\u00f5es, quantidades e exig\u00eancias estabelecidas no Edital e seus anexos.<\/li>\n<li><strong>TOTAL DE ITENS LICITADOS:<\/strong> 2 (dois) itens, em 1 (um) lote.<\/li>\n<li><strong>ENTREGA DAS PROPOSTAS:<\/strong>A partir de 03\/08\/2022 \u00e0s 08h00 no site www.licitacoes-e.com.br.<\/li>\n<li><strong>ABERTURA DAS PROPOSTAS:<\/strong>18\/08\/2022 \u00e0s 08h00 no site www.licitacoes-e.com.br.<\/li>\n<li><strong>SESS\u00c3O DE LANCES:<\/strong>18\/08\/2022 \u00e0s 09h00 no site www.licitacoes-e.com.br.<\/li>\n<li><strong>INFORMA\u00c7\u00d5ES GERAIS:<\/strong>O edital encontra-se nos sites: www.licitacoes-e.com.br e www.mpal.mp.br, ou pelos e-mails cpl@mpal.mp.br e\/ou mpal.licitacoes@gmail.com.<\/li>\n<li><strong>N\u00daMERO DA LICITA\u00c7\u00c3O:<\/strong>952999<\/li>\n<\/ul>\n<\/div><\/li><\/ul><div class=\"fusion-text\"><p style=\"text-align: center;\" align=\"JUSTIFY\" data-raofz=\"14\"><span data-raofz=\"14\">Macei\u00f3, 02 de agosto de 2022<\/span><\/p>\n<p style=\"text-align: center;\" align=\"LEFT\" data-raofz=\"14\"><span data-raofz=\"14\"><strong>Fernando Ant\u00f4nio Vasco de Souza<\/strong><\/span><br \/>\n<span data-raofz=\"14\"><strong>Chefe da Se\u00e7\u00e3o de Licita\u00e7\u00f5es<\/strong><\/span><\/p>\n<\/div><div class=\"fusion-sep-clear\"><\/div><div class=\"fusion-separator fusion-full-width-sep sep-none\" style=\"margin-left: auto;margin-right: auto;margin-top:10px;\"><\/div><style type=\"text\/css\"><\/style><div class=\"fusion-title title fusion-title-1 fusion-title-text fusion-title-size-three\" style=\"margin-top:40px;margin-bottom:31px;\"><h3 class=\"title-heading-left\" style=\"margin:0;color:#ffffff;\"><strong><span style=\"font-size: 14pt; color: #003866;\">Anexos<\/span><\/strong><\/h3><div class=\"title-sep-container\"><div class=\"title-sep sep-double sep-solid\" style=\"border-color:#003866;\"><\/div><\/div><\/div><div class=\"fusion-text\"><p><span style=\"font-size: 14pt;\"><i class=\"fontawesome-icon fa-file-pdf fas circle-no\" style=\"font-size:18px;margin-right:9px;color:#003866;\"><\/i><a href=\"https:\/\/www.mpal.mp.br\/wp-content\/uploads\/2022\/09\/pe102022prime.pdf\" target=\"_blank\" rel=\"noopener\">Proposta e documenta\u00e7\u00e3o \u2013 Prime Consultoria e Assessoria Empresarial Ltda<\/a><\/span><\/p>\n<p><span style=\"font-size: 14pt;\"><i class=\"fontawesome-icon fa-file-pdf fas circle-no\" style=\"font-size:18px;margin-right:9px;color:#003866;\"><\/i><a href=\"https:\/\/www.mpal.mp.br\/wp-content\/uploads\/2022\/09\/pe102022edital.pdf\" target=\"_blank\" rel=\"noopener\">Edital \u2013 Preg\u00e3o Eletr\u00f4nico n\u00ba 10\/2022<\/a><\/span><\/p>\n<\/div><div class=\"fusion-clearfix\"><\/div>\n\n\t\t\t\t\t<\/div>\n\t\t\t\t<\/div><\/div><\/div><div class=\"fusion-fullwidth fullwidth-box fusion-builder-row-2 nonhundred-percent-fullwidth non-hundred-percent-height-scrolling\"  style='background-color: #ffffff;background-position: center center;background-repeat: no-repeat;padding-top:0px;padding-right:0px;padding-bottom:0px;padding-left:0px;'><div class=\"fusion-builder-row fusion-row \"><div  class=\"fusion-layout-column fusion_builder_column fusion_builder_column_1_1 fusion-builder-column-2 fusion-one-full fusion-column-first fusion-column-last 1_1\"  style='margin-top:0px;margin-bottom:20px;'>\n\t\t\t\t\t<div class=\"fusion-column-wrapper\" style=\"padding: 0px 0px 0px 0px;background-position:left top;background-repeat:no-repeat;-webkit-background-size:cover;-moz-background-size:cover;-o-background-size:cover;background-size:cover;\"   data-bg-url=\"\">\n\t\t\t\t\t\t<style type=\"text\/css\"><\/style><div class=\"fusion-title title fusion-title-2 fusion-title-center fusion-title-text fusion-title-size-three\" style=\"margin-top:40px;margin-bottom:31px;\"><div class=\"title-sep-container title-sep-container-left\"><div class=\"title-sep sep-double sep-solid\" style=\"border-color:#003866;\"><\/div><\/div><h3 class=\"title-heading-center\" style=\"margin:0;color:#ffffff;\"><span style=\"color: #808080;\"><strong><span style=\"font-size: 14pt;\">\u00daltimas Licita\u00e7\u00f5es<\/span><\/strong><\/span><\/h3><div class=\"title-sep-container title-sep-container-right\"><div class=\"title-sep sep-double sep-solid\" style=\"border-color:#003866;\"><\/div><\/div><\/div><div class=\"fusion-recent-posts fusion-recent-posts-1 avada-container layout-default layout-columns-1\"><section class=\"fusion-columns columns fusion-columns-1 columns-1\"><article class=\"post fusion-column column col col-lg-12 col-md-12 col-sm-12\"><div class=\"recent-posts-content\"><span class=\"vcard\" style=\"display: none;\"><span class=\"fn\"><a href=\"https:\/\/www.mpal.mp.br\/?author=8\" title=\"Posts de Dulce Melo\" rel=\"author\">Dulce Melo<\/a><\/span><\/span><span class=\"updated\" style=\"display:none;\">2025-01-21T11:33:38-03:00<\/span><h4 class=\"entry-title\"><a href=\"https:\/\/www.mpal.mp.br\/?p=51840\">Aten\u00e7\u00e3o: Ouvidoria do Minist\u00e9rio P\u00fablico de Alagoas alerta para novo formato de atendimento ao cidad\u00e3o<\/a><\/h4><\/div><\/article><article class=\"post fusion-column column col col-lg-12 col-md-12 col-sm-12\"><div class=\"recent-posts-content\"><span class=\"vcard\" style=\"display: none;\"><span class=\"fn\"><a href=\"https:\/\/www.mpal.mp.br\/?author=13\" title=\"Posts de Fernando Ant\u00f4nio Vasco de Souza\" rel=\"author\">Fernando Ant\u00f4nio Vasco de Souza<\/a><\/span><\/span><span class=\"updated\" style=\"display:none;\">2022-12-12T08:09:02-03:00<\/span><h4 class=\"entry-title\"><a href=\"https:\/\/www.mpal.mp.br\/?p=20856\">Preg\u00e3o Eletr\u00f4nico n\u00ba 20\/2022 \u2013 Registro de pre\u00e7os de produtos para expans\u00e3o futura de solu\u00e7\u00f5es de firewall, compreendendo a aquisi\u00e7\u00e3o de equipamentos, fornecimento de suporte t\u00e9cnico especializado, garantia\/atualiza\u00e7\u00e3o, assinaturas da solu\u00e7\u00e3o de firewall Palo Alto Networks<\/a><\/h4><\/div><\/article><article class=\"post fusion-column column col col-lg-12 col-md-12 col-sm-12\"><div class=\"recent-posts-content\"><span class=\"vcard\" style=\"display: none;\"><span class=\"fn\"><a href=\"https:\/\/www.mpal.mp.br\/?author=13\" title=\"Posts de Fernando Ant\u00f4nio Vasco de Souza\" rel=\"author\">Fernando Ant\u00f4nio Vasco de Souza<\/a><\/span><\/span><span class=\"updated\" style=\"display:none;\">2022-12-12T08:10:39-03:00<\/span><h4 class=\"entry-title\"><a href=\"https:\/\/www.mpal.mp.br\/?p=20810\">Tomada de Pre\u00e7os n\u00ba 01\/2022 \u2013 Contrata\u00e7\u00e3o de empresa para a constru\u00e7\u00e3o, com fornecimento de equipamentos de infraestrutura, do novo pr\u00e9dio da Promotoria de Justi\u00e7a de Murici<\/a><\/h4><\/div><\/article><article class=\"post fusion-column column col col-lg-12 col-md-12 col-sm-12\"><div class=\"recent-posts-content\"><span class=\"vcard\" style=\"display: none;\"><span class=\"fn\"><a href=\"https:\/\/www.mpal.mp.br\/?author=13\" title=\"Posts de Fernando Ant\u00f4nio Vasco de Souza\" rel=\"author\">Fernando Ant\u00f4nio Vasco de Souza<\/a><\/span><\/span><span class=\"updated\" style=\"display:none;\">2022-11-17T12:56:43-03:00<\/span><h4 class=\"entry-title\"><a href=\"https:\/\/www.mpal.mp.br\/?p=19929\">Preg\u00e3o Eletr\u00f4nico n\u00ba 19\/2022 \u2013 Registro de pre\u00e7os para futura e eventual aquisi\u00e7\u00e3o de g\u00eaneros aliment\u00edcios<\/a><\/h4><\/div><\/article><article class=\"post fusion-column column col col-lg-12 col-md-12 col-sm-12\"><div class=\"recent-posts-content\"><span class=\"vcard\" style=\"display: none;\"><span class=\"fn\"><a href=\"https:\/\/www.mpal.mp.br\/?author=13\" title=\"Posts de Fernando Ant\u00f4nio Vasco de Souza\" rel=\"author\">Fernando Ant\u00f4nio Vasco de Souza<\/a><\/span><\/span><span class=\"updated\" style=\"display:none;\">2022-11-14T10:35:04-03:00<\/span><h4 class=\"entry-title\"><a href=\"https:\/\/www.mpal.mp.br\/?p=19903\">Preg\u00e3o Eletr\u00f4nico n\u00ba 18\/2022 \u2013 Contrata\u00e7\u00e3o de manuten\u00e7\u00e3o preventiva, corretiva, el\u00e9trica e mec\u00e2nica em 02 (dois) grupos geradores diesel de 350 kVA e 150 kVA<\/a><\/h4><\/div><\/article><article class=\"post fusion-column column col col-lg-12 col-md-12 col-sm-12\"><div class=\"recent-posts-content\"><span class=\"vcard\" style=\"display: none;\"><span class=\"fn\"><a href=\"https:\/\/www.mpal.mp.br\/?author=13\" title=\"Posts de Fernando Ant\u00f4nio Vasco de Souza\" rel=\"author\">Fernando Ant\u00f4nio Vasco de Souza<\/a><\/span><\/span><span class=\"updated\" style=\"display:none;\">2022-11-25T10:51:34-03:00<\/span><h4 class=\"entry-title\"><a href=\"https:\/\/www.mpal.mp.br\/?p=19898\">Preg\u00e3o Eletr\u00f4nico n\u00ba 14\/2022 \u2013 2\u00aa chamada \u2013 Presta\u00e7\u00e3o de servi\u00e7o de fibra apagada<\/a><\/h4><\/div><\/article><\/section><\/div><div class=\"fusion-clearfix\"><\/div>\n\n\t\t\t\t\t<\/div>\n\t\t\t\t<\/div><\/div><\/div><\/p>\n","protected":false},"excerpt":{"rendered":"","protected":false},"author":2,"featured_media":3269,"comment_status":"open","ping_status":"open","sticky":false,"template":"","format":"standard","meta":{"om_disable_all_campaigns":false,"_monsterinsights_skip_tracking":false,"_monsterinsights_sitenote_active":false,"_monsterinsights_sitenote_note":"","_monsterinsights_sitenote_category":0,"_uf_show_specific_survey":0,"_uf_disable_surveys":false,"footnotes":""},"categories":[27],"tags":[],"class_list":["post-18098","post","type-post","status-publish","format-standard","has-post-thumbnail","hentry","category-licitacao_2022"],"aioseo_notices":[],"_links":{"self":[{"href":"https:\/\/www.mpal.mp.br\/index.php?rest_route=\/wp\/v2\/posts\/18098","targetHints":{"allow":["GET"]}}],"collection":[{"href":"https:\/\/www.mpal.mp.br\/index.php?rest_route=\/wp\/v2\/posts"}],"about":[{"href":"https:\/\/www.mpal.mp.br\/index.php?rest_route=\/wp\/v2\/types\/post"}],"author":[{"embeddable":true,"href":"https:\/\/www.mpal.mp.br\/index.php?rest_route=\/wp\/v2\/users\/2"}],"replies":[{"embeddable":true,"href":"https:\/\/www.mpal.mp.br\/index.php?rest_route=%2Fwp%2Fv2%2Fcomments&post=18098"}],"version-history":[{"count":4,"href":"https:\/\/www.mpal.mp.br\/index.php?rest_route=\/wp\/v2\/posts\/18098\/revisions"}],"predecessor-version":[{"id":18167,"href":"https:\/\/www.mpal.mp.br\/index.php?rest_route=\/wp\/v2\/posts\/18098\/revisions\/18167"}],"wp:featuredmedia":[{"embeddable":true,"href":"https:\/\/www.mpal.mp.br\/index.php?rest_route=\/wp\/v2\/media\/3269"}],"wp:attachment":[{"href":"https:\/\/www.mpal.mp.br\/index.php?rest_route=%2Fwp%2Fv2%2Fmedia&parent=18098"}],"wp:term":[{"taxonomy":"category","embeddable":true,"href":"https:\/\/www.mpal.mp.br\/index.php?rest_route=%2Fwp%2Fv2%2Fcategories&post=18098"},{"taxonomy":"post_tag","embeddable":true,"href":"https:\/\/www.mpal.mp.br\/index.php?rest_route=%2Fwp%2Fv2%2Ftags&post=18098"}],"curies":[{"name":"wp","href":"https:\/\/api.w.org\/{rel}","templated":true}]}}