{"id":17904,"date":"2016-10-30T12:13:21","date_gmt":"2016-10-30T14:13:21","guid":{"rendered":"https:\/\/www.mpal.mp.br\/?p=17904"},"modified":"2022-09-02T12:13:56","modified_gmt":"2022-09-02T15:13:56","slug":"promotores-eleitorais-garantem-tranquilidade-no-segundo-turno-da-eleicao-para-prefeito-de-maceio","status":"publish","type":"post","link":"https:\/\/www.mpal.mp.br\/?p=17904","title":{"rendered":"Promotores eleitorais garantem tranquilidade no segundo turno da elei\u00e7\u00e3o para prefeito de Macei\u00f3"},"content":{"rendered":"<p style=\"text-align: justify;\"><span style=\"font-size: 14pt;\">Sob a fiscaliza\u00e7\u00e3o dos promotores eleitorais, o segundo turno da elei\u00e7\u00e3o para o cargo de prefeito de Macei\u00f3 ocorreu de modo tranquilo, ao longo deste domingo (30), nas tr\u00eas zonas eleitorais da cidade. Ao todo, dez membros do Minist\u00e9rio P\u00fablico do Estado de Alagoas acompanharam o trabalho da Justi\u00e7a Eleitoral na Capital.<\/span><\/p>\n<p style=\"text-align: justify;\"><span style=\"font-size: 14pt;\">Segundo o coordenador das Promotorias Eleitorais, Edelzito Andrade, tal como no primeiro turno das elei\u00e7\u00f5es deste ano, o pleito ocorreu dentro da normalidade esperada pelo \u00f3rg\u00e3o ministerial. \u201cAo fiscalizarem o fiel cumprimento da legisla\u00e7\u00e3o vigente, os promotores que atuaram no processo eleitoral ajudaram a garantir o livre exerc\u00edcio do direito do voto para a popula\u00e7\u00e3o de Macei\u00f3\u201d, diz.<\/span><\/p>\n<p style=\"text-align: justify;\"><span style=\"font-size: 14pt;\">A promotora eleitoral Norma Suely Medeiros, respons\u00e1vel por acompanhar o andamento da 1\u00aa zona eleitoral, confirmou o comportamento pac\u00edfico de candidatos e eleitores neste domingo. \u201cTivemos um dia bem tranquilo, sem problemas at\u00e9 mesmo com propaganda eleitoral dos agentes envolvidos. Por onde passei, n\u00e3o houve panfletagem, boca de urna, aglomera\u00e7\u00f5es de pessoas. A vota\u00e7\u00e3o do segundo turno da elei\u00e7\u00e3o de Macei\u00f3 foi realmente marcada pela tranquilidade\u201d, afirma.<\/span><\/p>\n<p style=\"text-align: justify;\"><span style=\"font-size: 14pt;\">Al\u00e9m de Norma Suely, tamb\u00e9m atuaram pelo Minist\u00e9rio P\u00fablico Eleitoral os promotores Alba L\u00facia Torres, Vicente Jos\u00e9 Porci\u00fancula, Isaac Sandes, Maria Jos\u00e9 Alves, Micheline Ten\u00f3rio, Sandra Malta, Adriana Gomes, Margarida Maria Couto e Luciano Romero.<\/span><\/p>\n","protected":false},"excerpt":{"rendered":"<p> [&hellip;]<\/p>\n","protected":false},"author":5,"featured_media":17905,"comment_status":"open","ping_status":"open","sticky":false,"template":"","format":"standard","meta":{"om_disable_all_campaigns":false,"_monsterinsights_skip_tracking":false,"_monsterinsights_sitenote_active":false,"_monsterinsights_sitenote_note":"","_monsterinsights_sitenote_category":0,"_uf_show_specific_survey":0,"_uf_disable_surveys":false,"footnotes":""},"categories":[2],"tags":[],"class_list":["post-17904","post","type-post","status-publish","format-standard","has-post-thumbnail","hentry","category-not_mpal"],"aioseo_notices":[],"_links":{"self":[{"href":"https:\/\/www.mpal.mp.br\/index.php?rest_route=\/wp\/v2\/posts\/17904","targetHints":{"allow":["GET"]}}],"collection":[{"href":"https:\/\/www.mpal.mp.br\/index.php?rest_route=\/wp\/v2\/posts"}],"about":[{"href":"https:\/\/www.mpal.mp.br\/index.php?rest_route=\/wp\/v2\/types\/post"}],"author":[{"embeddable":true,"href":"https:\/\/www.mpal.mp.br\/index.php?rest_route=\/wp\/v2\/users\/5"}],"replies":[{"embeddable":true,"href":"https:\/\/www.mpal.mp.br\/index.php?rest_route=%2Fwp%2Fv2%2Fcomments&post=17904"}],"version-history":[{"count":1,"href":"https:\/\/www.mpal.mp.br\/index.php?rest_route=\/wp\/v2\/posts\/17904\/revisions"}],"predecessor-version":[{"id":17906,"href":"https:\/\/www.mpal.mp.br\/index.php?rest_route=\/wp\/v2\/posts\/17904\/revisions\/17906"}],"wp:featuredmedia":[{"embeddable":true,"href":"https:\/\/www.mpal.mp.br\/index.php?rest_route=\/wp\/v2\/media\/17905"}],"wp:attachment":[{"href":"https:\/\/www.mpal.mp.br\/index.php?rest_route=%2Fwp%2Fv2%2Fmedia&parent=17904"}],"wp:term":[{"taxonomy":"category","embeddable":true,"href":"https:\/\/www.mpal.mp.br\/index.php?rest_route=%2Fwp%2Fv2%2Fcategories&post=17904"},{"taxonomy":"post_tag","embeddable":true,"href":"https:\/\/www.mpal.mp.br\/index.php?rest_route=%2Fwp%2Fv2%2Ftags&post=17904"}],"curies":[{"name":"wp","href":"https:\/\/api.w.org\/{rel}","templated":true}]}}