{"id":17902,"date":"2016-10-31T12:12:36","date_gmt":"2016-10-31T14:12:36","guid":{"rendered":"https:\/\/www.mpal.mp.br\/?p=17902"},"modified":"2022-09-02T12:13:17","modified_gmt":"2022-09-02T15:13:17","slug":"a-pedido-do-mpe-al-juizo-de-direito-determina-oferta-de-transporte-a-universitarios-de-cajueiro","status":"publish","type":"post","link":"https:\/\/www.mpal.mp.br\/?p=17902","title":{"rendered":"A pedido do MPE\/AL, Ju\u00edzo de Direito determina oferta de transporte a universit\u00e1rios de Cajueiro"},"content":{"rendered":"<p style=\"text-align: justify;\"><span style=\"font-size: 14pt;\">Ap\u00f3s ajuizar uma a\u00e7\u00e3o civil p\u00fablica, a Promotoria de Justi\u00e7a de Cajueiro obteve uma determina\u00e7\u00e3o judicial que obriga o Munic\u00edpio a disponibilizar, no prazo de 48 horas, \u00f4nibus coletivo em quantidade suficiente para transportar 121 estudantes universit\u00e1rios da cidade. Na forma de tutela antecipada, a decis\u00e3o do Poder Judici\u00e1rio ocorreu no dia 25 de outubro e o tempo limite para cumprimento dela come\u00e7a a contar a partir da notifica\u00e7\u00e3o da Prefeitura Municipal.<\/span><\/p>\n<p style=\"text-align: justify;\"><span style=\"font-size: 14pt;\">O transporte deve ocorrer de segunda a sexta-feira, no hor\u00e1rio compat\u00edvel com as aulas dos acad\u00eamicos, sob pena de multa di\u00e1ria no valor de R$ 1 mil em desfavor da prefeita Lucila R\u00e9gia Toledo, caso ela descumpra a determina\u00e7\u00e3o.<\/span><\/p>\n<p style=\"text-align: justify;\"><span style=\"font-size: 14pt;\">Motivado por den\u00fancia dos pr\u00f3prios universit\u00e1rios, o Minist\u00e9rio P\u00fablico do Estado de Alagoas constatou que o atual comando da Prefeitura Municipal fornecia para os estudantes que cursam ensino superior na cidade de Macei\u00f3 transporte p\u00fablico gratuito, durante tr\u00eas anos consecutivos, diariamente, com sa\u00edda \u00e0s 16h40 e retorno \u00e0s 23h30, at\u00e9 o dia 30 de setembro. O translado j\u00e1 se tornou uma pr\u00e1tica tradicional da cidade, visto que o Poder Executivo o oferece, ao longo de gest\u00f5es anteriores, h\u00e1 mais de 12 anos.<\/span><\/p>\n<p style=\"text-align: justify;\"><span style=\"font-size: 14pt;\">No entanto, no dia 3 de outubro, dia posterior \u00e0s elei\u00e7\u00f5es municipais, os tr\u00eas \u00f4nibus que prestavam o servi\u00e7o para a Prefeitura e conduziam os universit\u00e1rios de Cajueiro deixaram de circular na rota original, sem que houvesse qualquer justificativa ou explica\u00e7\u00e3o. Diante do preju\u00edzo, os estudantes chegaram a buscar resposta da Prefeitura Municipal por diversas vezes, sem que fossem recebidos por qualquer representante do Poder Executivo.<\/span><\/p>\n<p style=\"text-align: justify;\"><span style=\"font-size: 14pt;\"><strong>Tentativa de media\u00e7\u00e3o<\/strong><\/span><\/p>\n<p style=\"text-align: justify;\"><span style=\"font-size: 14pt;\">O MPE\/AL chegou a intermediar, posteriormente, tr\u00eas reuni\u00f5es com os acad\u00eamicos e gestores municipais a fim de realizar um acordo extrajudicial para garantir a continuidade do transporte p\u00fablico. Por\u00e9m, segundo a promotora de Justi\u00e7a Maria Lu\u00edsa Maia, as tentativas foram \u201cinfrut\u00edferas\u201d, uma vez que a \u00fanica proposta concreta da Prefeitura foi a de fornecer apenas um \u00f4nibus para condu\u00e7\u00e3o, de modo a n\u00e3o atender a demanda dos 121 universit\u00e1rios.<\/span><\/p>\n<p style=\"text-align: justify;\"><span style=\"font-size: 14pt;\">\u201cAdemais, a interrup\u00e7\u00e3o deste servi\u00e7o prestado pelo Poder Executivo Municipal, faltando menos de dois meses para o t\u00e9rmino das aulas traz enormes preju\u00edzos aos estudantes, em especial para aqueles que n\u00e3o disp\u00f5em de ve\u00edculo pr\u00f3prio ou recursos financeiros para custear as idas e vindas de Cajueiro a Macei\u00f3. Isto porque, depois das 18h, n\u00e3o h\u00e1 transporte coletivo saindo de Macei\u00f3 para esta cidade, inviabilizando que os estudantes possam se deslocar para suas resid\u00eancias ap\u00f3s as aulas\u201d, completa a titular da Promotoria de Justi\u00e7a de Cajueiro.<\/span><\/p>\n<p style=\"text-align: justify;\"><span style=\"font-size: 14pt;\">Maria Lu\u00edsa Maia lembrou tamb\u00e9m que o servi\u00e7o est\u00e1 previsto no Decreto n\u00ba 28\/2013, expedido pela atual prefeita. De acordo com a legisla\u00e7\u00e3o, os ve\u00edculos destinados para o transporte dos estudantes da rede municipal de ensino de Cajueiro, matriculados na Educa\u00e7\u00e3o B\u00e1sica, podem ser utilizados no transporte de estudantes matriculados em institui\u00e7\u00f5es de ensino superior.<\/span><\/p>\n<p style=\"text-align: justify;\"><span style=\"font-size: 14pt;\">A promotora de Justi\u00e7a pede na a\u00e7\u00e3o civil p\u00fablica que todos as medidas da tutela provis\u00f3ria sejam mantidas no julgamento em definitivo do procedimento, condenando o Munic\u00edpio \u00e0 obriga\u00e7\u00e3o de fazer.<\/span><\/p>\n","protected":false},"excerpt":{"rendered":"<p> [&hellip;]<\/p>\n","protected":false},"author":5,"featured_media":8970,"comment_status":"open","ping_status":"open","sticky":false,"template":"","format":"standard","meta":{"om_disable_all_campaigns":false,"_monsterinsights_skip_tracking":false,"_monsterinsights_sitenote_active":false,"_monsterinsights_sitenote_note":"","_monsterinsights_sitenote_category":0,"_uf_show_specific_survey":0,"_uf_disable_surveys":false,"footnotes":""},"categories":[2],"tags":[],"class_list":["post-17902","post","type-post","status-publish","format-standard","has-post-thumbnail","hentry","category-not_mpal"],"aioseo_notices":[],"_links":{"self":[{"href":"https:\/\/www.mpal.mp.br\/index.php?rest_route=\/wp\/v2\/posts\/17902","targetHints":{"allow":["GET"]}}],"collection":[{"href":"https:\/\/www.mpal.mp.br\/index.php?rest_route=\/wp\/v2\/posts"}],"about":[{"href":"https:\/\/www.mpal.mp.br\/index.php?rest_route=\/wp\/v2\/types\/post"}],"author":[{"embeddable":true,"href":"https:\/\/www.mpal.mp.br\/index.php?rest_route=\/wp\/v2\/users\/5"}],"replies":[{"embeddable":true,"href":"https:\/\/www.mpal.mp.br\/index.php?rest_route=%2Fwp%2Fv2%2Fcomments&post=17902"}],"version-history":[{"count":1,"href":"https:\/\/www.mpal.mp.br\/index.php?rest_route=\/wp\/v2\/posts\/17902\/revisions"}],"predecessor-version":[{"id":17903,"href":"https:\/\/www.mpal.mp.br\/index.php?rest_route=\/wp\/v2\/posts\/17902\/revisions\/17903"}],"wp:featuredmedia":[{"embeddable":true,"href":"https:\/\/www.mpal.mp.br\/index.php?rest_route=\/wp\/v2\/media\/8970"}],"wp:attachment":[{"href":"https:\/\/www.mpal.mp.br\/index.php?rest_route=%2Fwp%2Fv2%2Fmedia&parent=17902"}],"wp:term":[{"taxonomy":"category","embeddable":true,"href":"https:\/\/www.mpal.mp.br\/index.php?rest_route=%2Fwp%2Fv2%2Fcategories&post=17902"},{"taxonomy":"post_tag","embeddable":true,"href":"https:\/\/www.mpal.mp.br\/index.php?rest_route=%2Fwp%2Fv2%2Ftags&post=17902"}],"curies":[{"name":"wp","href":"https:\/\/api.w.org\/{rel}","templated":true}]}}