{"id":17893,"date":"2016-11-01T12:08:25","date_gmt":"2016-11-01T14:08:25","guid":{"rendered":"https:\/\/www.mpal.mp.br\/?p=17893"},"modified":"2022-09-02T12:09:24","modified_gmt":"2022-09-02T15:09:24","slug":"37-promotores-de-justica-participarao-do-mes-nacional-do-tribunal-do-juri-ministerio-publico-estara-presente-em-todos-os-julgamentos-do-mutirao","status":"publish","type":"post","link":"https:\/\/www.mpal.mp.br\/?p=17893","title":{"rendered":"37 promotores de Justi\u00e7a participar\u00e3o do M\u00eas Nacional do Tribunal do J\u00fari; Minist\u00e9rio P\u00fablico estar\u00e1 presente em todos os julgamentos do mutir\u00e3o"},"content":{"rendered":"<p style=\"text-align: justify;\"><span style=\"font-size: 14pt;\">O Minist\u00e9rio P\u00fablico Estadual de Alagoas vai participar do M\u00eas Nacional do Tribunal do J\u00fari. A partir da pr\u00f3xima quinta-feira (03) at\u00e9 o final de novembro, 37 promotores de Justi\u00e7a v\u00e3o estar no f\u00f3rum Desembargador Jairon Maia Fernandes, localizado no Barro Duro, na capital, e, tamb\u00e9m, em 36 munic\u00edpios do interior do Estado para atuar em a\u00e7\u00f5es penais relacionadas a crimes dolosos contra a vida, cujas pron\u00fancias dos r\u00e9us aconteceram h\u00e1 pelo menos sete anos.<\/span><\/p>\n<p style=\"text-align: justify;\"><span style=\"font-size: 14pt;\">Em Macei\u00f3, a previs\u00e3o \u00e9 para o julgamento de 26 processos. Neles, atuar\u00e1 um promotor de Justi\u00e7a que j\u00e1 \u00e9 titular do Tribunal do J\u00fari: Jos\u00e9 Ant\u00f4nio Malta Marques, da 49\u00aa Promotoria de Justi\u00e7a. Os outros dois membros do Minist\u00e9rio P\u00fablico ser\u00e3o Ant\u00f4nio Vilas Boas Sousa, que estar\u00e1 exercendo sua atribui\u00e7\u00e3o na 48\u00aa Promotoria de Justi\u00e7a e Anderson Cl\u00e1udio de Almeia Barbosa, que ficar\u00e1 \u00e0 frente dos julgamentos da 47\u00aa Promotoria de Justi\u00e7a.<\/span><\/p>\n<p style=\"text-align: justify;\"><span style=\"font-size: 14pt;\"><strong>Caso de repercuss\u00e3o<\/strong><\/span><\/p>\n<p style=\"text-align: justify;\"><span style=\"font-size: 14pt;\">O promotor Ant\u00f4nio Vilas Boas Sousa estar\u00e1 no j\u00fari popular de Judarley Leite de Oliveira, acusado de matar o modelo Erick Ferraz, na madrugada do dia 01 de janeiro de 2012, na Av. Firmino Maia, Centro de Vi\u00e7osa. Ele comemorava o r\u00e9veillon ao lado da namorada, \u00c9rica Ferreira da Silva, quando os irm\u00e3os Jaysley Leite de Oliveira e Judarley Leite de Oliveira teriam iniciado uma confus\u00e3o.<\/span><\/p>\n<p style=\"text-align: justify;\"><span style=\"font-size: 14pt;\">O Minist\u00e9rio P\u00fablico ajuizou a\u00e7\u00e3o penal contra os Jaysley e Jurdarley e os acusou de homic\u00eddio duplamente qualificado, por motivo f\u00fatil e por meio de recurso que impossibilitou a defesa da v\u00edtima. Os irm\u00e3os tamb\u00e9m respondem por tentativa de homic\u00eddio contra \u00c9rica Ferreira da Silva, ent\u00e3o namorada do modelo. Se forem condenados, os r\u00e9us podem ser submetidos a pena de at\u00e9 30 anos de reclus\u00e3o. Erick foi assassinado com tr\u00eas tiros, todos nas costas, segundo laudo do Instituto de Criminal\u00edstica.<\/span><\/p>\n<p style=\"text-align: justify;\"><span style=\"font-size: 14pt;\">O julgamento que levar\u00e1 Judarley ao banco dos r\u00e9us est\u00e1 marcado para acontecer em 9 de novembro, \u00e0s 8h, no F\u00f3rum da Capital. Ele acontecer\u00e1 em Macei\u00f3 gra\u00e7as ao pedido de desaforamento feito pelo promotor de Justi\u00e7a de Vi\u00e7osa, Anderson Cl\u00e1udio de Almeida Barbosa. \u201cEsse foi um crime de enorme repercuss\u00e3o aqui no munic\u00edpio e, como a fam\u00edlia do r\u00e9u \u00e9 temida na regi\u00e3o e detentora de forte influ\u00eancia pol\u00edtica, estava clara a impossibilidade do j\u00fari ocorrer na cidade. \u00c9 \u00f3bvio que os jurados iriam se sentir intimidados, o que comprometeria, de pronto, a isen\u00e7\u00e3o do Conselho de Senten\u00e7a\u201d, explicou o promotor, acrescentando que tamb\u00e9m solicitou o desaforamento para o j\u00fari do outro acusado, Jasley Leite de Oliveira.<\/span><\/p>\n<p style=\"text-align: justify;\"><span style=\"font-size: 14pt;\"><strong>Minist\u00e9rio P\u00fablico no interior<\/strong><\/span><\/p>\n<p style=\"text-align: justify;\"><span style=\"font-size: 14pt;\">O MPE\/AL tamb\u00e9m estar\u00e1 presente em 68 processos que ser\u00e3o julgados nas comarcas de \u00c1gua Branca, Anadia, Arapiraca, Batalha, Cacimbinhas, Col\u00f4nia de Leopoldina, Coruripe, Feira Grande, Girau do Ponciano, Igreja Nova, Junqueiro, Maragogi, Marechal Deodoro, Maribondo, Mata Grande, Matriz do Camaragibe, Murici, Olho D&#8217;\u00c1gua das Flores, Palmeira dos \u00cdndios, Paripueira, Passo do Camaragibe, P\u00e3o de A\u00e7\u00facar, Penedo, Porto Calvo, Porto Real do Col\u00e9gio, Rio Largo, Santa Luzia do Norte, Santana do Ipanema, S\u00e3o Jos\u00e9 da Tapera, S\u00e3o Luiz do Quitunde, S\u00e3o Sebasti\u00e3o, Taquarana, Teot\u00f4nio Vilela, Traipu, Uni\u00e3o dos Palmares e Vi\u00e7osa.<\/span><\/p>\n<p style=\"text-align: justify;\"><span style=\"font-size: 14pt;\">No interior, participar\u00e3o do M\u00eas Nacional do J\u00fari os promotores de Justi\u00e7a Jos\u00e9 Alves de Oliveira Neto, Edelzito Santos Andrade, Delfino Costa Neto, Paulo Roberto de Melo Alves Filho, Francisca Paula de Jesus L\u00f4bo Nobre Santana, S\u00edlvio Azevedo Sampaio, Marllisson Andrade Silva, Ant\u00f4nio Lu\u00eds Villas Boas Sousa, Bruno de Souza Martins Baptista, F\u00e1bio Vasconcelos Barbosa, L\u00eddia Malta Prata Lima, Thiago Chacon Delgado, Sitael Jones Lemos, Vin\u00edcius Ferreira Calheiros Alves, Luiz Ten\u00f3rio Oliveira de Almeida, Jorge Luiz Bezerra, Am\u00e9lia Adriana de Carvalho Campelo, El\u00e1dio Pacheco Estrela, N\u00edlson Mendes de Miranda, Luiz Jos\u00e9 Gomes Vasconcelos, Luiz Cl\u00e1udio Branco Pires, Jos\u00e9 Ant\u00f4nio Malta Marques, Hylza Paiva Torres de Castro, Saulo Ventura de Holanda, Delma Maria Costa de Azevedo Pantale\u00e3o, Paulo Henrique da Silva Aguiar, Elo\u00e1 de Carvalho Melo, Cl\u00e1udio Jos\u00e9 Moreira Teles, Napole\u00e3o Amaral Franco, Marta Bueno Marques de Pinto, Adriano Jorge Correia Barbosa Lima, Wesley Fernandes Oliveira, Cl\u00e1udio Pereira Pinheiro, Ramon Formiga de Oliveira Carvalho, Maur\u00edcio Amaral Wanderley, Marcus Aur\u00e9lio Gomes Mousinho e Anderson Cl\u00e1udio de Almeida Barbosa.<\/span><\/p>\n<p style=\"text-align: justify;\"><span style=\"font-size: 14pt;\">E dentre os julgamentos, est\u00e1 o caso de Jos\u00e9 Willams Costa da Silva. Ele \u00e9 acusado de ter assassinado Jos\u00e9 Ferreira da Silva J\u00fanior com dois tiros, um nas costas e outro na coxa. O motivo teria sido uma briga, durante o carnaval, em fun\u00e7\u00e3o de som alto. \u201cO Ferreira puxava um bloco de rua e resolveu parar pr\u00f3ximo a um bar. Numa casa vizinha estava o Willams, que n\u00e3o gostou do barulho. Uma pessoa que estava na companhia do r\u00e9u chegou a procurar a v\u00edtima e pediu para que ela diminu\u00edsse o som do bloco, o que teria sido acatado. Por\u00e9m, ainda n\u00e3o satisfeito, o acusado sacou uma arma e efetuou dois disparos. A acusa\u00e7\u00e3o do Minist\u00e9rio P\u00fablico ser\u00e1 de homic\u00eddio duplamente qualificado, por motivo f\u00fatil e por meio de recurso que impossibilitou a defesa da v\u00edtima\u201d, explicou o promotor de Justi\u00e7a Luiz Ten\u00f3rio. Jos\u00e9 Willams Costa da Silva sentar\u00e1 no pr\u00f3ximo dia 03, \u00e0s 08h00, no f\u00f3rum de Santana do Ipanema.<\/span><\/p>\n<p style=\"text-align: justify;\"><span style=\"font-size: 14pt;\"><strong>O M\u00eas Nacional<\/strong><\/span><\/p>\n<p style=\"text-align: justify;\"><span style=\"font-size: 14pt;\">O M\u00eas Nacional do Tribunal do J\u00fari, que acontecer\u00e1 durante todas as semanas de novembro, \u00e9 um dos objetivos da Estrat\u00e9gia Nacional de Justi\u00e7a e Seguran\u00e7a P\u00fablica (Enasp), uma iniciativa do Conselho Nacional de Justi\u00e7a (CNJ) e conta com o envolvimento do Minist\u00e9rio P\u00fablico, da Defensoria P\u00fablica, da Ordem dos Advogados do Brasil, da Secretaria de Ressocializa\u00e7\u00e3o do Estado (Seris) e da Pol\u00edcia Militar, todas elas, institui\u00e7\u00f5es que trabalham no combate a viol\u00eancia no Brasil. Por meio dessa &#8216;Meta de Persecu\u00e7\u00e3o Penal&#8217;, a Enasp pretende levar a julgamento os respons\u00e1veis por crimes de homic\u00eddio e tentativa de assassinato que tenham tido seus processos iniciados pelo menos at\u00e9 dezembro de 2009.<\/span><\/p>\n","protected":false},"excerpt":{"rendered":"<p> [&hellip;]<\/p>\n","protected":false},"author":5,"featured_media":17894,"comment_status":"open","ping_status":"open","sticky":false,"template":"","format":"standard","meta":{"om_disable_all_campaigns":false,"_monsterinsights_skip_tracking":false,"_monsterinsights_sitenote_active":false,"_monsterinsights_sitenote_note":"","_monsterinsights_sitenote_category":0,"_uf_show_specific_survey":0,"_uf_disable_surveys":false,"footnotes":""},"categories":[2],"tags":[],"class_list":["post-17893","post","type-post","status-publish","format-standard","has-post-thumbnail","hentry","category-not_mpal"],"aioseo_notices":[],"_links":{"self":[{"href":"https:\/\/www.mpal.mp.br\/index.php?rest_route=\/wp\/v2\/posts\/17893","targetHints":{"allow":["GET"]}}],"collection":[{"href":"https:\/\/www.mpal.mp.br\/index.php?rest_route=\/wp\/v2\/posts"}],"about":[{"href":"https:\/\/www.mpal.mp.br\/index.php?rest_route=\/wp\/v2\/types\/post"}],"author":[{"embeddable":true,"href":"https:\/\/www.mpal.mp.br\/index.php?rest_route=\/wp\/v2\/users\/5"}],"replies":[{"embeddable":true,"href":"https:\/\/www.mpal.mp.br\/index.php?rest_route=%2Fwp%2Fv2%2Fcomments&post=17893"}],"version-history":[{"count":1,"href":"https:\/\/www.mpal.mp.br\/index.php?rest_route=\/wp\/v2\/posts\/17893\/revisions"}],"predecessor-version":[{"id":17895,"href":"https:\/\/www.mpal.mp.br\/index.php?rest_route=\/wp\/v2\/posts\/17893\/revisions\/17895"}],"wp:featuredmedia":[{"embeddable":true,"href":"https:\/\/www.mpal.mp.br\/index.php?rest_route=\/wp\/v2\/media\/17894"}],"wp:attachment":[{"href":"https:\/\/www.mpal.mp.br\/index.php?rest_route=%2Fwp%2Fv2%2Fmedia&parent=17893"}],"wp:term":[{"taxonomy":"category","embeddable":true,"href":"https:\/\/www.mpal.mp.br\/index.php?rest_route=%2Fwp%2Fv2%2Fcategories&post=17893"},{"taxonomy":"post_tag","embeddable":true,"href":"https:\/\/www.mpal.mp.br\/index.php?rest_route=%2Fwp%2Fv2%2Ftags&post=17893"}],"curies":[{"name":"wp","href":"https:\/\/api.w.org\/{rel}","templated":true}]}}