{"id":17890,"date":"2016-11-02T12:07:39","date_gmt":"2016-11-02T14:07:39","guid":{"rendered":"https:\/\/www.mpal.mp.br\/?p=17890"},"modified":"2022-09-02T12:08:20","modified_gmt":"2022-09-02T15:08:20","slug":"ampal-promove-ato-de-desagravo-em-favor-do-promotor-luiz-tenorio-membro-do-mpe-al-foi-atacado-verbalmente-pelo-deputado-olavo-calheiros","status":"publish","type":"post","link":"https:\/\/www.mpal.mp.br\/?p=17890","title":{"rendered":"Ampal promove ato de desagravo em favor do promotor Luiz Ten\u00f3rio; membro do MPE\/AL foi atacado verbalmente pelo deputado Olavo Calheiros"},"content":{"rendered":"<p style=\"text-align: justify;\"><span style=\"font-size: 14pt;\">A Associa\u00e7\u00e3o do Minist\u00e9rio P\u00fablico de Alagoas (Ampal) vai promover, nesta sexta-feira (04), no munic\u00edpio de S\u00e3o Jos\u00e9 da Tapera, a partir das 11h, um ato de desagravo em favor do promotor de Justi\u00e7a Luiz Ten\u00f3rio. O membro do Minist\u00e9rio P\u00fablico Estadual de Alagoas (MPE\/AL) foi v\u00edtima de agress\u00f5es verbais feitas pelo deputado estadual Olavo Calheiros (PMDB), h\u00e1 mais de um m\u00eas.<\/span><\/p>\n<p style=\"text-align: justify;\"><span style=\"font-size: 14pt;\">A manifesta\u00e7\u00e3o da Ampal, que acontecer\u00e1 na C\u00e2mara Municipal de S\u00e3o Jos\u00e9 da Tapera, vai reunir a presidente da entidade, Adilza In\u00e1cio de Freitas, outros membros da diretoria da Associa\u00e7\u00e3o, o procurador-geral de Justi\u00e7a, S\u00e9rgio Juc\u00e1, integrantes do Grupo Estadual de Combate \u00e0s Organiza\u00e7\u00f5es Criminosas (Gecoc), promotores de Justi\u00e7a e prefeitos e vereadores dos munic\u00edpios de Tapera,\u00a0Olho D&#8217;\u00c1gua das Flores, Oliven\u00e7a, Senador\u00a0Rui Palmeira e Carneiros, al\u00e9m do prefeito eleito de Monteir\u00f3polis. Tamb\u00e9m v\u00e3o comparecer representantes de conselhos tutelares, da igreja cat\u00f3lica e de Centros de Refer\u00eancia de Assist\u00eancia Social (Cras) e de Centros de Refer\u00eancia Especializado de Assist\u00eancia Social (Creas).<\/span><\/p>\n<p style=\"text-align: justify;\"><span style=\"font-size: 14pt;\">A motiva\u00e7\u00e3o do ato foram os ataques deferidos pelo deputado Olavo Calheiros (PMDB), em 26 de setembro passado, quando o peemedebista insultou o promotor de Justi\u00e7a Luiz Ten\u00f3rio durante um com\u00edcio no munic\u00edpio de Monteir\u00f3polis. Na ocasi\u00e3o, Calheiros participava de uma atividade de campanha do atual prefeito Elmo Medeiros, tamb\u00e9m do PMDB.<\/span><\/p>\n<p style=\"text-align: justify;\"><span style=\"font-size: 14pt;\">Para a Ampal, as cr\u00edticas ocorreram porque, tanto o deputado, quanto o prefeito, n\u00e3o gostaram do trabalho desenvolvido por Luiz Ten\u00f3rio naquela cidade.<\/span><\/p>\n<p style=\"text-align: justify;\"><span style=\"font-size: 14pt;\">Elmo Medeiros \u00e9 alvo de uma a\u00e7\u00e3o por ato de improbidade administrativa ajuizada por Ten\u00f3rio. O gestor, secret\u00e1rios e ex-secret\u00e1rios municipais s\u00e3o apontados como participantes de um esquema de desvio de recursos p\u00fablico e pesam contra eles as acusa\u00e7\u00f5es de peculato (art. 312 C\u00f3digo Penal (CP)), falsidade ideol\u00f3gica (art. 299 do CP), uso de documentos falsos (art. 304 CP), fraude em licita\u00e7\u00e3o (art. 90 da Lei 8666\/93) e organiza\u00e7\u00e3o criminosa (art. 1\u00ba da Lei 12.850\/2013), al\u00e9m de crimes de responsabilidade previstos no Decreto-Lei n\u00ba 201\/67.<\/span><\/p>\n<p style=\"text-align: justify;\"><span style=\"font-size: 14pt;\">&#8220;E com base na a\u00e7\u00e3o por ato de improbidade administrativa, a Procuradoria Geral de Justi\u00e7a ofereceu den\u00fancia contra o prefeito Elmo Medeiros, em setembro \u00faltimo, requerendo que ele fosse afastado do cargo. E o relator do processo, desembargador Jos\u00e9 Carlos Malta Marques, deferiu o pedido do Minist\u00e9rio P\u00fablico, decretando o afastamento do prefeito da fun\u00e7\u00e3o por 180 dias&#8221; explicou o chefe do MPE\/AL, S\u00e9rgio Juc\u00e1. Ou seja, acaba o seu mandato e Medeiros n\u00e3o deve retornar ao Poder Executivo.<\/span><\/p>\n<p style=\"text-align: justify;\"><span style=\"font-size: 14pt;\"><strong>Nota da Ampal<\/strong><\/span><\/p>\n<p style=\"text-align: justify;\"><span style=\"font-size: 14pt;\">Logo ap\u00f3s as cr\u00edticas verbais feitas pelo deputado estadual Olavo Calheiros (PMDB), a Ampal emitiu uma nota em solidariedade a Luiz Ten\u00f3rio e em rep\u00fadio as declara\u00e7\u00f5es do parlamentar.<\/span><\/p>\n<p style=\"text-align: justify;\"><span style=\"font-size: 14pt;\">No documento, a entidade afirmou que o deputado de &#8220;forma leviana e desesperada&#8221;, ofendeu a imagem do integrante do MPE\/AL. &#8220;A veicula\u00e7\u00e3o das agress\u00f5es do parlamentar nas redes sociais d\u00e3o conta de sua ira contra o promotor de Justi\u00e7a Luiz Ten\u00f3rio, que participou da equipe de promotores que investigou os fatos nos quais o referido prefeito est\u00e1 envolvido como poss\u00edvel autor de in\u00fameros condutas criminosas\u201d, disse um trecho da nota.<\/span><\/p>\n<p style=\"text-align: justify;\"><span style=\"font-size: 14pt;\">\u201cA Ampal repudia veementemente toda e qualquer agress\u00e3o que venha macular a lisura, a honestidade, a imparcialidade e a corre\u00e7\u00e3o de postura do referido promotor Luiz Ten\u00f3rio, e lamenta a atitude do deputado Olavo Calheiros, que, ao inv\u00e9s de lutar contra a corrup\u00e7\u00e3o e a impunidade, exp\u00f5e-se publicamente contra aquele que a combatem\u201d, finalizou.\u2060\u2060\u2060\u2060<\/span><\/p>\n","protected":false},"excerpt":{"rendered":"<p> [&hellip;]<\/p>\n","protected":false},"author":5,"featured_media":17891,"comment_status":"open","ping_status":"open","sticky":false,"template":"","format":"standard","meta":{"om_disable_all_campaigns":false,"_monsterinsights_skip_tracking":false,"_monsterinsights_sitenote_active":false,"_monsterinsights_sitenote_note":"","_monsterinsights_sitenote_category":0,"_uf_show_specific_survey":0,"_uf_disable_surveys":false,"footnotes":""},"categories":[2],"tags":[],"class_list":["post-17890","post","type-post","status-publish","format-standard","has-post-thumbnail","hentry","category-not_mpal"],"aioseo_notices":[],"_links":{"self":[{"href":"https:\/\/www.mpal.mp.br\/index.php?rest_route=\/wp\/v2\/posts\/17890","targetHints":{"allow":["GET"]}}],"collection":[{"href":"https:\/\/www.mpal.mp.br\/index.php?rest_route=\/wp\/v2\/posts"}],"about":[{"href":"https:\/\/www.mpal.mp.br\/index.php?rest_route=\/wp\/v2\/types\/post"}],"author":[{"embeddable":true,"href":"https:\/\/www.mpal.mp.br\/index.php?rest_route=\/wp\/v2\/users\/5"}],"replies":[{"embeddable":true,"href":"https:\/\/www.mpal.mp.br\/index.php?rest_route=%2Fwp%2Fv2%2Fcomments&post=17890"}],"version-history":[{"count":1,"href":"https:\/\/www.mpal.mp.br\/index.php?rest_route=\/wp\/v2\/posts\/17890\/revisions"}],"predecessor-version":[{"id":17892,"href":"https:\/\/www.mpal.mp.br\/index.php?rest_route=\/wp\/v2\/posts\/17890\/revisions\/17892"}],"wp:featuredmedia":[{"embeddable":true,"href":"https:\/\/www.mpal.mp.br\/index.php?rest_route=\/wp\/v2\/media\/17891"}],"wp:attachment":[{"href":"https:\/\/www.mpal.mp.br\/index.php?rest_route=%2Fwp%2Fv2%2Fmedia&parent=17890"}],"wp:term":[{"taxonomy":"category","embeddable":true,"href":"https:\/\/www.mpal.mp.br\/index.php?rest_route=%2Fwp%2Fv2%2Fcategories&post=17890"},{"taxonomy":"post_tag","embeddable":true,"href":"https:\/\/www.mpal.mp.br\/index.php?rest_route=%2Fwp%2Fv2%2Ftags&post=17890"}],"curies":[{"name":"wp","href":"https:\/\/api.w.org\/{rel}","templated":true}]}}