{"id":17884,"date":"2016-11-04T12:06:04","date_gmt":"2016-11-04T14:06:04","guid":{"rendered":"https:\/\/www.mpal.mp.br\/?p=17884"},"modified":"2022-09-02T12:06:36","modified_gmt":"2022-09-02T15:06:36","slug":"promotoria-de-justica-entrega-recomendacao-a-prefeito-e-candidato-eleito-de-jequia-campanha-transicao-legal-alcanca-39-municipios","status":"publish","type":"post","link":"https:\/\/www.mpal.mp.br\/?p=17884","title":{"rendered":"Promotoria de Justi\u00e7a entrega recomenda\u00e7\u00e3o a prefeito e candidato eleito de Jequi\u00e1; Campanha Transi\u00e7\u00e3o Legal alcan\u00e7a 39 munic\u00edpios"},"content":{"rendered":"<p style=\"text-align: justify;\"><span style=\"font-size: 14pt;\">A Promotoria de Justi\u00e7a de S\u00e3o Miguel dos Campos, que tem o Munic\u00edpio de Jequi\u00e1 da Praia como termo, recomendou, nesta quinta-feira (3), uma s\u00e9rie de medidas para transi\u00e7\u00e3o da gest\u00e3o municipal.<\/span><\/p>\n<p style=\"text-align: justify;\"><span style=\"font-size: 14pt;\">Em audi\u00eancia realizada no pr\u00e9dio-sede das Promotorias de Justi\u00e7a de S\u00e3o Miguel dos Campos, estiveram presentes o prefeito da cidade, Marcelo Beltr\u00e3o, a candidata eleita, Jeannyne Beltr\u00e3o, e o procurador do Munic\u00edpio, Henrique Mousinho.<\/span><\/p>\n<p style=\"text-align: justify;\"><span style=\"font-size: 14pt;\">A promotora de Justi\u00e7a Stella Val\u00e9ria Cavalcanti orientou as partes sobre como proceder na cria\u00e7\u00e3o da Comiss\u00e3o de Transi\u00e7\u00e3o, que deve ser institu\u00edda por lei, nos termos da Recomenda\u00e7\u00e3o n 001\/2016 da Procuradoria Geral de Justi\u00e7a, at\u00e9 o dia 15 de novembro.<\/span><\/p>\n<p style=\"text-align: justify;\"><span style=\"font-size: 14pt;\">&#8220;A Campanha &#8216;Transi\u00e7\u00e3o Legal&#8217; vem sendo replicado em todo o Estado de Alagoas. J\u00e1 foram entregues 39 Recomenda\u00e7\u00f5es at\u00e9 o momento. Com este trabalho preventivo, o MP\/AL pretende evitar poss\u00edveis desvios de dinheiro p\u00fablico e colaborar para uma transi\u00e7\u00e3o pac\u00edfica entre as administra\u00e7\u00f5es municipais. E para que haja uma continuidade nos servi\u00e7os p\u00fablicos e programas sociais oferecidos \u00e0 popula\u00e7\u00e3o&#8221;, disse a titular da 2a Promotoria de Justi\u00e7a de S\u00e3o Miguel dos Campos.<\/span><\/p>\n<h3 style=\"text-align: justify;\"><span style=\"font-size: 14pt;\">Transi\u00e7\u00e3o Legal<\/span><\/h3>\n<p style=\"text-align: justify;\"><span style=\"font-size: 14pt;\">O Minist\u00e9rio P\u00fablico do Estado de Alagoas lan\u00e7ou a campanha \u201cTransi\u00e7\u00e3o Legal\u201d. A iniciativa tem como base a Recomenda\u00e7\u00e3o n\u00ba 001\/2016 da Procuradoria Geral de Justi\u00e7a e serve de convite para os alagoanos denunciarem irregularidades nas prefeituras municipais.<\/span><\/p>\n<p style=\"text-align: justify;\"><span style=\"font-size: 14pt;\">O \u00f3rg\u00e3o ministerial recomenda aos atuais e futuros ocupantes do cargo de prefeito dos Munic\u00edpios a ado\u00e7\u00e3o de medidas para instaura\u00e7\u00e3o e funcionamento da comiss\u00e3o de transi\u00e7\u00e3o. O procedimento tamb\u00e9m orienta os promotores de Justi\u00e7a para fiscaliza\u00e7\u00e3o do efetivo cumprimento das normas de responsabilidade fiscal, transpar\u00eancia e moralidade administrativa, no que se refere \u00e0s transi\u00e7\u00f5es de gest\u00f5es municipais.<\/span><\/p>\n","protected":false},"excerpt":{"rendered":"<p> [&hellip;]<\/p>\n","protected":false},"author":5,"featured_media":17885,"comment_status":"open","ping_status":"open","sticky":false,"template":"","format":"standard","meta":{"om_disable_all_campaigns":false,"_monsterinsights_skip_tracking":false,"_monsterinsights_sitenote_active":false,"_monsterinsights_sitenote_note":"","_monsterinsights_sitenote_category":0,"_uf_show_specific_survey":0,"_uf_disable_surveys":false,"footnotes":""},"categories":[2],"tags":[],"class_list":["post-17884","post","type-post","status-publish","format-standard","has-post-thumbnail","hentry","category-not_mpal"],"aioseo_notices":[],"_links":{"self":[{"href":"https:\/\/www.mpal.mp.br\/index.php?rest_route=\/wp\/v2\/posts\/17884","targetHints":{"allow":["GET"]}}],"collection":[{"href":"https:\/\/www.mpal.mp.br\/index.php?rest_route=\/wp\/v2\/posts"}],"about":[{"href":"https:\/\/www.mpal.mp.br\/index.php?rest_route=\/wp\/v2\/types\/post"}],"author":[{"embeddable":true,"href":"https:\/\/www.mpal.mp.br\/index.php?rest_route=\/wp\/v2\/users\/5"}],"replies":[{"embeddable":true,"href":"https:\/\/www.mpal.mp.br\/index.php?rest_route=%2Fwp%2Fv2%2Fcomments&post=17884"}],"version-history":[{"count":1,"href":"https:\/\/www.mpal.mp.br\/index.php?rest_route=\/wp\/v2\/posts\/17884\/revisions"}],"predecessor-version":[{"id":17886,"href":"https:\/\/www.mpal.mp.br\/index.php?rest_route=\/wp\/v2\/posts\/17884\/revisions\/17886"}],"wp:featuredmedia":[{"embeddable":true,"href":"https:\/\/www.mpal.mp.br\/index.php?rest_route=\/wp\/v2\/media\/17885"}],"wp:attachment":[{"href":"https:\/\/www.mpal.mp.br\/index.php?rest_route=%2Fwp%2Fv2%2Fmedia&parent=17884"}],"wp:term":[{"taxonomy":"category","embeddable":true,"href":"https:\/\/www.mpal.mp.br\/index.php?rest_route=%2Fwp%2Fv2%2Fcategories&post=17884"},{"taxonomy":"post_tag","embeddable":true,"href":"https:\/\/www.mpal.mp.br\/index.php?rest_route=%2Fwp%2Fv2%2Ftags&post=17884"}],"curies":[{"name":"wp","href":"https:\/\/api.w.org\/{rel}","templated":true}]}}