{"id":17881,"date":"2016-11-04T12:05:03","date_gmt":"2016-11-04T14:05:03","guid":{"rendered":"https:\/\/www.mpal.mp.br\/?p=17881"},"modified":"2022-09-02T12:05:45","modified_gmt":"2022-09-02T15:05:45","slug":"membros-do-mpe-al-politicos-e-populacao-prestam-solidariedade-a-promotor-de-justica-luiz-tenorio-durante-ato-em-tapera","status":"publish","type":"post","link":"https:\/\/www.mpal.mp.br\/?p=17881","title":{"rendered":"Membros do MPE\/AL, pol\u00edticos e popula\u00e7\u00e3o prestam solidariedade a promotor de Justi\u00e7a Luiz Ten\u00f3rio durante ato em Tapera"},"content":{"rendered":"<p style=\"text-align: justify;\"><span style=\"font-size: 14pt;\">Com uma recep\u00e7\u00e3o calorosa da Associa\u00e7\u00e3o do Minist\u00e9rio P\u00fablico de Alagoas (Ampal) e da Procuradoria Geral de Justi\u00e7a, o ato de desagravo em favor do promotor de Justi\u00e7a Luiz Ten\u00f3rio reuniu, nesta sexta-feira (4), dezenas de pessoas na Escola Jo\u00e3o Paulo, em S\u00e3o Jos\u00e9 da Tapera. Entre os presentes, estavam prefeitos, vereadores, candidatos eleitos, servidores p\u00fablicos, profissionais liberais e populares, que sa\u00edram em defesa do membro do \u00f3rg\u00e3o ministerial.<\/span><\/p>\n<p style=\"text-align: justify;\"><span style=\"font-size: 14pt;\">A motiva\u00e7\u00e3o do ato foram os ataques deferidos pelo deputado Olavo Calheiros (PMDB), em 26 de setembro passado, quando o peemedebista insultou o promotor de Justi\u00e7a Luiz Ten\u00f3rio durante um com\u00edcio no munic\u00edpio de Monteir\u00f3polis. Na ocasi\u00e3o, Calheiros participava de uma atividade de campanha do atual prefeito Elmo Medeiros, tamb\u00e9m do PMDB. Para a Ampal, as cr\u00edticas ocorreram porque, tanto o deputado, quanto o prefeito, n\u00e3o gostaram do trabalho desenvolvido por Luiz Ten\u00f3rio naquela cidade.<\/span><\/p>\n<p style=\"text-align: justify;\"><span style=\"font-size: 14pt;\">Pelo Minist\u00e9rio P\u00fablico do Estado de Alagoas (MPE\/AL), o primeiro a se manifestar foi o procurador-geral de Justi\u00e7a, S\u00e9rgio Juc\u00e1, que destacou o compromisso de Luiz Ten\u00f3rio com o exerc\u00edcio funcional e a popula\u00e7\u00e3o alagoana, principal destinat\u00e1ria do trabalho dele.<\/span><\/p>\n<p style=\"text-align: justify;\"><span style=\"font-size: 14pt;\">&#8220;O promotor de Justi\u00e7a Luiz Ten\u00f3rio \u00e9 uma refer\u00eancia n\u00e3o s\u00f3 para o Estado de Alagoas, como tamb\u00e9m para todo o Minist\u00e9rio P\u00fablico Brasileiro. Trata-se de um profissional exemplar, que nos orgulha por agir em defesa do povo dos munic\u00edpios que formam as comarcas de S\u00e3o Jos\u00e9 da Tapera e Santana do Ipanema. Em nome da institui\u00e7\u00e3o, em nome de todos seus colegas, afirmo o orgulho que n\u00f3s temos do senhor ser promotor de Justi\u00e7a, nosso colega e um dos mais brilhantes integrantes do nosso Minist\u00e9rio P\u00fablico&#8221;, disse S\u00e9rgio Juc\u00e1.<\/span><\/p>\n<p style=\"text-align: justify;\"><span style=\"font-size: 14pt;\">Segundo a presidente da Ampal, promotora de Justi\u00e7a Adilza Freitas, h\u00e1 dois tipos de pessoas insatisfeitas com o Minist\u00e9rio P\u00fablico: os que o desconhecem e os &#8216;fora da lei&#8217;. &#8220;Os integrantes do MP t\u00eam sofrido ataques de todos os lados e de todos os tipos. N\u00e3o por seus erros, mas sim por seus acertos. Doutor Luiz, conte com sua entidade de classe. Vossa Excel\u00eancia nunca est\u00e1 s\u00f3: ao seu lado, est\u00e3o todos os seus colegas, todos n\u00f3s, promotores e procuradores de Justi\u00e7a&#8221;, refor\u00e7ou a lideran\u00e7a da categoria.<\/span><\/p>\n<p style=\"text-align: justify;\"><span style=\"font-size: 14pt;\">O prefeito de S\u00e3o Jos\u00e9 da Tapera, Jarbas Pereira Ricardo, tamb\u00e9m se pronunciou a favor do promotor de Justi\u00e7a Luiz Ten\u00f3rio, a quem descreveu como homem de di\u00e1logo e consenso. Segundo o gestor, o membro do MPE\/AL age em benef\u00edcio da sociedade. &#8220;Como prefeito em final de mandato, quero dizer que o senhor foi nota 10 para as cidades de S\u00e3o Jos\u00e9 da Tapera, Carneiros e Senador Rui Palmeira. Temos a certeza de que tivemos uma conviv\u00eancia honesta, sem nada a apagar ou conversa a esconder&#8221;, frisou Jarbas Ricardo, que repudiou \u00e0s ofensas do deputado estadual Olavo Calheiros contra Luiz Ten\u00f3rio.<\/span><\/p>\n<p style=\"text-align: justify;\"><span style=\"font-size: 14pt;\">Encerrando os pronunciamentos, o promotor de Justi\u00e7a agradeceu o apoio de todos os que prestaram solidariedade nas \u00faltimas semanas: \u201cAgrade\u00e7o imensamente a cada um de voc\u00eas por estarem aqui, por esse gesto de carinho, de verdadeira amizade, por acreditarem na minha trajet\u00f3ria de vida pessoal e profissional, por repudiarem o capuz da desonra com o qual os inimigos at\u00e9 ent\u00e3o desconhecidos procuraram revestir a minha pessoa; n\u00e3o esquecendo daqueles amigos que, por algum motivo, n\u00e3o puderam se expressar ou n\u00e3o puderam estar presentes neste dia. Assim, diante de tamanha demonstra\u00e7\u00e3o de apoio, solidariedade e inestim\u00e1vel carinho, neste momento t\u00e3o delicado da minha vida, s\u00f3 me resta dizer que me sinto privilegiado de t\u00ea-los como amigos\u201d.<\/span><\/p>\n<p style=\"text-align: justify;\"><span style=\"font-size: 14pt;\">Pelo Minist\u00e9rio P\u00fablico, al\u00e9m do procurador-geral de Justi\u00e7a e da presidente da Ampal, prestaram solidariedade a Luiz Ten\u00f3rio, os promotores de Justi\u00e7a Hamilton Carneiro, Napole\u00e3o Amaral e Bol\u00edvar Ferro.<\/span><\/p>\n<p style=\"text-align: justify;\"><span style=\"font-size: 14pt;\">Estiveram presentes no ato de desagravo em favor do promotor de Justi\u00e7a Luiz Ten\u00f3rio os prefeitos dos munic\u00edpios de prefeitos e vereadores dos munic\u00edpios de Tapera, Olho D&#8217;\u00c1gua das Flores, Oliven\u00e7a, Senador Rui Palmeira e Carneiros, al\u00e9m do prefeito eleito de Monteir\u00f3polis, bem como os candidatos eleitos de Monteir\u00f3polis, Carneiros e Senador Rui Palmeira.<\/span><\/p>\n<p style=\"text-align: justify;\"><span style=\"font-size: 14pt;\">Advogados, professores, servidores p\u00fablicos e representantes de conselhos tutelares, da igreja cat\u00f3lica e de Centros de Refer\u00eancia de Assist\u00eancia Social (Cras) e de Centros de Refer\u00eancia Especializado de Assist\u00eancia Social (Creas) se manifestaram em defesa do promotor de Justi\u00e7a, que atua nas comarcas de S\u00e3o Jos\u00e9 da Tapera e Santana do Ipanema e pelo Grupo Estadual de Combate \u00e0s Organiza\u00e7\u00f5es Criminosas (Gecoc).<\/span><\/p>\n<p style=\"text-align: justify;\"><span style=\"font-size: 14pt;\"><strong>Improbidade administrativa<\/strong><\/span><\/p>\n<p style=\"text-align: justify;\"><span style=\"font-size: 14pt;\">O prefeito de Monteir\u00f3polis,Elmo Medeiros, \u00e9 alvo de uma a\u00e7\u00e3o por ato de improbidade administrativa ajuizada por Ten\u00f3rio. O gestor, secret\u00e1rios e ex-secret\u00e1rios municipais s\u00e3o apontados como participantes de um esquema de desvio de recursos p\u00fablico e pesam contra eles as acusa\u00e7\u00f5es de peculato (art. 312 C\u00f3digo Penal (CP)), falsidade ideol\u00f3gica (art. 299 do CP), uso de documentos falsos (art. 304 CP), fraude em licita\u00e7\u00e3o (art. 90 da Lei 8666\/93) e organiza\u00e7\u00e3o criminosa (art. 1\u00ba da Lei 12.850\/2013), al\u00e9m de crimes de responsabilidade previstos no Decreto-Lei n\u00ba 201\/67.<\/span><\/p>\n<p style=\"text-align: justify;\"><span style=\"font-size: 14pt;\">&#8220;E com base na a\u00e7\u00e3o por ato de improbidade administrativa, a Procuradoria Geral de Justi\u00e7a ofereceu den\u00fancia contra o prefeito Elmo Medeiros, em setembro \u00faltimo, requerendo que ele fosse afastado do cargo. E o relator do processo, desembargador Jos\u00e9 Carlos Malta Marques, deferiu o pedido do Minist\u00e9rio P\u00fablico, decretando o afastamento do prefeito da fun\u00e7\u00e3o por 180 dias&#8221; explicou o chefe do MPE\/AL, S\u00e9rgio Juc\u00e1. Ou seja, acaba o seu mandato e Medeiros n\u00e3o deve retornar ao Poder Executivo.<\/span><\/p>\n<p style=\"text-align: justify;\"><span style=\"font-size: 14pt;\">Logo ap\u00f3s as cr\u00edticas verbais feitas pelo deputado estadual Olavo Calheiros (PMDB), a Ampal emitiu uma nota em solidariedade a Luiz Ten\u00f3rio e em rep\u00fadio as declara\u00e7\u00f5es do parlamentar.<\/span><\/p>\n<p style=\"text-align: justify;\"><span style=\"font-size: 14pt;\">No documento, a entidade afirmou que o deputado de &#8220;forma leviana e desesperada&#8221;, ofendeu a imagem do integrante do MPE\/AL. &#8220;A veicula\u00e7\u00e3o das agress\u00f5es do parlamentar nas redes sociais d\u00e3o conta de sua ira contra o promotor de Justi\u00e7a Luiz Ten\u00f3rio, que participou da equipe de promotores que investigou os fatos nos quais o referido prefeito est\u00e1 envolvido como poss\u00edvel autor de in\u00fameros condutas criminosas\u201d, disse um trecho da nota.<\/span><\/p>\n<p style=\"text-align: justify;\"><span style=\"font-size: 14pt;\">\u201cA Ampal repudia veementemente toda e qualquer agress\u00e3o que venha macular a lisura, a honestidade, a imparcialidade e a corre\u00e7\u00e3o de postura do referido promotor Luiz Ten\u00f3rio, e lamenta a atitude do deputado Olavo Calheiros, que, ao inv\u00e9s de lutar contra a corrup\u00e7\u00e3o e a impunidade, exp\u00f5e-se publicamente contra aquele que a combatem\u201d, finalizou.<\/span><\/p>\n","protected":false},"excerpt":{"rendered":"<p> [&hellip;]<\/p>\n","protected":false},"author":5,"featured_media":17882,"comment_status":"open","ping_status":"open","sticky":false,"template":"","format":"standard","meta":{"om_disable_all_campaigns":false,"_monsterinsights_skip_tracking":false,"_monsterinsights_sitenote_active":false,"_monsterinsights_sitenote_note":"","_monsterinsights_sitenote_category":0,"_uf_show_specific_survey":0,"_uf_disable_surveys":false,"footnotes":""},"categories":[2],"tags":[],"class_list":["post-17881","post","type-post","status-publish","format-standard","has-post-thumbnail","hentry","category-not_mpal"],"aioseo_notices":[],"_links":{"self":[{"href":"https:\/\/www.mpal.mp.br\/index.php?rest_route=\/wp\/v2\/posts\/17881","targetHints":{"allow":["GET"]}}],"collection":[{"href":"https:\/\/www.mpal.mp.br\/index.php?rest_route=\/wp\/v2\/posts"}],"about":[{"href":"https:\/\/www.mpal.mp.br\/index.php?rest_route=\/wp\/v2\/types\/post"}],"author":[{"embeddable":true,"href":"https:\/\/www.mpal.mp.br\/index.php?rest_route=\/wp\/v2\/users\/5"}],"replies":[{"embeddable":true,"href":"https:\/\/www.mpal.mp.br\/index.php?rest_route=%2Fwp%2Fv2%2Fcomments&post=17881"}],"version-history":[{"count":1,"href":"https:\/\/www.mpal.mp.br\/index.php?rest_route=\/wp\/v2\/posts\/17881\/revisions"}],"predecessor-version":[{"id":17883,"href":"https:\/\/www.mpal.mp.br\/index.php?rest_route=\/wp\/v2\/posts\/17881\/revisions\/17883"}],"wp:featuredmedia":[{"embeddable":true,"href":"https:\/\/www.mpal.mp.br\/index.php?rest_route=\/wp\/v2\/media\/17882"}],"wp:attachment":[{"href":"https:\/\/www.mpal.mp.br\/index.php?rest_route=%2Fwp%2Fv2%2Fmedia&parent=17881"}],"wp:term":[{"taxonomy":"category","embeddable":true,"href":"https:\/\/www.mpal.mp.br\/index.php?rest_route=%2Fwp%2Fv2%2Fcategories&post=17881"},{"taxonomy":"post_tag","embeddable":true,"href":"https:\/\/www.mpal.mp.br\/index.php?rest_route=%2Fwp%2Fv2%2Ftags&post=17881"}],"curies":[{"name":"wp","href":"https:\/\/api.w.org\/{rel}","templated":true}]}}