{"id":17878,"date":"2016-11-04T12:03:54","date_gmt":"2016-11-04T14:03:54","guid":{"rendered":"https:\/\/www.mpal.mp.br\/?p=17878"},"modified":"2022-09-02T12:04:37","modified_gmt":"2022-09-02T15:04:37","slug":"ministerio-publico-consegue-condenacao-de-tres-reus-nos-dois-primeiros-dias-do-mes-nacional-do-tribunal-do-juri","status":"publish","type":"post","link":"https:\/\/www.mpal.mp.br\/?p=17878","title":{"rendered":"Minist\u00e9rio P\u00fablico consegue condena\u00e7\u00e3o de tr\u00eas r\u00e9us nos dois primeiros dias do M\u00eas Nacional do Tribunal do J\u00fari"},"content":{"rendered":"<p style=\"text-align: justify;\"><span style=\"font-size: 14pt;\">O trabalho dos promotores de Justi\u00e7a que est\u00e3o atuando no M\u00eas Nacional do Tribunal do J\u00fari est\u00e1 conseguindo a condena\u00e7\u00e3o de r\u00e9us acusados do cometimento de crimes dolosos contra a vida. Nos dias 03 e 04 deste m\u00eas, em quatro j\u00faris realizados, o Minist\u00e9rio P\u00fablico Estadual de Alagoas (MPE\/AL) conseguiu a condena\u00e7\u00e3o de tr\u00eas homens apontados como autores de homic\u00eddios.<\/span><\/p>\n<p style=\"text-align: justify;\"><span style=\"font-size: 14pt;\">No dia 03, em Santana do Ipanema, Jos\u00e9 Willames Costa da Silva foi condenado a 21 anos de reclus\u00e3o pelo assassinato de Jos\u00e9 Ferreira da Silva J\u00fanior. O papel da acusa\u00e7\u00e3o foi feito pelo promotor de Justi\u00e7a Luiz Ten\u00f3rio. \u201cO assassinato ocorreu em fevereiro deste ano, no Povoado Areia Branca, no bairro S\u00e3o Sebasti\u00e3o. A v\u00edtima participava de um bloco de carnaval e, junto com v\u00e1rios foli\u00f5es, parou no Espetinho do Arley. O r\u00e9u, incomodado com o som alto, pediu para que o volume fosse reduzido, o que foi atendido de imediato. Por\u00e9m, n\u00e3o satisfeito, o acusado iniciou uma discuss\u00e3o e acabou assassinando o Willames com dois tiros, um nas costas e outro na coxa. A v\u00edtima era muito querida e o crime chocou os moradores da cidade\u201d, explicou o promotor.<\/span><\/p>\n<p style=\"text-align: justify;\"><span style=\"font-size: 14pt;\">Nesse julgamento, o Conselho de Senten\u00e7a condenou o r\u00e9u Jos\u00e9 Ferreira por homic\u00eddio duplamente qualificado, por motivo f\u00fatil e por meio de recurso que dificultou a defesa da v\u00edtima. A pena vai ser cumprida em regime inicialmente fechado.<\/span><\/p>\n<p style=\"text-align: justify;\"><span style=\"font-size: 14pt;\"><strong>S\u00e3o Miguel dos Milagres<\/strong><\/span><\/p>\n<p style=\"text-align: justify;\"><span style=\"font-size: 14pt;\">Na cidade de Passo de Camaragibe, foi o trabalho de acusa\u00e7\u00e3o do promotor Thiago Chacon que levou a condena\u00e7\u00e3o o r\u00e9u Alo\u00edsio Filho de Amorim, tamb\u00e9m no dia 03. Ele foi submetido a uma pena de 23 anos de reclus\u00e3o pelo homic\u00eddio praticado contra Amanda Thaynara de Ara\u00fajo Santos.<\/span><\/p>\n<p style=\"text-align: justify;\"><span style=\"font-size: 14pt;\">De acordo com o promotor, o assassinato foi motivado por um desentendimento entre o r\u00e9u e uma amiga da v\u00edtima. \u201cO acusado estava discutindo com uma mulher identificada como Maria \u00c2ngela, que, na ocasi\u00e3o, estava acompanhada pelos filhos, duas crian\u00e7as. Durante essa discuss\u00e3o, a Thaynara come\u00e7ou a defender a \u00c2ngela, de quem era amiga. O r\u00e9u, inconformado com a postura da v\u00edtima, passou a agredi-la, deferindo-lhe 16 golpes de faca. Foi um crime b\u00e1rbaro e cometido com muita frieza, inclusive, na frente dos menores de idade. Pedimos a condena\u00e7\u00e3o de Alo\u00edsio por homic\u00eddio triplamente qualificado, por motivos f\u00fatil, meio cruel e que impossibilitou a defesa da v\u00edtima. Os jurados acolheram a nossa tese e o r\u00e9u foi condenado com todas essas qualificadoras\u201d, detalhou Thiago Chacon.<\/span><\/p>\n<p style=\"text-align: justify;\"><span style=\"font-size: 14pt;\">O assassinato aconteceu em agosto de 2014 no munic\u00edpio de S\u00e3o Miguel dos Milagres, Litoral Norte de Alagoas.<\/span><\/p>\n<p style=\"text-align: justify;\"><span style=\"font-size: 14pt;\"><strong>J\u00fari em Maragogi<\/strong><\/span><\/p>\n<p style=\"text-align: justify;\"><span style=\"font-size: 14pt;\">J\u00e1 no dia 04, uma nova condena\u00e7\u00e3o aconteceu, dessa vez, na cidade de Maragogi. Jos\u00e9 Paulo de Oliveira foi condenado a cinco anos de reclus\u00e3o pela morte de Natanael Augusto da Silva, homic\u00eddio ocorrido em 6 de agosto de 2000. A motiva\u00e7\u00e3o, segundo o Minist\u00e9rio P\u00fablico, foi uma desaven\u00e7a entre os dois, enquanto ambos ingeriam bebidas alco\u00f3licas.<\/span><\/p>\n<p style=\"text-align: justify;\"><span style=\"font-size: 14pt;\">Durante o j\u00fari, o Minist\u00e9rio P\u00fablico, por meio da promotora Francisca Paula de Jesus, requereu a condena\u00e7\u00e3o do r\u00e9u por assassinato simples, enquanto a defesa pleiteou a absolvi\u00e7\u00e3o do r\u00e9u. Por\u00e9m, ap\u00f3s todos os argumentos apresentados, os jurados reconheceram a materialidade e a autoria do crime, rejeitaram a tese de absolvi\u00e7\u00e3o e condenaram Jos\u00e9 Paulo de Oliveira por homic\u00eddio privilegiado, que ocorre quando o crime \u00e9 cometido sob dom\u00ednio de forte emo\u00e7\u00e3o.<\/span><\/p>\n","protected":false},"excerpt":{"rendered":"<p> [&hellip;]<\/p>\n","protected":false},"author":5,"featured_media":17879,"comment_status":"open","ping_status":"open","sticky":false,"template":"","format":"standard","meta":{"om_disable_all_campaigns":false,"_monsterinsights_skip_tracking":false,"_monsterinsights_sitenote_active":false,"_monsterinsights_sitenote_note":"","_monsterinsights_sitenote_category":0,"_uf_show_specific_survey":0,"_uf_disable_surveys":false,"footnotes":""},"categories":[2],"tags":[],"class_list":["post-17878","post","type-post","status-publish","format-standard","has-post-thumbnail","hentry","category-not_mpal"],"aioseo_notices":[],"_links":{"self":[{"href":"https:\/\/www.mpal.mp.br\/index.php?rest_route=\/wp\/v2\/posts\/17878","targetHints":{"allow":["GET"]}}],"collection":[{"href":"https:\/\/www.mpal.mp.br\/index.php?rest_route=\/wp\/v2\/posts"}],"about":[{"href":"https:\/\/www.mpal.mp.br\/index.php?rest_route=\/wp\/v2\/types\/post"}],"author":[{"embeddable":true,"href":"https:\/\/www.mpal.mp.br\/index.php?rest_route=\/wp\/v2\/users\/5"}],"replies":[{"embeddable":true,"href":"https:\/\/www.mpal.mp.br\/index.php?rest_route=%2Fwp%2Fv2%2Fcomments&post=17878"}],"version-history":[{"count":1,"href":"https:\/\/www.mpal.mp.br\/index.php?rest_route=\/wp\/v2\/posts\/17878\/revisions"}],"predecessor-version":[{"id":17880,"href":"https:\/\/www.mpal.mp.br\/index.php?rest_route=\/wp\/v2\/posts\/17878\/revisions\/17880"}],"wp:featuredmedia":[{"embeddable":true,"href":"https:\/\/www.mpal.mp.br\/index.php?rest_route=\/wp\/v2\/media\/17879"}],"wp:attachment":[{"href":"https:\/\/www.mpal.mp.br\/index.php?rest_route=%2Fwp%2Fv2%2Fmedia&parent=17878"}],"wp:term":[{"taxonomy":"category","embeddable":true,"href":"https:\/\/www.mpal.mp.br\/index.php?rest_route=%2Fwp%2Fv2%2Fcategories&post=17878"},{"taxonomy":"post_tag","embeddable":true,"href":"https:\/\/www.mpal.mp.br\/index.php?rest_route=%2Fwp%2Fv2%2Ftags&post=17878"}],"curies":[{"name":"wp","href":"https:\/\/api.w.org\/{rel}","templated":true}]}}