{"id":17875,"date":"2016-11-07T12:03:04","date_gmt":"2016-11-07T14:03:04","guid":{"rendered":"https:\/\/www.mpal.mp.br\/?p=17875"},"modified":"2022-09-02T12:03:49","modified_gmt":"2022-09-02T15:03:49","slug":"por-aclamacao-procuradores-de-justica-elegem-lean-araujo-para-corregedor-geral-do-mpe-al-afranio-roberto-pereira-e-reconduzido-para-ouvidoria","status":"publish","type":"post","link":"https:\/\/www.mpal.mp.br\/?p=17875","title":{"rendered":"Por aclama\u00e7\u00e3o, procuradores de Justi\u00e7a elegem Lean Ara\u00fajo para corregedor-geral do MPE\/AL; Afr\u00e2nio Roberto Pereira \u00e9 reconduzido para Ouvidoria"},"content":{"rendered":"<p style=\"text-align: justify;\"><span style=\"font-size: 14pt;\">O Col\u00e9gio de Procuradores de Justi\u00e7a aclamou, nesta segunda-feira (7), os procuradores de Justi\u00e7a Lean Ant\u00f4nio Ferreira de Ara\u00fajo e Afr\u00e2nio Roberto Pereira de Queiroz como novos corregedor-geral e ouvidor do Minist\u00e9rio P\u00fablico do Estado de Alagoas (MPE\/AL) para o bi\u00eanio 2017\/18, respectivamente, a partir de 1\u00ba de janeiro do pr\u00f3ximo ano. No caso do segundo, houve recondu\u00e7\u00e3o do mandato.<\/span><\/p>\n<p style=\"text-align: justify;\"><span style=\"font-size: 14pt;\">Para Lean Ara\u00fajo, o corregedor-geral do MPE\/AL deve promover o encaminhamento dos procedimentos necess\u00e1rios, como \u00e9 o caso das correi\u00e7\u00f5es, mas, acima de tudo, dialogar previamente com todos os membros da institui\u00e7\u00e3o, no sentido de fazer com exista uma atua\u00e7\u00e3o uniforme de procuradores e promotores de Justi\u00e7a em prol de um Estado Social.<\/span><\/p>\n<p style=\"text-align: justify;\"><span style=\"font-size: 14pt;\">\u201cCostumo dizer que qualquer atividade que seja desempenhada no \u00e2mbito interno ou externo, seja ela atividade-fim, seja atividade-meio, exige necessariamente do seu agente o compromisso permanente com o texto constitucional e com a legisla\u00e7\u00e3o infraconstitucional. Inclusive subordinando o processo de aplica\u00e7\u00e3o da norma infraconstitucional ao texto constitucional. Esse \u00e9 o grande compromisso de quem exerce o papel de corregedor-geral do Minist\u00e9rio P\u00fablico&#8221;, explicou o procurador de Justi\u00e7a.<\/span><\/p>\n<p style=\"text-align: justify;\"><span style=\"font-size: 14pt;\">Mandat\u00e1rio da Ouvidoria do MPE\/AL desde 2015, o procurador de Justi\u00e7a Afr\u00e2nio Roberto Pereira de Queiroz decidiu se candidatar \u00e0 reelei\u00e7\u00e3o ap\u00f3s receber o incentivo de outros integrantes do \u00f3rg\u00e3o colegiado. Ele agradeceu a confian\u00e7a que recebeu dos demais membros e assumiu o compromisso de manter o trabalho desenvolvido com o objetivo de engrandecer ainda mais a institui\u00e7\u00e3o.<\/span><\/p>\n<p style=\"text-align: justify;\"><span style=\"font-size: 14pt;\">\u201cNesse segundo mandato, tenho como principais propostas a atualiza\u00e7\u00e3o do portal do Minist\u00e9rio P\u00fablico para facilitar o acesso da popula\u00e7\u00e3o aos servi\u00e7os da Ouvidoria e a introdu\u00e7\u00e3o no or\u00e7amento da Casa de uma verba espec\u00edfica para o setor, como j\u00e1 acontece com outras ouvidorias do Minist\u00e9rio P\u00fablico Brasileiro\u201d, afirmou o ouvidor.<\/span><\/p>\n<p style=\"text-align: justify;\"><span style=\"font-size: 14pt;\">Na condi\u00e7\u00e3o de presidente do Col\u00e9gio de Procuradores de Justi\u00e7a, o procurador-geral de Justi\u00e7a, S\u00e9rgio Juc\u00e1, conduziu o processo eleitoral. \u201cO resultado das elei\u00e7\u00f5es expressa o ambiente democr\u00e1tico que impera no Minist\u00e9rio P\u00fablico e a harmonia entre os procuradores de Justi\u00e7a para melhora atingir os objetivos institucionais\u201d, disse.<\/span><\/p>\n<p style=\"text-align: justify;\"><span style=\"font-size: 14pt;\">Al\u00e9m dos membros citados, estiveram presentes na reuni\u00e3o do \u00f3rg\u00e3o colegiado os procuradores de Justi\u00e7a Ant\u00f4nio Arecippo de Barros Teixeira Neto, Luiz Barbosa Carna\u00faba, Geraldo Magela Barbosa Pirau\u00e1, Walber Jos\u00e9 Valente de Lima, Anti\u00f3genes Marques de Lira, Dilmar Lopes Camerino, Jos\u00e9 Artur Melo, M\u00e1rcio Roberto Ten\u00f3rio de Albuquerque, Valter Jos\u00e9 de Omena Acioly e Marcos Barros M\u00e9ro.<\/span><\/p>\n<p style=\"text-align: justify;\"><span style=\"font-size: 14pt;\"><strong>PJs C\u00edveis<\/strong><\/span><\/p>\n<p style=\"text-align: justify;\"><span style=\"font-size: 14pt;\">J\u00e1 os procuradores de Justi\u00e7a Jos\u00e9 Artur Melo e Marcos Barros M\u00e9ro foram eleitos para as fun\u00e7\u00f5es de coordenador e substituto das Procuradoria de Justi\u00e7a C\u00edvel. O mandato de um ano deles ter\u00e1 in\u00edcio no dia 1\u00ba de janeiro de 2017.<\/span><\/p>\n<p style=\"text-align: justify;\"><span style=\"font-size: 14pt;\">\u201cSeremos os respons\u00e1veis pelos servi\u00e7os administrativos da Procuradoria de Justi\u00e7a C\u00edvel, como disp\u00f5e o inciso I do artigo 19 da Lei Complementar n\u00ba 15\/96, a Lei Org\u00e2nica do Minist\u00e9rio P\u00fablico do Estado de Alagoas\u201d, explica o Marcos M\u00e9ro, que atualmente \u00e9 o titular da fun\u00e7\u00e3o em destaque.<\/span><\/p>\n","protected":false},"excerpt":{"rendered":"<p> [&hellip;]<\/p>\n","protected":false},"author":5,"featured_media":17876,"comment_status":"open","ping_status":"open","sticky":false,"template":"","format":"standard","meta":{"om_disable_all_campaigns":false,"_monsterinsights_skip_tracking":false,"_monsterinsights_sitenote_active":false,"_monsterinsights_sitenote_note":"","_monsterinsights_sitenote_category":0,"_uf_show_specific_survey":0,"_uf_disable_surveys":false,"footnotes":""},"categories":[2],"tags":[],"class_list":["post-17875","post","type-post","status-publish","format-standard","has-post-thumbnail","hentry","category-not_mpal"],"aioseo_notices":[],"_links":{"self":[{"href":"https:\/\/www.mpal.mp.br\/index.php?rest_route=\/wp\/v2\/posts\/17875","targetHints":{"allow":["GET"]}}],"collection":[{"href":"https:\/\/www.mpal.mp.br\/index.php?rest_route=\/wp\/v2\/posts"}],"about":[{"href":"https:\/\/www.mpal.mp.br\/index.php?rest_route=\/wp\/v2\/types\/post"}],"author":[{"embeddable":true,"href":"https:\/\/www.mpal.mp.br\/index.php?rest_route=\/wp\/v2\/users\/5"}],"replies":[{"embeddable":true,"href":"https:\/\/www.mpal.mp.br\/index.php?rest_route=%2Fwp%2Fv2%2Fcomments&post=17875"}],"version-history":[{"count":1,"href":"https:\/\/www.mpal.mp.br\/index.php?rest_route=\/wp\/v2\/posts\/17875\/revisions"}],"predecessor-version":[{"id":17877,"href":"https:\/\/www.mpal.mp.br\/index.php?rest_route=\/wp\/v2\/posts\/17875\/revisions\/17877"}],"wp:featuredmedia":[{"embeddable":true,"href":"https:\/\/www.mpal.mp.br\/index.php?rest_route=\/wp\/v2\/media\/17876"}],"wp:attachment":[{"href":"https:\/\/www.mpal.mp.br\/index.php?rest_route=%2Fwp%2Fv2%2Fmedia&parent=17875"}],"wp:term":[{"taxonomy":"category","embeddable":true,"href":"https:\/\/www.mpal.mp.br\/index.php?rest_route=%2Fwp%2Fv2%2Fcategories&post=17875"},{"taxonomy":"post_tag","embeddable":true,"href":"https:\/\/www.mpal.mp.br\/index.php?rest_route=%2Fwp%2Fv2%2Ftags&post=17875"}],"curies":[{"name":"wp","href":"https:\/\/api.w.org\/{rel}","templated":true}]}}