{"id":17864,"date":"2016-11-08T12:00:15","date_gmt":"2016-11-08T14:00:15","guid":{"rendered":"https:\/\/www.mpal.mp.br\/?p=17864"},"modified":"2022-09-02T12:00:49","modified_gmt":"2022-09-02T15:00:49","slug":"vereador-de-palestina-e-condenado-a-15-anos-de-reclusao-em-maribondo-reu-foi-submetido-a-pena-de-oito-anos-durante-o-mes-nacional-do-juri","status":"publish","type":"post","link":"https:\/\/www.mpal.mp.br\/?p=17864","title":{"rendered":"Vereador de Palestina \u00e9 condenado a 15 anos de reclus\u00e3o; em Maribondo, r\u00e9u foi submetido a pena de oito anos durante o M\u00eas Nacional do J\u00fari"},"content":{"rendered":"<div class=\"content-wrapper-1\">\n<div class=\"content-wrapper-2\">\n<div id=\"mainmiddle\">\n<div id=\"mainmiddle-expand\">\n<div id=\"content\">\n<div id=\"content-shift\">\n<div class=\"floatbox\">\n<div class=\"joomla \">\n<div class=\"article\">\n<div id=\"articlepxfontsize1\">\n<p style=\"text-align: justify;\"><span style=\"font-size: 14pt;\">Luciano Lucena de Farias, vereador do munic\u00edpio de Palestina, no Sert\u00e3o de Alagoas, foi condenado, no final da tarde desta ter\u00e7a-feira (08), a 15 anos e sete meses de reclus\u00e3o pela morte de Manoel Messias Sim\u00f5es. No julgamento, que ocorreu no F\u00f3rum Desembargador Jairon Maia Fernandes, em Macei\u00f3, o Conselho de Senten\u00e7a acolheu a tese do Minist\u00e9rio P\u00fablico e considerou o r\u00e9u culpado. Em Maribondo, a Promotoria de Justi\u00e7a tamb\u00e9m conseguiu a condena\u00e7\u00e3o de um homem acusado de assassinato.<\/span><\/p>\n<p style=\"text-align: justify;\"><span style=\"font-size: 14pt;\">Foi o promotor de Justi\u00e7a Ant\u00f4nio Vilas Boas, da 48\u00aa Promotoria de Justi\u00e7a da Capital, quem conseguiu convencer os jurados sobre a culpa de Luciano Lucena de Farias na morte de Manoel Messias Sim\u00f5es. O crime ocorreu no dia 21 de junho de 2009, no povoado Lagoa de Pedra, em P\u00e3o de A\u00e7\u00facar.<\/span><\/p>\n<p style=\"text-align: justify;\"><span style=\"font-size: 14pt;\">\u201cNove meses antes do homic\u00eddio, a v\u00edtima chamou o r\u00e9u de &#8216;ladr\u00e3o&#8217; por conta de um desentendimento durante uma jogatina. Luciano reagiu com um tapa no rosto de Manoel, que prometeu vingan\u00e7a. Por\u00e9m, essa amea\u00e7a jamais foi concretizada e o tempo foi passando, No entanto, a v\u00edtima reencontrou o seu algoz no Bar do Pinguim, quando comemorava o pr\u00f3prio anivers\u00e1rio. Ao se deparar com Manoel, o parlamentar foi tirar satisfa\u00e7\u00e3o com ele e o chamou para conversar fora do estabelecimento, quando desferiu tr\u00eas tiros. A morte foi imediata\u201d, explicou Ant\u00f4nio Vilas Boas.<\/span><\/p>\n<p style=\"text-align: justify;\"><span style=\"font-size: 14pt;\"><strong>Rejei\u00e7\u00e3o da tese de leg\u00edtima defesa<\/strong><\/span><\/p>\n<p style=\"text-align: justify;\"><span style=\"font-size: 14pt;\">Durante o julgamento, a defesa do vereador alegou que seu cliente teria agido em leg\u00edtima defesa. Inclusive, isso tamb\u00e9m foi dito pelo pr\u00f3prio r\u00e9u, uma vez que, ao confessar o crime, Luciano alegou que, ao perguntar \u00e0 v\u00edtima se ela tinha a inten\u00e7\u00e3o de assassin\u00e1-lo, Manoel teria feito um gesto suspeito, supostamente colocando a m\u00e3o no bolso. O acusado disse ainda que, quando se deu conta, j\u00e1 estava com ar ama na m\u00e3o, atirando na v\u00edtima.<\/span><\/p>\n<p style=\"text-align: justify;\"><span style=\"font-size: 14pt;\">Mas de nada adiantou a tese apresentada pelo vereador. O promotor Ant\u00f4nio Vilas Boas sustentou a acusa\u00e7\u00e3o de homic\u00eddio qualificado e seus argumentos conseguiram convencer o Tribunal do J\u00fari, que acabou por condenar o r\u00e9u a 15 anos de reclus\u00e3o.<\/span><\/p>\n<p style=\"text-align: justify;\"><span style=\"font-size: 14pt;\">Como o vereador j\u00e1 tinha pris\u00e3o preventiva decretada, ele saiu do F\u00f3rum direto para uma penitenci\u00e1ria. Na senten\u00e7a, o Ju\u00edzo do caso determinou tamb\u00e9m que o r\u00e9u dever\u00e1 pagar indeniza\u00e7\u00e3o de R$ 10 mil \u00e0 fam\u00edlia da v\u00edtima e, ainda, o pagamento de indeniza\u00e7\u00e3o pelos j\u00faris adiados. Era para Luciano ter sido julgado em 8 de junho deste ano, entretanto, ele simplesmente n\u00e3o compareceu, e continuou na condi\u00e7\u00e3o de foragido. O mesmo ocorreu em 22 de agosto \u00faltimo. E, mesmo n\u00e3o tendo feito campanha, j\u00e1 que estava desaparecido, o r\u00e9u foi reeleito para o cargo de vereador durante o processo eleitoral de 2016.<\/span><\/p>\n<p style=\"text-align: justify;\"><span style=\"font-size: 14pt;\"><strong>Desaforamento<\/strong><\/span><\/p>\n<p style=\"text-align: justify;\"><span style=\"font-size: 14pt;\">Foi a pedido da Promotoria de Justi\u00e7a de P\u00e3o de A\u00e7\u00facar, que tem o Munic\u00edpio de Palestina como termo, que o Poder Judici\u00e1rio do Estado de Alagoas desaforou para Macei\u00f3 o julgamento do recurso do Minist\u00e9rio P\u00fablico, ap\u00f3s o r\u00e9u ser absolvido em primeira inst\u00e2ncia. O motivo alegado pelo MPE\/AL para o desaforamento foi a influ\u00eancia pol\u00edtica do acusado na regi\u00e3o, o que poderia comprometer a parcialidade do Conselho de Senten\u00e7a.<\/span><\/p>\n<p style=\"text-align: justify;\"><span style=\"font-size: 14pt;\"><strong>Maribondo<\/strong><\/span><\/p>\n<p style=\"text-align: justify;\"><span style=\"font-size: 14pt;\">Tamb\u00e9m nesta ter\u00e7a-feira, s\u00f3 que na cidade de Maribondo, o promotor de Justi\u00e7a Marlisson Andrade conseguiu a condena\u00e7\u00e3o de Francisco Ferreira da Concei\u00e7\u00e3o J\u00fanior, que foi submetido a uma pena de oito anos e quatro meses de reclus\u00e3o pela morte de um homem, identificado apenas como Marcelo. O crime aconteceu em 2007 na zona rural daquele munic\u00edpio.<\/span><\/p>\n<p style=\"text-align: justify;\"><span style=\"font-size: 14pt;\">\u201cV\u00edtima e r\u00e9u estavam bebendo, na casa deste \u00faltimo, e, ap\u00f3s algumas doses de cacha\u00e7a, o Marcelo teria pedido um fac\u00e3o ao acusado para cortar cana. O instrumento foi emprestado e a v\u00edtima saiu. Certo tempo depois, Marcelo retornou e foi iniciada uma discuss\u00e3o. A v\u00edtima estava agressiva e provocou o r\u00e9u, chamando-o de &#8216;corno&#8217;, disse que j\u00e1 havia matado duas pessoas, falou que n\u00e3o tinha medo nem de matar e nem de morrer, quebrou uma mesa de vidro, pegou nas partes \u00edntimas de Francisco e, por \u00faltimo, deu um murro na cabe\u00e7a do r\u00e9u, que chegou a cair. Ao se levantar, o acusado correu para a cozinha e foi perseguido pela v\u00edtima, que pegou um ferro que havia se soltado da mesa e jogou nas costas de Francisco. Para completar, Marcelo ainda partiu pra cima do acusado com o fac\u00e3o. Uma luta corporal aconteceu e, quando o r\u00e9u conseguiu arrancar o fac\u00e3o de Marcelo, desferiu contra ele cinco golpes, quase todos na cabe\u00e7a. Por fim, o agressor ainda decepou parcialmente um dos bra\u00e7o da v\u00edtima, tendo colocado-o em uma sacola, junto com a arma do crime. Em seguida, ele foragiu\u201d, detalhou Marlisson Andrade.<\/span><\/p>\n<p style=\"text-align: justify;\"><span style=\"font-size: 14pt;\">Ao final do julgamento, o Conselho de Senten\u00e7a rejeitou a tese de leg\u00edtima defesa, acolheu a tese de homic\u00eddio simples, apresentada pelo Minist\u00e9rio P\u00fablico, e condenou o r\u00e9u a 8 anos e 4 meses de reclus\u00e3o.<\/span><\/p>\n<p style=\"text-align: justify;\"><span style=\"font-size: 14pt;\"><strong>J\u00fari em Teot\u00f4nio Vilela<\/strong><\/span><\/p>\n<p style=\"text-align: justify;\"><span style=\"font-size: 14pt;\">Outro julgamento realizado nesta ter\u00e7a-feira aconteceu na cidade de Teot\u00f4nio Vilela. O trabalho de acusa\u00e7\u00e3o feito pelo promotor de Justi\u00e7a Ramon Formiga de Oliveira Carvalho resultou na condena\u00e7\u00e3o de Jeov\u00e1 Lopes Freire. O r\u00e9u foi submetido a uma pena de 19 anos e seis meses de reclus\u00e3o pela morte de M\u00e1rio Jorge, ocorrida em janeiro de 2005.<\/span><\/p>\n<p style=\"text-align: justify;\"><span style=\"font-size: 14pt;\">Durante o julgamento, o Minist\u00e9rio P\u00fablico sustentou a tese de homic\u00eddio qualificado, que foi acatada pelo Conselho de Senten\u00e7a, ao rejeitar a tese de negativa de autoria.<\/span><\/p>\n<p style=\"text-align: justify;\"><span style=\"font-size: 14pt;\">Todos os j\u00faris ocorridos hoje fizeram parte do M\u00eas Nacional do J\u00fari.<\/span><\/p>\n<p style=\"text-align: justify;\">\n<p style=\"text-align: justify;\"><span style=\"font-size: 14pt;\">Foto: Caio Loureiro &#8211; Dicom\/TJ<\/span><\/p>\n<\/div>\n<\/div>\n<\/div>\n<\/div>\n<\/div>\n<\/div>\n<\/div>\n<\/div>\n<\/div>\n<\/div>\n<div class=\"content-wrapper-b1\">\n<div class=\"content-wrapper-b2\" style=\"text-align: justify;\"><\/div>\n<\/div>\n","protected":false},"excerpt":{"rendered":"<p> [&hellip;]<\/p>\n","protected":false},"author":5,"featured_media":17865,"comment_status":"open","ping_status":"open","sticky":false,"template":"","format":"standard","meta":{"om_disable_all_campaigns":false,"_monsterinsights_skip_tracking":false,"_monsterinsights_sitenote_active":false,"_monsterinsights_sitenote_note":"","_monsterinsights_sitenote_category":0,"_uf_show_specific_survey":0,"_uf_disable_surveys":false,"footnotes":""},"categories":[2],"tags":[],"class_list":["post-17864","post","type-post","status-publish","format-standard","has-post-thumbnail","hentry","category-not_mpal"],"aioseo_notices":[],"_links":{"self":[{"href":"https:\/\/www.mpal.mp.br\/index.php?rest_route=\/wp\/v2\/posts\/17864","targetHints":{"allow":["GET"]}}],"collection":[{"href":"https:\/\/www.mpal.mp.br\/index.php?rest_route=\/wp\/v2\/posts"}],"about":[{"href":"https:\/\/www.mpal.mp.br\/index.php?rest_route=\/wp\/v2\/types\/post"}],"author":[{"embeddable":true,"href":"https:\/\/www.mpal.mp.br\/index.php?rest_route=\/wp\/v2\/users\/5"}],"replies":[{"embeddable":true,"href":"https:\/\/www.mpal.mp.br\/index.php?rest_route=%2Fwp%2Fv2%2Fcomments&post=17864"}],"version-history":[{"count":1,"href":"https:\/\/www.mpal.mp.br\/index.php?rest_route=\/wp\/v2\/posts\/17864\/revisions"}],"predecessor-version":[{"id":17866,"href":"https:\/\/www.mpal.mp.br\/index.php?rest_route=\/wp\/v2\/posts\/17864\/revisions\/17866"}],"wp:featuredmedia":[{"embeddable":true,"href":"https:\/\/www.mpal.mp.br\/index.php?rest_route=\/wp\/v2\/media\/17865"}],"wp:attachment":[{"href":"https:\/\/www.mpal.mp.br\/index.php?rest_route=%2Fwp%2Fv2%2Fmedia&parent=17864"}],"wp:term":[{"taxonomy":"category","embeddable":true,"href":"https:\/\/www.mpal.mp.br\/index.php?rest_route=%2Fwp%2Fv2%2Fcategories&post=17864"},{"taxonomy":"post_tag","embeddable":true,"href":"https:\/\/www.mpal.mp.br\/index.php?rest_route=%2Fwp%2Fv2%2Ftags&post=17864"}],"curies":[{"name":"wp","href":"https:\/\/api.w.org\/{rel}","templated":true}]}}