{"id":17858,"date":"2016-11-09T11:58:41","date_gmt":"2016-11-09T13:58:41","guid":{"rendered":"https:\/\/www.mpal.mp.br\/?p=17858"},"modified":"2022-09-02T11:59:20","modified_gmt":"2022-09-02T14:59:20","slug":"48a-promotoria-de-justica-consegue-condenacao-de-reu-acusado-de-matar-o-modelo-eric-ferraz-em-rio-largo-homem-e-condenado-por-homicidio-duplamente-qualificado","status":"publish","type":"post","link":"https:\/\/www.mpal.mp.br\/?p=17858","title":{"rendered":"48\u00aa Promotoria de Justi\u00e7a consegue condena\u00e7\u00e3o de r\u00e9u acusado de matar o modelo Eric Ferraz; em Rio Largo, homem \u00e9 condenado por homic\u00eddio duplamente qualificado"},"content":{"rendered":"<p style=\"text-align: justify;\"><span style=\"font-size: 14pt;\">32 anos e 8 meses. Essa foi a senten\u00e7a de condena\u00e7\u00e3o contra Judarley Leite de Oliveira, acusado de, ao lado do irm\u00e3o, matar o modelo Eric Ferraz, numa festa de r\u00e9veillon em 2012, no munic\u00edpio de Vi\u00e7osa, interior de Alagoas. Os jurados acataram a tese apresentada pelo Minist\u00e9rio P\u00fablico e consideram o r\u00e9u culpado pelo crime de homic\u00eddio duplamente qualificado.<\/span><\/p>\n<p style=\"text-align: justify;\"><span style=\"font-size: 14pt;\">Ele tamb\u00e9m foi condenado por tentativa de homic\u00eddio em rela\u00e7\u00e3o a v\u00edtima \u00c9rica Ferreira da Silva, ent\u00e3o namorada de Erik \u00e0 \u00e9poca. Esse foi um caso de grande repercuss\u00e3o em Alagoas. J\u00e1 em Rio Largo, Thallys Sena da Silva foi condenado a 15 anos de pris\u00e3o pela morte de Wagner Oliveira Batista da Silva. A acusa\u00e7\u00e3o tamb\u00e9m foi de homic\u00eddio duplamente qualificado. Os dois julgamentos fizeram parte do M\u00eas Nacional do Tribunal do J\u00fari.<\/span><\/p>\n<p style=\"text-align: justify;\"><span style=\"font-size: 14pt;\">No F\u00f3rum Desembargador Jairon Maia Fernandes, em Macei\u00f3, foi a atua\u00e7\u00e3o do promotor de Justi\u00e7a Ant\u00f4nio Vilas Boas que convenceu os jurados a condenarem Judarley Leite de Oliveira. O r\u00e9u e o seu irm\u00e3o, Jaysley Leite de Oliveira, assassinaram o modelo Eric Ferraz, na madrugada do dia 01 de janeiro de 2012, na Av. Firmino Maia, Centro de Vi\u00e7osa. A v\u00edtima comemorava o r\u00e9veillon ao lado da namorada, \u00c9rica Ferreira da Silva, quando os irm\u00e3os teriam iniciado uma confus\u00e3o.<\/span><\/p>\n<p style=\"text-align: justify;\"><span style=\"font-size: 14pt;\">Durante o julgamento, o promotor de Justi\u00e7a Ant\u00f4nio Vilas Boas e o assistente de acusa\u00e7\u00e3o, advogado Raimundo Palmeira, sustentaram a acusa\u00e7\u00e3o de homic\u00eddio com duas qualificadoras: motivo f\u00fatil e por meio de recurso que impossibilitou a defesa da v\u00edtima e, durante mais de 10 horas de j\u00fari, conseguiram convencer o Conselho de Senten\u00e7a de n\u00e3o havia cabimento para a tese apresentada pelos advogados do r\u00e9u, que foi a de leg\u00edtima defesa.<\/span><\/p>\n<p style=\"text-align: justify;\"><span style=\"font-size: 14pt;\">\u201cQuem tenta se proteger de algo n\u00e3o se defende com a finalidade de punir o outro, mas sim, de prevenir que algo pior aconte\u00e7a. E esse n\u00e3o foi o caso do Judarley. Ele teve atitudes inconsequentes, inclusive, a come\u00e7ar pelo fato de estar armado numa festa p\u00fablica. Outro detalhe \u00e9 que o seu advogado n\u00e3o nos mostrou, nos autos, onde existe qualquer informa\u00e7\u00e3o de que o Eric levantou uma garrafa para agredi-lo. Os jurados viram que o Minist\u00e9rio P\u00fablico estava correto e decidiu pela condena\u00e7\u00e3o do acusado. A justi\u00e7a foi feita nesta noite\u201d, declarou Vilas Boas.<\/span><\/p>\n<p style=\"text-align: justify;\"><span style=\"font-size: 14pt;\">O j\u00fari foi conduzido pelo magistrado John Silas da Silva, titular da 8\u00aa Vara Criminal da Capital. Ap\u00f3s aplicar a pena, o magistrado determinou ainda que o r\u00e9u pague uma indeniza\u00e7\u00e3o civil, por danos morais, de R$ 20.000,00 \u00e0 fam\u00edlia de Eric Ferraz e de R$ 10.000,00 para a v\u00edtima sobrevivente.<\/span><\/p>\n<p style=\"text-align: justify;\"><span style=\"font-size: 14pt;\">\u201cN\u00e3o teremos o Eric de volta, mas, com essa condena\u00e7\u00e3o, ao menos os nossos cora\u00e7\u00f5es ser\u00e3o um pouco acalentados\u201d, desabafou Edglemes Santos, pai do modelo.<\/span><\/p>\n<p style=\"text-align: justify;\"><span style=\"font-size: 14pt;\">A defesa informou que vai pedir a anula\u00e7\u00e3o do julgamento.<\/span><\/p>\n<p style=\"text-align: justify;\"><span style=\"font-size: 14pt;\"><strong>Rio Largo<\/strong><\/span><\/p>\n<p style=\"text-align: justify;\"><span style=\"font-size: 14pt;\">J\u00e1 em Rio Largo, munic\u00edpio da regi\u00e3o metropolitana de Macei\u00f3, Thallys Sena da Silva foi condenado a 15 anos de pris\u00e3o pela morte de Wagner Oliveira Batista da Silva. O crime, ocorrido em 16 de setembro de 2011, no Centro da cidade, fora praticado por ci\u00fames. \u201cO r\u00e9u foi informado que a sua namorada estava na lanchonete de propriedade da v\u00edtima, que j\u00e1 tinha se relacionado afetivamente com a mesma mulher. Tomado por um ci\u00fame incontrol\u00e1vel, ele foi at\u00e9 o estabelecimento comercial e, quando o Wagner estava de costas, disparou cinco tiros contra ele, alguns na cabe\u00e7a\u201d, detalhou Wesley Fernandes, promotor do caso.<\/span><\/p>\n<p style=\"text-align: justify;\"><span style=\"font-size: 14pt;\">A tese apresentada pelo Minist\u00e9rio P\u00fablico foi a de homic\u00eddio duplamente qualificado, por motivo f\u00fatil e sem chances de defesa para a v\u00edtima. Ap\u00f3s todas as argumenta\u00e7\u00f5es feitas por acusa\u00e7\u00e3o e defesa, os jurados consideraram o r\u00e9u culpado. Thallys Sena da Silva foi condenado a uma pena de 16 anos.\u00a0da regi\u00e3o metropolitana de Macei\u00f3, Thallys Sena da Silva foi condenado a 15 anos de pris\u00e3o pela morte de Wagner Oliveira Batista da Silva. O crime, ocorrido em 16 de setembro de 2011, no Centro da cidade, fora praticado por ci\u00fames. \u201cO r\u00e9u foi informado que a sua namorada estava na lanchonete de propriedade da v\u00edtima, que j\u00e1 tinha se relacionado afetivamente com a mesma mulher. Tomado por um ci\u00fame incontrol\u00e1vel, ele foi at\u00e9 o estabelecimento comercial e, quando o Wagner estava de costas, disparou cinco tiros contra ele, alguns na cabe\u00e7a\u201d, detalhou Wesley Fernandes, promotor do caso.<\/span><\/p>\n<p style=\"text-align: justify;\"><span style=\"font-size: 14pt;\">E essa n\u00e3o foi a primeira condena\u00e7\u00e3o dele. Thallys j\u00e1 cumpria pena de 92 anos de pris\u00e3o por envolvimento em uma chacina, ocorrida tamb\u00e9m em Rio Largo.<\/span><\/p>\n<p style=\"text-align: justify;\"><span style=\"font-size: 14pt;\">Os dois julgamentos desta quarta-feira (09) fazem parte do M\u00eas Nacional do Tribunal do J\u00fari. Ao todo, 37 promotores de Justi\u00e7a, na capital e no interior, est\u00e3o envolvidos nesse trabalho.<\/span><\/p>\n","protected":false},"excerpt":{"rendered":"<p> [&hellip;]<\/p>\n","protected":false},"author":5,"featured_media":17859,"comment_status":"open","ping_status":"open","sticky":false,"template":"","format":"standard","meta":{"om_disable_all_campaigns":false,"_monsterinsights_skip_tracking":false,"_monsterinsights_sitenote_active":false,"_monsterinsights_sitenote_note":"","_monsterinsights_sitenote_category":0,"_uf_show_specific_survey":0,"_uf_disable_surveys":false,"footnotes":""},"categories":[2],"tags":[],"class_list":["post-17858","post","type-post","status-publish","format-standard","has-post-thumbnail","hentry","category-not_mpal"],"aioseo_notices":[],"_links":{"self":[{"href":"https:\/\/www.mpal.mp.br\/index.php?rest_route=\/wp\/v2\/posts\/17858","targetHints":{"allow":["GET"]}}],"collection":[{"href":"https:\/\/www.mpal.mp.br\/index.php?rest_route=\/wp\/v2\/posts"}],"about":[{"href":"https:\/\/www.mpal.mp.br\/index.php?rest_route=\/wp\/v2\/types\/post"}],"author":[{"embeddable":true,"href":"https:\/\/www.mpal.mp.br\/index.php?rest_route=\/wp\/v2\/users\/5"}],"replies":[{"embeddable":true,"href":"https:\/\/www.mpal.mp.br\/index.php?rest_route=%2Fwp%2Fv2%2Fcomments&post=17858"}],"version-history":[{"count":1,"href":"https:\/\/www.mpal.mp.br\/index.php?rest_route=\/wp\/v2\/posts\/17858\/revisions"}],"predecessor-version":[{"id":17860,"href":"https:\/\/www.mpal.mp.br\/index.php?rest_route=\/wp\/v2\/posts\/17858\/revisions\/17860"}],"wp:featuredmedia":[{"embeddable":true,"href":"https:\/\/www.mpal.mp.br\/index.php?rest_route=\/wp\/v2\/media\/17859"}],"wp:attachment":[{"href":"https:\/\/www.mpal.mp.br\/index.php?rest_route=%2Fwp%2Fv2%2Fmedia&parent=17858"}],"wp:term":[{"taxonomy":"category","embeddable":true,"href":"https:\/\/www.mpal.mp.br\/index.php?rest_route=%2Fwp%2Fv2%2Fcategories&post=17858"},{"taxonomy":"post_tag","embeddable":true,"href":"https:\/\/www.mpal.mp.br\/index.php?rest_route=%2Fwp%2Fv2%2Ftags&post=17858"}],"curies":[{"name":"wp","href":"https:\/\/api.w.org\/{rel}","templated":true}]}}