{"id":17854,"date":"2016-11-13T11:57:24","date_gmt":"2016-11-13T13:57:24","guid":{"rendered":"https:\/\/www.mpal.mp.br\/?p=17854"},"modified":"2022-09-02T11:58:31","modified_gmt":"2022-09-02T14:58:31","slug":"ministerio-publico-convoca-cinco-novos-promotores-de-justica-futuros-membros-tomarao-posse-no-proximo-dia-28","status":"publish","type":"post","link":"https:\/\/www.mpal.mp.br\/?p=17854","title":{"rendered":"Minist\u00e9rio P\u00fablico convoca cinco novos promotores de Justi\u00e7a; futuros membros tomar\u00e3o posse no pr\u00f3ximo dia 28"},"content":{"rendered":"<p style=\"text-align: justify;\"><span style=\"font-size: 14pt;\">Uma alagoana de Arapiraca que sempre sonhou em ser promotora de Justi\u00e7a; um pernambucano que resolveu largar a Advocacia Geral da Uni\u00e3o para se tornar integrante da carreira do Minist\u00e9rio P\u00fablico Estadual de Alagoas (MPE\/AL); um mineiro que deseja incorporar o esp\u00edrito do MP resolutivo; um paraibano que vem de uma fam\u00edlia de promotores de Justi\u00e7a e cresceu com o desejo de tamb\u00e9m fazer parte da institui\u00e7\u00e3o; e outro mineiro que vai trocar o Minist\u00e9rio P\u00fablico de Roraima, pelo de Alagoas. Esses s\u00e3o os cinco novos promotores de Justi\u00e7a que foram convocados pela Procuradoria Geral de Justi\u00e7a para tomar posse no pr\u00f3ximo dia 28.<\/span><\/p>\n<p style=\"text-align: justify;\"><span style=\"font-size: 14pt;\">Na reuni\u00e3o de convoca\u00e7\u00e3o que ocorreu nessa sexta-feira (11), na Sala dos Colegiados, localizada no 4\u00b0 andar do pr\u00e9dio-sede do MPE\/AL, os cinco candidatos aprovados no \u00faltimo concurso realizado pela Procuradoria Geral de Justi\u00e7a escolheram em quais promotorias do interior v\u00e3o querer trabalhar ap\u00f3s as devidas nomea\u00e7\u00f5es, que ocorrer\u00e3o at\u00e9 o final desta semana.<\/span><\/p>\n<p style=\"text-align: justify;\"><span style=\"font-size: 14pt;\">Por ordem de classifica\u00e7\u00e3o, v\u00e3o ser nomeados Viviane Karla da Silva Farias (18\u00aa colocada), Ivan Viegas Renaux de Andrade (19\u00ba colocado), Lucas Sachsida Junqueira Carneiro (22\u00ba colocado), Paulo Barbosa de Almeida Filho (23\u00ba colocado) e Kleber Valadares Coelho J\u00fanior (25\u00ba colocado). O 20\u00b0 e o 21\u00ba classificados abriram m\u00e3o da nomea\u00e7\u00e3o imediata e pediram para ir para as \u00faltimas coloca\u00e7\u00f5es dentre os aprovados.<\/span><\/p>\n<p style=\"text-align: justify;\"><span style=\"font-size: 14pt;\"><strong>As promotorias escolhidas<\/strong><\/span><\/p>\n<p style=\"text-align: justify;\"><span style=\"font-size: 14pt;\">Os cinco novos membros do Minist\u00e9rio P\u00fablico Estadual de Alagoas j\u00e1 definiram os seus locais de trabalho. A promotora de S\u00e3o Sebasti\u00e3o ser\u00e1 Viviane Karla da Silva Farias. No munic\u00edpio de Col\u00f4nia de Leopoldina, a promotoria ser\u00e1 assumida por Ivan Viegas Renaux de Andrade. Lucas Sachsida Junqueira Carneiro ser\u00e1 promotor de Justi\u00e7a da cidade de Matriz do Camaragibe. A promotoria de Joaquim Gomes ter\u00e1 Paulo Barbosa de Almeida Filho assumindo as atribui\u00e7\u00f5es. E Kleber Valadares Coelho J\u00fanior vai assumir a Promotoria de Justi\u00e7a de Girau do Ponciano.<\/span><\/p>\n<p style=\"text-align: justify;\"><span style=\"font-size: 14pt;\">A solenidade de posse dos novos promotores est\u00e1 marcada para acontecer no pr\u00f3ximo dia 28, uma segunda-feira, \u00e0s 17h, no audit\u00f3rio do pr\u00e9dio-sede do Minist\u00e9rio P\u00fablico Estadual de Alagoas.<\/span><\/p>\n<p style=\"text-align: justify;\"><span style=\"font-size: 14pt;\"><strong>O perfil dos novos membros<\/strong><\/span><\/p>\n<p style=\"text-align: justify;\"><span style=\"font-size: 14pt;\">Viviane Karla da Silva Farias \u00e9 alagoana, natural da cidade de Arapiraca. \u201cPassar nesse concurso p\u00fablico foi a coisa mais especial que poderia acontecer na minha vida. Desde quando ingressei na faculdade, percebi que era isso que eu queria fazer. Por isso, quando surgiu a oportunidade de disputar uma vaga para integrar a carreira do Minist\u00e9rio P\u00fablico de Alagoas, n\u00e3o exitei. Estudei, abracei essa chance e dei o melhor de mim. E ser\u00e1 esse melhor que vou querer oferecer \u00e0 popula\u00e7\u00e3o do lugar onde eu nasci. E \u00e9 claro que eu vou me dedicar a todas as \u00e1reas de atua\u00e7\u00e3o, mas confesso que o combate a viol\u00eancia dom\u00e9stica vai ter uma aten\u00e7\u00e3o especial\u201d, disse a futura promotora de S\u00e3o Sebasti\u00e3o.<\/span><\/p>\n<p style=\"text-align: justify;\"><span style=\"font-size: 14pt;\">O recifense Ivan Viegas Renaux de Andrade afirmou que a paix\u00e3o pelo Minist\u00e9rio P\u00fablico nasceu antes mesmo de ele come\u00e7ar a estudar Direito. \u201cCursei a faculdade j\u00e1 querendo ser promotor de Justi\u00e7a. Nunca desejei outra carreira jur\u00eddica. Sou procurador federal na Advocacia Geral da Uni\u00e3o na Para\u00edba, mas, deixo esse importante emprego para come\u00e7ar a trabalhar na institui\u00e7\u00e3o que sempre quis. Pernambuco e Alagoas s\u00e3o o mesmo povo e, por isso, estou t\u00e3o feliz. Eu esperei tanto ser chamado para esse concurso, que hoje \u00e9 um dia que ficar\u00e1 marcado na minha hist\u00f3ria. A Deus, a mina gratid\u00e3o por esse esfor\u00e7o ora coroado\u201d, declarou.<\/span><\/p>\n<p style=\"text-align: justify;\"><span style=\"font-size: 14pt;\">De Minas Gerais est\u00e1 vindo Lucas Sachsida Junqueira Carneiro. \u201cMeu primeiro est\u00e1gio foi no Minist\u00e9rio P\u00fablico e, desde aquela \u00e9poca, eu me encantei pelo trabalho de ajudar ao pr\u00f3ximo. A promotoria na qual eu vou atuar vai receber o melhor de mim, por\u00e9m, eu quero dedicar meus maiores esfor\u00e7os para fazer um Minist\u00e9rio P\u00fablico extrajudicial, resolutivo. Vou utilizar os instrumentos que est\u00e3o dados a n\u00f3s, a exemplo do Termo de Ajustamento de Conduta (TAC), das recomenda\u00e7\u00f5es, dos inqu\u00e9ritos civis. S\u00e3o ferramentas bastante eficientes que melhoram mais rapidamente a vida das pessoas\u201d, explicou.<\/span><\/p>\n<p style=\"text-align: justify;\"><span style=\"font-size: 14pt;\">Paulo Barbosa de Almeida Filho, da Para\u00edba, nasceu numa fam\u00edlia de promotores de Justi\u00e7a, o que acabou o influenciando a seguir o mesmo caminho. \u201cEu cresci entre promotores que me davam os melhores exemplos de como se ajuda a promover a justi\u00e7a para as pessoas. Ent\u00e3o, n\u00e3o poderia ter espelho maior. E sempre soube que quem faz concurso nessa \u00e1rea \u00e9 porque tem voca\u00e7\u00e3o, amor pelo Minist\u00e9rio P\u00fablico, e esse tamb\u00e9m \u00e9 o meu caso. Dentre as carreiras jur\u00eddicas, ela \u00e9 a que o operador do Direito tem mais possibilidade de desenvolver inclus\u00e3o social, de defender a sociedade naquilo que lhe \u00e9 mais caro, que s\u00e3o os seus interesses difusos e coletivos. Tamb\u00e9m quero fazer uma atua\u00e7\u00e3o forte no combate a criminalidade\u201d, garantiu.<\/span><\/p>\n<p style=\"text-align: justify;\"><span style=\"font-size: 14pt;\">E Kleber Valadares Coelho J\u00fanior ser\u00e1 o segundo mineiro a tomar posse nos pr\u00f3ximos dias. Para ele, fazer parte do Minist\u00e9rio P\u00fablico brasileiro j\u00e1 \u00e9 um orgulho. \u201cEu sou promotor de Justi\u00e7a em Roraima h\u00e1 tr\u00eas anos. \u00c9 claro que sou feliz trabalhando l\u00e1, entretanto, desde a primeira vez em que vi a Alagoas, encantei-me por esse lugar. Tudo aqui me conquistou, o povo nordestino, a hist\u00f3ria do Estado, as suas belezas naturais. E antes de ser promotor, fui delegado. Mas, sempre alimentando o sonho de ser do Minist\u00e9rio P\u00fablico. \u00c9 por isso que sou t\u00e3o feliz, eu realmente trabalho naquilo que amo e a sociedade alagoana pode ter certeza que me dedicarei para defender os seus direitos indispon\u00edveis como sa\u00fade e educa\u00e7\u00e3o e seguirei firme no combate a corrup\u00e7\u00e3o, contou o futuro titular da Promotoria de Girau do Ponciano.<\/span><\/p>\n<p style=\"text-align: justify;\"><span style=\"font-size: 14pt;\">\u201cApesar das severas restri\u00e7\u00f5es or\u00e7ament\u00e1rias, vamos nomear cinco promotores de Justi\u00e7a nos pr\u00f3ximos dias. Nessa sexta-feira, os novos colegas escolheram as promotorias onde labutar\u00e3o em defesa dos interesses da sociedade. Lamenta a chefia do Minist\u00e9rio P\u00fablico n\u00e3o ter condi\u00e7\u00f5es de recrutar mais promotores de Justi\u00e7a para ocuparem os \u00f3rg\u00e3os de execu\u00e7\u00e3o vagos, esperando que, no pr\u00f3ximo ano, tenha condi\u00e7\u00f5es materiais de aumentar o n\u00famero de defensores do povo\u201d, afirmou o procurador-geral de Justi\u00e7a, S\u00e9rgio Juc\u00e1.<\/span><\/p>\n<p style=\"text-align: justify;\"><span style=\"font-size: 14pt;\">\u201cQuem ganha com essas nomea\u00e7\u00f5es n\u00e3o \u00e9 somente o Minist\u00e9rio P\u00fablico. A maior benefici\u00e1ria \u00e9 a sociedade de Alagoas. Por isso, esse \u00e9 um momento de comemora\u00e7\u00e3o\u201d, disse Alfredo Gaspar de Mendon\u00e7a, secret\u00e1rio da Comiss\u00e3o do Concurso.<\/span><\/p>\n","protected":false},"excerpt":{"rendered":"<p> [&hellip;]<\/p>\n","protected":false},"author":5,"featured_media":17856,"comment_status":"open","ping_status":"open","sticky":false,"template":"","format":"standard","meta":{"om_disable_all_campaigns":false,"_monsterinsights_skip_tracking":false,"_monsterinsights_sitenote_active":false,"_monsterinsights_sitenote_note":"","_monsterinsights_sitenote_category":0,"_uf_show_specific_survey":0,"_uf_disable_surveys":false,"footnotes":""},"categories":[2],"tags":[],"class_list":["post-17854","post","type-post","status-publish","format-standard","has-post-thumbnail","hentry","category-not_mpal"],"aioseo_notices":[],"_links":{"self":[{"href":"https:\/\/www.mpal.mp.br\/index.php?rest_route=\/wp\/v2\/posts\/17854","targetHints":{"allow":["GET"]}}],"collection":[{"href":"https:\/\/www.mpal.mp.br\/index.php?rest_route=\/wp\/v2\/posts"}],"about":[{"href":"https:\/\/www.mpal.mp.br\/index.php?rest_route=\/wp\/v2\/types\/post"}],"author":[{"embeddable":true,"href":"https:\/\/www.mpal.mp.br\/index.php?rest_route=\/wp\/v2\/users\/5"}],"replies":[{"embeddable":true,"href":"https:\/\/www.mpal.mp.br\/index.php?rest_route=%2Fwp%2Fv2%2Fcomments&post=17854"}],"version-history":[{"count":1,"href":"https:\/\/www.mpal.mp.br\/index.php?rest_route=\/wp\/v2\/posts\/17854\/revisions"}],"predecessor-version":[{"id":17857,"href":"https:\/\/www.mpal.mp.br\/index.php?rest_route=\/wp\/v2\/posts\/17854\/revisions\/17857"}],"wp:featuredmedia":[{"embeddable":true,"href":"https:\/\/www.mpal.mp.br\/index.php?rest_route=\/wp\/v2\/media\/17856"}],"wp:attachment":[{"href":"https:\/\/www.mpal.mp.br\/index.php?rest_route=%2Fwp%2Fv2%2Fmedia&parent=17854"}],"wp:term":[{"taxonomy":"category","embeddable":true,"href":"https:\/\/www.mpal.mp.br\/index.php?rest_route=%2Fwp%2Fv2%2Fcategories&post=17854"},{"taxonomy":"post_tag","embeddable":true,"href":"https:\/\/www.mpal.mp.br\/index.php?rest_route=%2Fwp%2Fv2%2Ftags&post=17854"}],"curies":[{"name":"wp","href":"https:\/\/api.w.org\/{rel}","templated":true}]}}