{"id":17849,"date":"2016-11-17T11:55:07","date_gmt":"2016-11-17T13:55:07","guid":{"rendered":"https:\/\/www.mpal.mp.br\/?p=17849"},"modified":"2022-09-02T11:55:42","modified_gmt":"2022-09-02T14:55:42","slug":"mpe-al-obtem-condenacao-de-reu-acusado-de-homicidio-no-jacintinho-crime-ocorreu-em-2013","status":"publish","type":"post","link":"https:\/\/www.mpal.mp.br\/?p=17849","title":{"rendered":"MPE\/AL obt\u00e9m condena\u00e7\u00e3o de r\u00e9u acusado de homic\u00eddio no Jacintinho; crime ocorreu em 2013"},"content":{"rendered":"<p style=\"text-align: justify;\"><span style=\"font-size: 14pt;\">Com o Minist\u00e9rio P\u00fablico do Estado de Alagoas na acusa\u00e7\u00e3o, o r\u00e9u Wellington dos Santos Silva, conhecido como \u201cPop\u00f3\u201d, foi condenado, nesta quarta-feira (16), a 27 anos, 11 meses e 27 dias de reclus\u00e3o e dez dias de multa pelo homic\u00eddio qualificado por motivo torpe e impossibilidade de defesa da v\u00edtima Ismael Ronildo Gomes da Silva e tamb\u00e9m por participa\u00e7\u00e3o em organiza\u00e7\u00e3o criminosa.<\/span><\/p>\n<p style=\"text-align: justify;\"><span style=\"font-size: 14pt;\">O crime ocorreu no dia 17 de dezembro de 2013, na Avenida Juca Sampaio, no Jacintinho, em Macei\u00f3. Na ocasi\u00e3o em que a v\u00edtima passava por terreno baldio, o r\u00e9u e mais quatro comparsas atingiram a Ismael com disparos de armas de fogo, levando-o a \u00f3bito.<\/span><\/p>\n<p style=\"text-align: justify;\"><span style=\"font-size: 14pt;\">Junto a Pop\u00f3, estavam Cl\u00e1udio Silvestre da Silva, vulgo \u201cSauha\u00e7uy\u201d; David Santos de Souza; \u00c9rico Santos Vieira da Silva, vulgo \u201cEric Oi\u00e3o\u201d; e Erivaldo Santos Vieira da Silva, vulgo \u201cSecurinha\u201d, os dois \u00faltimos j\u00e1 falecidos. Em virtude do desmembramento do processo, apenas o primeiro foi submetido ao Tribunal do J\u00fari.<\/span><\/p>\n<p style=\"text-align: justify;\"><span style=\"font-size: 14pt;\">Segundo a acusa\u00e7\u00e3o do MPE\/AL, o homic\u00eddio praticado pela organiza\u00e7\u00e3o criminosa teria como motivo o suposto fato da v\u00edtima ser amigo de policiais.<\/span><\/p>\n<p style=\"text-align: justify;\"><span style=\"font-size: 14pt;\"><strong>Testemunha<\/strong><\/span><\/p>\n<p style=\"text-align: justify;\"><span style=\"font-size: 14pt;\">Uma das testemunhas do caso \u00e9 tio da v\u00edtima, que tamb\u00e9m foi atingido pelos disparos da organiza\u00e7\u00e3o criminosa na noite do crime. Jos\u00e9 Augusto dos Santos Lima afirmou em depoimento que, ap\u00f3s cometerem o assassinato, os criminosos sa\u00edram exclamando \u201cmatamos o chumbeta de Pol\u00edcia\u201d.<\/span><\/p>\n<p style=\"text-align: justify;\"><span style=\"font-size: 14pt;\">\u201cRelatou [a testemunha], ainda, que est\u00e1 sofrendo amea\u00e7as de morte, pelas pessoas de &#8216;Sauha\u00e7uy&#8217; e &#8216;David&#8217;. Reconheceu, inclusive, a pessoa de &#8216;Pop\u00f3&#8217;, o qual se fez presente na audi\u00eancia, como um dos autores do crime em tela\u201d, relata a den\u00fancia do Minist\u00e9rio P\u00fablico Estadual, sustentada peplo promotor de Justi\u00e7a Anderson Cl\u00e1udio de Almeida Barbosa no julgamento.<\/span><\/p>\n<p style=\"text-align: justify;\"><span style=\"font-size: 14pt;\">O condenado iniciar\u00e1 o cumprimento da pena em regime fechado e n\u00e3o poder\u00e1 recorrer em liberdade. \u201c\u00c9 que subsistem inc\u00f3lumes as raz\u00f5es que basearam a decreta\u00e7\u00e3o da pris\u00e3o preventiva e, em paralelo, a fuga do acusado torna imperiosa sua segrega\u00e7\u00e3o para asseguramento da aplica\u00e7\u00e3o da lei penal\u201d, justificou a ju\u00edza Lorena Carlos Santos Vasconcelos Sotto-Mayor.<\/span><\/p>\n<p style=\"text-align: justify;\"><span style=\"font-size: 14pt;\">A condena\u00e7\u00e3o de Wellington se deu na 7\u00aa Vara Criminal da Capital, durante os trabalhos do M\u00eas Nacional do J\u00fari.<\/span><\/p>\n","protected":false},"excerpt":{"rendered":"<p> [&hellip;]<\/p>\n","protected":false},"author":5,"featured_media":8970,"comment_status":"open","ping_status":"open","sticky":false,"template":"","format":"standard","meta":{"om_disable_all_campaigns":false,"_monsterinsights_skip_tracking":false,"_monsterinsights_sitenote_active":false,"_monsterinsights_sitenote_note":"","_monsterinsights_sitenote_category":0,"_uf_show_specific_survey":0,"_uf_disable_surveys":false,"footnotes":""},"categories":[2],"tags":[],"class_list":["post-17849","post","type-post","status-publish","format-standard","has-post-thumbnail","hentry","category-not_mpal"],"aioseo_notices":[],"_links":{"self":[{"href":"https:\/\/www.mpal.mp.br\/index.php?rest_route=\/wp\/v2\/posts\/17849","targetHints":{"allow":["GET"]}}],"collection":[{"href":"https:\/\/www.mpal.mp.br\/index.php?rest_route=\/wp\/v2\/posts"}],"about":[{"href":"https:\/\/www.mpal.mp.br\/index.php?rest_route=\/wp\/v2\/types\/post"}],"author":[{"embeddable":true,"href":"https:\/\/www.mpal.mp.br\/index.php?rest_route=\/wp\/v2\/users\/5"}],"replies":[{"embeddable":true,"href":"https:\/\/www.mpal.mp.br\/index.php?rest_route=%2Fwp%2Fv2%2Fcomments&post=17849"}],"version-history":[{"count":1,"href":"https:\/\/www.mpal.mp.br\/index.php?rest_route=\/wp\/v2\/posts\/17849\/revisions"}],"predecessor-version":[{"id":17850,"href":"https:\/\/www.mpal.mp.br\/index.php?rest_route=\/wp\/v2\/posts\/17849\/revisions\/17850"}],"wp:featuredmedia":[{"embeddable":true,"href":"https:\/\/www.mpal.mp.br\/index.php?rest_route=\/wp\/v2\/media\/8970"}],"wp:attachment":[{"href":"https:\/\/www.mpal.mp.br\/index.php?rest_route=%2Fwp%2Fv2%2Fmedia&parent=17849"}],"wp:term":[{"taxonomy":"category","embeddable":true,"href":"https:\/\/www.mpal.mp.br\/index.php?rest_route=%2Fwp%2Fv2%2Fcategories&post=17849"},{"taxonomy":"post_tag","embeddable":true,"href":"https:\/\/www.mpal.mp.br\/index.php?rest_route=%2Fwp%2Fv2%2Ftags&post=17849"}],"curies":[{"name":"wp","href":"https:\/\/api.w.org\/{rel}","templated":true}]}}