{"id":17847,"date":"2016-11-22T11:54:21","date_gmt":"2016-11-22T13:54:21","guid":{"rendered":"https:\/\/www.mpal.mp.br\/?p=17847"},"modified":"2024-07-23T13:25:07","modified_gmt":"2024-07-23T16:25:07","slug":"comite-estrategico-de-tecnologia-e-informacao-lanca-hotsite-do-saj-mp-pagina-concentra-conteudos-relacionados-sobre-software","status":"publish","type":"post","link":"https:\/\/www.mpal.mp.br\/?p=17847","title":{"rendered":"Comit\u00ea Estrat\u00e9gico de Tecnologia e Informa\u00e7\u00e3o lan\u00e7a hotsite do SAJ\/MP; p\u00e1gina concentra conte\u00fados relacionados sobre software"},"content":{"rendered":"<p style=\"text-align: justify;\"><span style=\"font-size: 14pt;\">Visando facilitar o uso do Sistema de Automa\u00e7\u00e3o da Justi\u00e7a do Minist\u00e9rio P\u00fablico do Estado de Alagoas (SAJ\/MP), o Comit\u00ea Estrat\u00e9gico de Tecnologia e Informa\u00e7\u00e3o (Ceti), com o desenvolvimento da Diretoria de Tecnologia da Informa\u00e7\u00e3o e apoio da empresa Softplan, produziu um\u00a0<em>hotsite\u00a0<\/em>com conte\u00fado exclusivo do software. A p\u00e1gina especializada j\u00e1 est\u00e1 dispon\u00edvel aos usu\u00e1rios e pode ser consultada\u00a0<a href=\"http:\/\/sis.mpal.mp.br\/mpdigital\/\">aqui<\/a>.<\/span><\/p>\n<p style=\"text-align: justify;\"><span style=\"font-size: 14pt;\">Ao todo s\u00e3o seis menus de f\u00e1cil acesso ao cidad\u00e3o: In\u00edcio, Not\u00edcias, Consultas, Manuais, Equipe de Suporte e Fale Conosco. No primeiro deles, o usu\u00e1rio encontrar\u00e1 as publica\u00e7\u00f5es mais recentes do\u00a0<em>hotsite<\/em>, bem como conte\u00fados de acesso r\u00e1pido e os dados atualizados das atividades que os \u00f3rg\u00e3os de execu\u00e7\u00e3o realizaram desde o dia 1\u00ba de janeiro de 2016.<\/span><\/p>\n<p style=\"text-align: justify;\"><span style=\"font-size: 14pt;\">\u201cN\u00f3s nos tornamos refer\u00eancia para o pa\u00eds inteiro pela evolu\u00e7\u00e3o e efici\u00eancia da implanta\u00e7\u00e3o do sistema digital do Minist\u00e9rio P\u00fablico Estadual. N\u00e3o poder\u00edamos fazer diferente quando o assunto \u00e9 comunica\u00e7\u00e3o. Como ferramenta contempor\u00e2nea, o\u00a0<em>hotsite\u00a0<\/em>inova no aux\u00edlio aos usu\u00e1rios do software neste momento de sua consolida\u00e7\u00e3o na Casa\u201d, ressalta o subprocurador-geral Judicial e coordenador do Ceti, Anti\u00f3genes Marques de Lira.<\/span><\/p>\n<p style=\"text-align: justify;\"><span style=\"font-size: 14pt;\">Todas as mat\u00e9rias sobre o SAJ\/MP estar\u00e3o no menu Not\u00edcias, que corresponde ao espa\u00e7o de mem\u00f3ria do jornalismo sobre o software. Tamb\u00e9m de natureza informativa, o menu Manuais disponibiliza guias sobre o sistema, m\u00f3dulos, banco de teses e pareceres, ci\u00eancia de ac\u00f3rd\u00e3o, procedimentos extrajudiciais, n\u00facleo de inqu\u00e9ritos da Pol\u00edcia Civil e solicita\u00e7\u00f5es de apoio.<\/span><\/p>\n<p style=\"text-align: justify;\"><span style=\"font-size: 14pt;\">\u201cQueremos oferecer uma informa\u00e7\u00e3o mais direcionada ao manuseio do SAJ\/MP, em especial para os membros e servidores, que s\u00e3o o nosso principal p\u00fablico-alvo. Com o\u00a0<em>hotsite<\/em>, esperamos uma capilariza\u00e7\u00e3o mais r\u00e1pida dos conte\u00fados relacionados ao sistema, a exemplo da divulga\u00e7\u00e3o dos dados estat\u00edsticos. Em outros Minist\u00e9rios P\u00fablicos, a aus\u00eancia de um espa\u00e7o especializado\u201d, explica o diretor de Tecnologia e Informa\u00e7\u00e3o, Marcel de Castro Vasconcelos.<\/span><\/p>\n<p style=\"text-align: justify;\"><span style=\"font-size: 14pt;\"><strong>Transpar\u00eancia<\/strong><\/span><\/p>\n<p style=\"text-align: justify;\"><span style=\"font-size: 14pt;\">Em Consultas, o usu\u00e1rio poder\u00e1 acessar dados a respeito de audi\u00eancias, confer\u00eancias de documentos, distribui\u00e7\u00e3o em 1\u00ba e 2\u00ba graus, processo e recomenda\u00e7\u00f5es. \u201cCom esse espa\u00e7o, o p\u00fablico interno e externo da Casa poder\u00e1 saber quantos e quais processos se encontram com o \u00f3rg\u00e3o de execu\u00e7\u00e3o de 1\u00ba e 2\u00ba grau do Minist\u00e9rio P\u00fablico\u201d, destaca Marcel Vasconcelos.<\/span><\/p>\n<p style=\"text-align: justify;\"><span style=\"font-size: 14pt;\">J\u00e1 nos menus Equipe de Suporte e Fale Conosco, est\u00e3o dispon\u00edveis contatos telef\u00f4nicos, e-mail e espa\u00e7os de envio de d\u00favidas e reclama\u00e7\u00f5es. Caber\u00e1 \u00e0 empresa Softplan responder aos questionamentos e \u00e0 Diretoria de Tecnologia de Informa\u00e7\u00e3o, as cr\u00edticas.<\/span><\/p>\n<p style=\"text-align: justify;\"><span style=\"font-size: 14pt;\">Um dos idealizadores da p\u00e1gina, o analista de suporte da Softplan Guilherme Freitas diz que o\u00a0<em>hotsite\u00a0<\/em>nasceu da crescente demanda dos membros e servidores com o avan\u00e7o da implanta\u00e7\u00e3o do Sistema de Automa\u00e7\u00e3o da Justi\u00e7a do Minist\u00e9rio P\u00fablico do Estado de Alagoas. \u201cNosso objetivo \u00e9 concentrar o conte\u00fado informativo num espa\u00e7o para ajudar membros e servidores a terem dom\u00ednio do sistema, al\u00e9m de garantir para a sociedade uma maior transpar\u00eancia dos trabalhos da institui\u00e7\u00e3o\u201d, afirma.<\/span><\/p>\n","protected":false},"excerpt":{"rendered":"<p> [&hellip;]<\/p>\n","protected":false},"author":5,"featured_media":2857,"comment_status":"closed","ping_status":"closed","sticky":false,"template":"","format":"standard","meta":{"om_disable_all_campaigns":false,"_monsterinsights_skip_tracking":false,"_monsterinsights_sitenote_active":false,"_monsterinsights_sitenote_note":"","_monsterinsights_sitenote_category":0,"_uf_show_specific_survey":0,"_uf_disable_surveys":false,"footnotes":""},"categories":[60,2],"tags":[],"class_list":["post-17847","post","type-post","status-publish","format-standard","has-post-thumbnail","hentry","category-not_ceti","category-not_mpal"],"aioseo_notices":[],"_links":{"self":[{"href":"https:\/\/www.mpal.mp.br\/index.php?rest_route=\/wp\/v2\/posts\/17847","targetHints":{"allow":["GET"]}}],"collection":[{"href":"https:\/\/www.mpal.mp.br\/index.php?rest_route=\/wp\/v2\/posts"}],"about":[{"href":"https:\/\/www.mpal.mp.br\/index.php?rest_route=\/wp\/v2\/types\/post"}],"author":[{"embeddable":true,"href":"https:\/\/www.mpal.mp.br\/index.php?rest_route=\/wp\/v2\/users\/5"}],"replies":[{"embeddable":true,"href":"https:\/\/www.mpal.mp.br\/index.php?rest_route=%2Fwp%2Fv2%2Fcomments&post=17847"}],"version-history":[{"count":1,"href":"https:\/\/www.mpal.mp.br\/index.php?rest_route=\/wp\/v2\/posts\/17847\/revisions"}],"predecessor-version":[{"id":17848,"href":"https:\/\/www.mpal.mp.br\/index.php?rest_route=\/wp\/v2\/posts\/17847\/revisions\/17848"}],"wp:featuredmedia":[{"embeddable":true,"href":"https:\/\/www.mpal.mp.br\/index.php?rest_route=\/wp\/v2\/media\/2857"}],"wp:attachment":[{"href":"https:\/\/www.mpal.mp.br\/index.php?rest_route=%2Fwp%2Fv2%2Fmedia&parent=17847"}],"wp:term":[{"taxonomy":"category","embeddable":true,"href":"https:\/\/www.mpal.mp.br\/index.php?rest_route=%2Fwp%2Fv2%2Fcategories&post=17847"},{"taxonomy":"post_tag","embeddable":true,"href":"https:\/\/www.mpal.mp.br\/index.php?rest_route=%2Fwp%2Fv2%2Ftags&post=17847"}],"curies":[{"name":"wp","href":"https:\/\/api.w.org\/{rel}","templated":true}]}}