{"id":17818,"date":"2016-11-23T11:03:42","date_gmt":"2016-11-23T13:03:42","guid":{"rendered":"https:\/\/www.mpal.mp.br\/?p=17818"},"modified":"2022-09-02T11:04:16","modified_gmt":"2022-09-02T14:04:16","slug":"recomendacao-de-promotoria-de-justica-coibe-nepotismo-em-marechal-deodoro-municipio-deve-observar-lei-eleitoral-na-gestao-de-pessoas","status":"publish","type":"post","link":"https:\/\/www.mpal.mp.br\/?p=17818","title":{"rendered":"Recomenda\u00e7\u00e3o de Promotoria de Justi\u00e7a co\u00edbe nepotismo em Marechal Deodoro; Munic\u00edpio deve observar Lei Eleitoral na gest\u00e3o de pessoas"},"content":{"rendered":"<p style=\"text-align: justify;\"><span style=\"font-size: 14pt;\">Em defesa dos princ\u00edpios constitucionais da moralidade e efici\u00eancia da Administra\u00e7\u00e3o P\u00fablica, a 2\u00aa Promotoria de Justi\u00e7a da Comarca de Marechal Deodoro recomendou \u00e0 Prefeitura do Munic\u00edpio que co\u00edba a pr\u00e1tica de nepotismo no provimento de cargos de servidores. O Minist\u00e9rio P\u00fablico do Estado de Alagoas deu o prazo de 15 dias para a gest\u00e3o municipal adotar todas as medidas necess\u00e1rias ao objeto da recomenda\u00e7\u00e3o.<\/span><\/p>\n<p style=\"text-align: justify;\"><span style=\"font-size: 14pt;\">Nesse sentido, o Munic\u00edpio dever\u00e1 exonerar os servidores lotados em cargos de comiss\u00e3o e fun\u00e7\u00f5es de confian\u00e7a, que ostentem a condi\u00e7\u00e3o de c\u00f4njuge, companheiro ou parentesco (consanguinidade, afinidade ou civil), at\u00e9 terceiro grau com a prefeita em exerc\u00edcio, Yolanda Gomes, secret\u00e1rios municipais, ocupantes de cargos comissionados, vereadores. A restri\u00e7\u00e3o valer\u00e1 tamb\u00e9m para a nomea\u00e7\u00e3o cruzada, o chamado nepotismo cruzado.<\/span><\/p>\n<p style=\"text-align: justify;\"><span style=\"font-size: 14pt;\">Na recomenda\u00e7\u00e3o, o promotor de Justi\u00e7a Silvio Azevedo Sampaio orienta ao gestor municipal que se abstenha de contratar diretamente, ou mediante dispensa ou inexigibilidade de licita\u00e7\u00e3o, pessoa f\u00edsica ou jur\u00eddica cujos s\u00f3cios ou empregados enquadrem-se nas rela\u00e7\u00f5es de parentesco que configura o nepotismo.<\/span><\/p>\n<p style=\"text-align: justify;\"><span style=\"font-size: 14pt;\">O Munic\u00edpio dever\u00e1 se abster ainda e manter, aditar ou prorrogar contrato com empresas de servi\u00e7os que contratem empregados com as mesmas rela\u00e7\u00f5es, devendo tal veda\u00e7\u00e3o constar expressamente dos editais de licita\u00e7\u00e3o.<\/span><\/p>\n<p style=\"text-align: justify;\"><span style=\"font-size: 14pt;\">\u201cEm at\u00e9 cinco dias, a contar do recebimento, dever\u00e1 ser respondida a presente recomenda\u00e7\u00e3o \u00e0 2\u00aa Promotoria de Justi\u00e7a de Marechal Deodoro, atrav\u00e9s de of\u00edcio, acompanhado das raz\u00f5es pelas quais se acolhe ou n\u00e3o o conte\u00fado recomendado. Ressalta-se, desde j\u00e1, a responsabilidade civil e administrativa atinente, caso n\u00e3o se d\u00ea o devido cumprimento \u00e0 presente recomenda\u00e7\u00e3o, inclusive, eventual propositura de a\u00e7\u00e3o civil p\u00fablica\u201d, destacou Silvio Azevedo.<\/span><\/p>\n<p style=\"text-align: justify;\"><span style=\"font-size: 14pt;\">O promotor de Justi\u00e7a lembra que o Supremo Tribunal Federal possui jurisprud\u00eancia consolidada sobre o assunto em destaque, inclusive, com a edi\u00e7\u00e3o da S\u00famula Vinculante n\u00ba 13, que veda a pr\u00e1tica a pr\u00e1tica de nepotismo. A inconstitucionalidade abrange toda a administra\u00e7\u00e3o p\u00fablica direta e indireta, em qualquer dos poderes da Uni\u00e3o, dos Estados, do Distrito Federal e dos Munic\u00edpios.<\/span><\/p>\n<p style=\"text-align: justify;\"><span style=\"font-size: 14pt;\"><strong>Lei Eleitoral<\/strong><\/span><\/p>\n<p style=\"text-align: justify;\"><span style=\"font-size: 14pt;\">Na condi\u00e7\u00e3o de promotor da 26\u00aa Zona Eleitoral, Silvio Azevedo tamb\u00e9m recomendou \u00e0 prefeita em exerc\u00edcio de Marechal Deodoro, Yolanda Gomes, que se abstenha de praticar quaisquer das condutas vedadas pela Lei n. 9.504\/97, a Lei Eleitoral.<\/span><\/p>\n<p style=\"text-align: justify;\"><span style=\"font-size: 14pt;\">A legisla\u00e7\u00e3o pro\u00edbe os agentes p\u00fablicos de nomear, contratar ou de qualquer forma admitir, demitir sem justa causa, suprimir ou readaptar vantagens ou por outros meios dificultar ou impedir o exerc\u00edcio funcional e, ainda, de of\u00edcio, remover, transferir ou exonerar servidor p\u00fablico na circunscri\u00e7\u00e3o do pleito. A veda\u00e7\u00e3o vale para os tr\u00eas meses que antecedem as elei\u00e7\u00f5es e segue at\u00e9 a posse dos eleitos, sob pena de nulidade de pleno direito.<\/span><\/p>\n<p style=\"text-align: justify;\"><span style=\"font-size: 14pt;\">\u201cA pr\u00e1tica da conduta vedada em tela configura ilicitude e comportamentos isolados que, nas balizas objetivas do caso concreto, ainda que n\u00e3o tivessem o potencial de afetar a normalidade e a legitimidade das elei\u00e7\u00f5es, tipifica-se de qualquer maneira como abuso de poder simples e, assim, merece sancionamento com multa exemplar e proporcional \u00e0 conduta e responsabilidade do infrator\u201d, considerou o promotor eleitoral.<\/span><\/p>\n<p style=\"text-align: justify;\"><span style=\"font-size: 14pt;\">Na recomenda\u00e7\u00e3o, Silvio Azevedo orienta o gestor municipal a tornar nulos todos os atos administrativos praticados em desacordo com a Lei n\u00ba 9.504\/97, em observ\u00e2ncia \u00e0 legisla\u00e7\u00e3o eleitoral e ao princ\u00edpio da autotutela.<\/span><\/p>\n<p style=\"text-align: justify;\"><span style=\"font-size: 14pt;\">Caso a Lei Eleitoral seja desconsiderada, o infrator poder\u00e1 ser obrigado a responder por uma pena pecuni\u00e1ria no valor que varia de R$ 5,3 mil a R$ 106 mil. Ele tamb\u00e9m sofre o risco de se submeter \u00e0 cassa\u00e7\u00e3o do registro ou do diploma do candidato beneficiado e de se tornar ineleg\u00edvel por conta do abuso de poder ou da conduta vedada.<\/span><\/p>\n<p style=\"text-align: justify;\"><span style=\"font-size: 14pt;\">A Prefeitura de Marechal Deodoro tem cinco dias para responder se cumprir\u00e1 ou n\u00e3o a recomenda\u00e7\u00e3o. O prazo come\u00e7a a conta do recebimento oficial do procedimento da Promotoria da 26\u00aa Zona Eleitoral.<\/span><\/p>\n","protected":false},"excerpt":{"rendered":"<p> [&hellip;]<\/p>\n","protected":false},"author":5,"featured_media":17819,"comment_status":"open","ping_status":"open","sticky":false,"template":"","format":"standard","meta":{"om_disable_all_campaigns":false,"_monsterinsights_skip_tracking":false,"_monsterinsights_sitenote_active":false,"_monsterinsights_sitenote_note":"","_monsterinsights_sitenote_category":0,"_uf_show_specific_survey":0,"_uf_disable_surveys":false,"footnotes":""},"categories":[2],"tags":[],"class_list":["post-17818","post","type-post","status-publish","format-standard","has-post-thumbnail","hentry","category-not_mpal"],"aioseo_notices":[],"_links":{"self":[{"href":"https:\/\/www.mpal.mp.br\/index.php?rest_route=\/wp\/v2\/posts\/17818","targetHints":{"allow":["GET"]}}],"collection":[{"href":"https:\/\/www.mpal.mp.br\/index.php?rest_route=\/wp\/v2\/posts"}],"about":[{"href":"https:\/\/www.mpal.mp.br\/index.php?rest_route=\/wp\/v2\/types\/post"}],"author":[{"embeddable":true,"href":"https:\/\/www.mpal.mp.br\/index.php?rest_route=\/wp\/v2\/users\/5"}],"replies":[{"embeddable":true,"href":"https:\/\/www.mpal.mp.br\/index.php?rest_route=%2Fwp%2Fv2%2Fcomments&post=17818"}],"version-history":[{"count":1,"href":"https:\/\/www.mpal.mp.br\/index.php?rest_route=\/wp\/v2\/posts\/17818\/revisions"}],"predecessor-version":[{"id":17821,"href":"https:\/\/www.mpal.mp.br\/index.php?rest_route=\/wp\/v2\/posts\/17818\/revisions\/17821"}],"wp:featuredmedia":[{"embeddable":true,"href":"https:\/\/www.mpal.mp.br\/index.php?rest_route=\/wp\/v2\/media\/17819"}],"wp:attachment":[{"href":"https:\/\/www.mpal.mp.br\/index.php?rest_route=%2Fwp%2Fv2%2Fmedia&parent=17818"}],"wp:term":[{"taxonomy":"category","embeddable":true,"href":"https:\/\/www.mpal.mp.br\/index.php?rest_route=%2Fwp%2Fv2%2Fcategories&post=17818"},{"taxonomy":"post_tag","embeddable":true,"href":"https:\/\/www.mpal.mp.br\/index.php?rest_route=%2Fwp%2Fv2%2Ftags&post=17818"}],"curies":[{"name":"wp","href":"https:\/\/api.w.org\/{rel}","templated":true}]}}