{"id":17813,"date":"2016-11-24T11:02:45","date_gmt":"2016-11-24T13:02:45","guid":{"rendered":"https:\/\/www.mpal.mp.br\/?p=17813"},"modified":"2022-09-02T11:03:32","modified_gmt":"2022-09-02T14:03:32","slug":"a-pedido-do-ministerio-publico-justica-eleitoral-cassa-candidatura-de-prefeito-eleito-de-porto-de-pedras-promotoria-defende-novas-eleicao-no-municipio","status":"publish","type":"post","link":"https:\/\/www.mpal.mp.br\/?p=17813","title":{"rendered":"A pedido do Minist\u00e9rio P\u00fablico, Justi\u00e7a Eleitoral cassa candidatura de prefeito eleito de Porto de Pedras; Promotoria defende novas elei\u00e7\u00e3o no Munic\u00edpio"},"content":{"rendered":"<p style=\"text-align: justify;\"><span style=\"font-size: 14pt;\">Ap\u00f3s o Minist\u00e9rio P\u00fablico Eleitoral ingressar com uma a\u00e7\u00e3o de investiga\u00e7\u00e3o judicial, o Ju\u00edzo da 12\u00aa zona eleitoral cassou o registro de candidatura da chapa comandada pelo prefeito eleito de Porto de Pedras, Henrique Vilela, da coliga\u00e7\u00e3o &#8220;Unidos por um futuro melhor&#8221;. A iniciativa da Promotoria Eleitoral teve como base o abuso do poder econ\u00f4mico do candidato antes e durante o pleito deste ano.<\/span><\/p>\n<p style=\"text-align: justify;\"><span style=\"font-size: 14pt;\">Na a\u00e7\u00e3o, o promotor Thiago Chacon apontou cinco fatos que configuram a pr\u00e1tica, sendo que o juiz Jos\u00e9 Eduardo Nobre Carlos acolheu tr\u00eas deles.<\/span><\/p>\n<p style=\"text-align: justify;\"><span style=\"font-size: 14pt;\">\u201cOs representados agiram com grande influ\u00eancia de dinheiro no per\u00edodo de 2013 a 2016, desequilibrando o pleito, sobretudo pela realiza\u00e7\u00e3o de grandes eventos da cidade, como o Natal Solid\u00e1rio, Carnaval, dentre outros, com distribui\u00e7\u00e3o de vultosos brindes, sempre com propaganda antecipada e ostensiva de sua logo marca de campanha. Eram feitos verdadeiros showm\u00edcios travestidos de eventos particulares e coletivos\u201d, disse o titular da Promotoria Eleitoral da 12\u00aa zona.<\/span><\/p>\n<p style=\"text-align: justify;\"><span style=\"font-size: 14pt;\">Thiago Chacon tamb\u00e9m aponta como epis\u00f3dios de abuso econ\u00f4mico o patroc\u00ednio a eventos culturais e esportivos; a doa\u00e7\u00e3o de \u00f3culos de grau para estudantes humildes; e o uso de organiza\u00e7\u00f5es n\u00e3o-governamentais e de funda\u00e7\u00f5es para facilitar a realiza\u00e7\u00e3o gratuita de cirurgias de cataratas em idosos. Segundo o Minist\u00e9rio P\u00fablico Eleitoral, o prefeito eleito chegou a ir em escolas para selecionar os beneficiados das suas \u201ca\u00e7\u00f5es sociais\u201d, e entregar brindes, conforme seus interesses pol\u00edticos.<\/span><\/p>\n<p style=\"text-align: justify;\"><span style=\"font-size: 14pt;\">\u201c(&#8230;) os showm\u00edcios e a distribui\u00e7\u00e3o de brindes e vantagens aos eleitores s\u00e3o proibidos durante a campanha eleitoral e, por l\u00f3gica, durante a pr\u00e9-campanha. Em que pese essa proibi\u00e7\u00e3o legal, o r\u00e9u Henrique Vilela utilizou todo o seu poderio financeiro para comprar a vontade popular atrav\u00e9s da velha pr\u00e1tica do p\u00e3o e circo, querendo fazer ver a todos os eleitores que ele era o melhor candidato a prefeito da municipalidade&#8221;, destaca trecho da senten\u00e7a.<\/span><\/p>\n<p style=\"text-align: justify;\"><span style=\"font-size: 14pt;\">A decis\u00e3o do magistrado foi publicada no Di\u00e1rio da Justi\u00e7a Eletr\u00f4nica ontem. Como cabe recurso \u00e0 senten\u00e7a original, Henrique Vilela e seu vice poder\u00e3o ser diplomados e assumir os respectivos cargos enquanto aguardam a decis\u00e3o final do Tribunal Regional Eleitoral. Caso a decis\u00e3o do juiz seja mantida, o Munic\u00edpio de Porto de Pedras ter\u00e1 nova elei\u00e7\u00e3o para o cargo de prefeito.<\/span><\/p>\n","protected":false},"excerpt":{"rendered":"<p> [&hellip;]<\/p>\n","protected":false},"author":5,"featured_media":17815,"comment_status":"open","ping_status":"open","sticky":false,"template":"","format":"standard","meta":{"om_disable_all_campaigns":false,"_monsterinsights_skip_tracking":false,"_monsterinsights_sitenote_active":false,"_monsterinsights_sitenote_note":"","_monsterinsights_sitenote_category":0,"_uf_show_specific_survey":0,"_uf_disable_surveys":false,"footnotes":""},"categories":[2],"tags":[],"class_list":["post-17813","post","type-post","status-publish","format-standard","has-post-thumbnail","hentry","category-not_mpal"],"aioseo_notices":[],"_links":{"self":[{"href":"https:\/\/www.mpal.mp.br\/index.php?rest_route=\/wp\/v2\/posts\/17813","targetHints":{"allow":["GET"]}}],"collection":[{"href":"https:\/\/www.mpal.mp.br\/index.php?rest_route=\/wp\/v2\/posts"}],"about":[{"href":"https:\/\/www.mpal.mp.br\/index.php?rest_route=\/wp\/v2\/types\/post"}],"author":[{"embeddable":true,"href":"https:\/\/www.mpal.mp.br\/index.php?rest_route=\/wp\/v2\/users\/5"}],"replies":[{"embeddable":true,"href":"https:\/\/www.mpal.mp.br\/index.php?rest_route=%2Fwp%2Fv2%2Fcomments&post=17813"}],"version-history":[{"count":1,"href":"https:\/\/www.mpal.mp.br\/index.php?rest_route=\/wp\/v2\/posts\/17813\/revisions"}],"predecessor-version":[{"id":17816,"href":"https:\/\/www.mpal.mp.br\/index.php?rest_route=\/wp\/v2\/posts\/17813\/revisions\/17816"}],"wp:featuredmedia":[{"embeddable":true,"href":"https:\/\/www.mpal.mp.br\/index.php?rest_route=\/wp\/v2\/media\/17815"}],"wp:attachment":[{"href":"https:\/\/www.mpal.mp.br\/index.php?rest_route=%2Fwp%2Fv2%2Fmedia&parent=17813"}],"wp:term":[{"taxonomy":"category","embeddable":true,"href":"https:\/\/www.mpal.mp.br\/index.php?rest_route=%2Fwp%2Fv2%2Fcategories&post=17813"},{"taxonomy":"post_tag","embeddable":true,"href":"https:\/\/www.mpal.mp.br\/index.php?rest_route=%2Fwp%2Fv2%2Ftags&post=17813"}],"curies":[{"name":"wp","href":"https:\/\/api.w.org\/{rel}","templated":true}]}}