{"id":17806,"date":"2016-11-24T11:01:56","date_gmt":"2016-11-24T13:01:56","guid":{"rendered":"https:\/\/www.mpal.mp.br\/?p=17806"},"modified":"2022-09-02T11:02:34","modified_gmt":"2022-09-02T14:02:34","slug":"motivados-por-promotoria-de-justica-tres-municipios-farao-concurso-publico-para-servidores-em-2017","status":"publish","type":"post","link":"https:\/\/www.mpal.mp.br\/?p=17806","title":{"rendered":"Motivados por Promotoria de Justi\u00e7a, tr\u00eas munic\u00edpios far\u00e3o concurso p\u00fablico para servidores em 2017"},"content":{"rendered":"<p style=\"text-align: justify;\"><span style=\"font-size: 14pt;\">A 2\u00ba Promotoria de Justi\u00e7a de S\u00e3o Miguel dos Campos, que, al\u00e9m do munic\u00edpio hom\u00f4nimo, atua em Roteiro e na Barra de S\u00e3o Miguel, trabalha desde 2015 para garantir a realiza\u00e7\u00e3o de concurso p\u00fablico destinado ao provimento de cargos de servidores dos tr\u00eas entes p\u00fablicos. Nesta quarta-feira (23), representantes das Prefeituras Municipais se reuniram com a promotora Stella Val\u00e9ria Soares de Farias Cavalcanti para discutir o cronograma do certame.<\/span><\/p>\n<p style=\"text-align: justify;\"><span style=\"font-size: 14pt;\">O objetivo do Minist\u00e9rio P\u00fablico do Estado de Alagoas \u00e9 fazer com que os gestores cumpram a recomenda\u00e7\u00e3o do Tribunal de Contas Estadual em rela\u00e7\u00e3o \u00e0 contrata\u00e7\u00e3o de contadores, controladores, fiscais de tributos e procuradores municipais, com sal\u00e1rios compat\u00edveis com o mercado de trabalho e com as possibilidades dos munic\u00edpios.<\/span><\/p>\n<p style=\"text-align: justify;\"><span style=\"font-size: 14pt;\">S\u00e3o Miguel dos Campos e Roteiro j\u00e1 possuem leis sancionadas para a cria\u00e7\u00e3o dos cargos em destaque, enquanto a Barra de S\u00e3o Miguel est\u00e1 com um projeto de lei na C\u00e2mara Municipal para atender a mesma finalidade.<\/span><\/p>\n<p style=\"text-align: justify;\"><span style=\"font-size: 14pt;\">\u201cA realiza\u00e7\u00e3o de concurso para provimento de cargos de servidores, principalmente no que se refere \u00e0s \u00e1reas de contabilidade, fazenda p\u00fablica e procuradoria municipal, \u00e9 fundamental para a continuidade dos servi\u00e7os p\u00fablicos. Ela se torna ainda mais importante ao considerarmos a mudan\u00e7a de gest\u00e3o, quando ocorre troca de servidores ocupantes de cargos comissionados e fun\u00e7\u00f5es de confian\u00e7a\u201d, explica a promotora de Justi\u00e7a Stella Val\u00e9ria.<\/span><\/p>\n<p style=\"text-align: justify;\"><span style=\"font-size: 14pt;\">Segundo a titular da 2\u00ba Promotoria de Justi\u00e7a de S\u00e3o Miguel dos Campos, a Funda\u00e7\u00e3o Universit\u00e1ria de Desenvolvimento de Extens\u00e3o e Pesquisa (Fundepes) e a Comiss\u00e3o Permanente de Vestibular (Copeve) da Universidade Federal de Alagoas ser\u00e3o as respons\u00e1veis pelo certame. Os munic\u00edpios acordaram em fazer um cons\u00f3rcio para contrata\u00e7\u00e3o das entidades e realiza\u00e7\u00e3o conjunta do concurso p\u00fablico, que dever\u00e1 ocorrer nos primeiros meses de 2017.<\/span><\/p>\n<p style=\"text-align: justify;\"><span style=\"font-size: 14pt;\">No dia 12 de dezembro, o Minist\u00e9rio P\u00fablico Estadual recebe novamente as partes envolvidas na sede da Procuradoria Geral de Justi\u00e7a para dar andamento \u00e0 organiza\u00e7\u00e3o do certame.<\/span><\/p>\n","protected":false},"excerpt":{"rendered":"<p> [&hellip;]<\/p>\n","protected":false},"author":5,"featured_media":17809,"comment_status":"open","ping_status":"open","sticky":false,"template":"","format":"standard","meta":{"om_disable_all_campaigns":false,"_monsterinsights_skip_tracking":false,"_monsterinsights_sitenote_active":false,"_monsterinsights_sitenote_note":"","_monsterinsights_sitenote_category":0,"_uf_show_specific_survey":0,"_uf_disable_surveys":false,"footnotes":""},"categories":[2],"tags":[],"class_list":["post-17806","post","type-post","status-publish","format-standard","has-post-thumbnail","hentry","category-not_mpal"],"aioseo_notices":[],"_links":{"self":[{"href":"https:\/\/www.mpal.mp.br\/index.php?rest_route=\/wp\/v2\/posts\/17806","targetHints":{"allow":["GET"]}}],"collection":[{"href":"https:\/\/www.mpal.mp.br\/index.php?rest_route=\/wp\/v2\/posts"}],"about":[{"href":"https:\/\/www.mpal.mp.br\/index.php?rest_route=\/wp\/v2\/types\/post"}],"author":[{"embeddable":true,"href":"https:\/\/www.mpal.mp.br\/index.php?rest_route=\/wp\/v2\/users\/5"}],"replies":[{"embeddable":true,"href":"https:\/\/www.mpal.mp.br\/index.php?rest_route=%2Fwp%2Fv2%2Fcomments&post=17806"}],"version-history":[{"count":1,"href":"https:\/\/www.mpal.mp.br\/index.php?rest_route=\/wp\/v2\/posts\/17806\/revisions"}],"predecessor-version":[{"id":17811,"href":"https:\/\/www.mpal.mp.br\/index.php?rest_route=\/wp\/v2\/posts\/17806\/revisions\/17811"}],"wp:featuredmedia":[{"embeddable":true,"href":"https:\/\/www.mpal.mp.br\/index.php?rest_route=\/wp\/v2\/media\/17809"}],"wp:attachment":[{"href":"https:\/\/www.mpal.mp.br\/index.php?rest_route=%2Fwp%2Fv2%2Fmedia&parent=17806"}],"wp:term":[{"taxonomy":"category","embeddable":true,"href":"https:\/\/www.mpal.mp.br\/index.php?rest_route=%2Fwp%2Fv2%2Fcategories&post=17806"},{"taxonomy":"post_tag","embeddable":true,"href":"https:\/\/www.mpal.mp.br\/index.php?rest_route=%2Fwp%2Fv2%2Ftags&post=17806"}],"curies":[{"name":"wp","href":"https:\/\/api.w.org\/{rel}","templated":true}]}}