{"id":17794,"date":"2016-11-29T10:57:32","date_gmt":"2016-11-29T12:57:32","guid":{"rendered":"https:\/\/www.mpal.mp.br\/?p=17794"},"modified":"2024-08-06T13:50:42","modified_gmt":"2024-08-06T16:50:42","slug":"novos-promotores-sao-empossados-e-prometem-atuacao-na-defesa-da-cidadania-da-garantia-dos-direitos-coletivos-e-no-combate-a-corrupcao","status":"publish","type":"post","link":"https:\/\/www.mpal.mp.br\/?p=17794","title":{"rendered":"Novos promotores s\u00e3o empossados e prometem atua\u00e7\u00e3o na defesa da cidadania, da garantia dos direitos coletivos e no combate a corrup\u00e7\u00e3o"},"content":{"rendered":"<p style=\"text-align: justify;\"><span style=\"font-size: 14pt;\">Tomaram posse, na noite dessa segunda-feira (28), os cinco novos promotores de Justi\u00e7a do Minist\u00e9rio P\u00fablico Estadual de Alagoas (MPE\/AL). Eles j\u00e1 come\u00e7am a trabalhar esta semana e v\u00e3o exercer suas atribui\u00e7\u00f5es em munic\u00edpios do interior do Estado. Durante a solenidade, os mais recentes membros prometeram trabalhar na defesa dos direitos coletivos e indispon\u00edveis e contra atos de improbidade administrativa e corrup\u00e7\u00e3o.<\/span><\/p>\n<p style=\"text-align: justify;\"><span style=\"font-size: 14pt;\">Foi o Col\u00e9gio de Procuradores do MPE\/AL que deu posse aos novos promotores de Justi\u00e7a. Por ordem de classifica\u00e7\u00e3o, eles foram recepcionados pelo procurador-geral de Justi\u00e7a, S\u00e9rgio Juc\u00e1, e pelos procuradores Geraldo Magela Barbosa Pirau\u00e1, Marcos Barros M\u00e9ro, Lean Ant\u00f4nio Ferreira de Ara\u00fajo, Afr\u00e2nio Roberto Pereira de Queiroz, Luiz Barbosa Carna\u00faba, Dilmar Lopes Camerino, M\u00e1rcio Roberto Ten\u00f3rio de Albuquerque e Valter Jos\u00e9 de Omena Acioly.<\/span><\/p>\n<p style=\"text-align: justify;\"><span style=\"font-size: 14pt;\">Viviane Karla da Silva Farias (18\u00aa colocada), Ivan Viegas Renaux de Andrade (19\u00ba colocado), Lucas Sachsida Junqueira Carneiro (22\u00ba colocado), Paulo Barbosa de Almeida Filho (23\u00ba colocado) e Kleber Valadares Coelho J\u00fanior (25\u00ba colocado) v\u00e3o trabalhar nas Promotorias de Justi\u00e7a de S\u00e3o Sebasti\u00e3o, Col\u00f4nia de Leopoldina, Matriz do Camaragibe, Joaquim Gomes e Girau do Ponciano, respectivamente.<\/span><\/p>\n<p style=\"text-align: justify;\"><span style=\"font-size: 14pt;\"><strong>Discurso emocionado<\/strong><\/span><\/p>\n<p style=\"text-align: justify;\"><span style=\"font-size: 14pt;\">Viviane Karla foi a oradora e falou em nome dos outros quatro colegas. \u201cPerseveran\u00e7a, coragem, for\u00e7a, cora\u00e7\u00e3o e generosidade s\u00e3o os valores que a partir de hoje passam a agregar o Minist\u00e9rio P\u00fablico do Estado de Alagoas com a chegada desses novos cinco promotores de Justi\u00e7a. Estamos realizando um sonho de passar a integrar esse Minist\u00e9rio P\u00fablico edificado com resistente determina\u00e7\u00e3o e incomum coragem. Sim, porque esse n\u00e3o \u00e9 o MP acomodado \u00e0 sombra das estruturas dominantes, n\u00e3o \u00e9 um Minist\u00e9rio p\u00fablico burocr\u00e1tico, distante, insens\u00edvel, fechado e recolhido atr\u00e1s das mesas das nossas salas. Pelo contr\u00e1rio, o Minist\u00e9rio P\u00fablico de Alagoas \u00e9 uma institui\u00e7\u00e3o vibrante, destemida, valente, valorosa. \u00c9 uma institui\u00e7\u00e3o sens\u00edvel aos movimentos, aos anseios e as necessidades da sociedade alagoana, sociedade essa que \u00e9 formada por cidad\u00e3os humildes e honestos, povo alegre e batalhador\u201d, disse ela.<\/span><\/p>\n<p style=\"text-align: justify;\"><span style=\"font-size: 14pt;\">\u201cO povo de Alagoas espera e acredita em um Minist\u00e9rio P\u00fablico que possa ser n\u00e3o somente sua voz, mas o pulsar do seu cora\u00e7\u00e3o e, por isso, conferiu-nos seu maior legado, que \u00e9 a esperan\u00e7a. Uma esperan\u00e7a representada pelo anseio por uma sociedade materialmente mais justa, esperan\u00e7a no desejo de ver suprimidas todas as formas de opress\u00e3o e desigualdade, uma esperan\u00e7a amparada no sonho de que, em terras alagoanas, habitem pessoas que possam sorrir e acreditar em dias e tempos melhores\u201d, afirmou a nova promotora de S\u00e3o Sebasti\u00e3o.<\/span><\/p>\n<p style=\"text-align: justify;\"><span style=\"font-size: 14pt;\">Viviane tamb\u00e9m defendeu a autonomia e a independ\u00eancia da atua\u00e7\u00e3o do MP brasileiro. \u201cAs trepida\u00e7\u00f5es do momento atual e aquelas que naturalmente vir\u00e3o, evidenciam o surgimento de for\u00e7as dominantes que querem, a todo custo, enfraquecer o grande poder social que possui o Minist\u00e9rio P\u00fablico. S\u00e3o for\u00e7as obscuras que querem tolher e mitigar nossa atua\u00e7\u00e3o, afetando, consequentemente, os anseios e a esperan\u00e7a de todo um povo. Por\u00e9m, n\u00e3o obstante a todas essas repres\u00e1lias em desfavor da sociedade, o Minist\u00e9rio P\u00fablico de Alagoas se apresenta como uma institui\u00e7\u00e3o inflamada pela for\u00e7a de combater todas as formas de opress\u00e3o e injusti\u00e7a, contra a corrup\u00e7\u00e3o, a improbidade e os desmandos administrativos e, ainda, na luta para acabar com a exclus\u00e3o e a indig\u00eancia. \u00c9 ele o verdadeiro implac\u00e1vel protetor dos valores mais caros do cidad\u00e3o\u201d, finalizou a promotora de Justi\u00e7a.<\/span><\/p>\n<p style=\"text-align: justify;\"><span style=\"font-size: 14pt;\"><strong>As boas-vindas<\/strong><\/span><\/p>\n<p style=\"text-align: justify;\"><span style=\"font-size: 14pt;\">Em nome da Associa\u00e7\u00e3o do Minist\u00e9rio P\u00fablico de Alagoas (Ampal), a presidente da entidade, promotora Adilza In\u00e1cio de Freitas, foi a primeira autoridade a desejar as boas-vindas aos novos colegas. \u201cPara ser grande, o Minist\u00e9rio P\u00fablico h\u00e1 de ser inteiro, no sentido de uma participa\u00e7\u00e3o cada vez mais ostensiva no combate \u00e0 injusti\u00e7a e \u00e0 iniquidade, em um pa\u00eds que busca desesperadamente reconstruir-se e, nesse desiderato, aspira a erradicar a pobreza e a marginaliza\u00e7\u00e3o e a reduzir as desigualdades sociais, conforme proclama a Constitui\u00e7\u00e3o republicana. Se n\u00e3o formos capazes de dar respostas \u00e0s incertezas que nos atordoam, se n\u00e3o trabalharmos com afinco na promo\u00e7\u00e3o do bem comum, n\u00e3o estaremos pondo tudo quanto somos, e podemos, naquilo que fazemos. E ainda que n\u00e3o logremos superar, no curto prazo, as mazelas que nos envergonham como povo e como na\u00e7\u00e3o, essa dificuldade n\u00e3o pode servir de pretexto para nos esfor\u00e7armos menos ou para desistirmos da luta. Ent\u00e3o, que voc\u00eas sigam nesse mesmo objetivo, com sangue novo e vontade de mudar a realidade do povo alagoano\u201d, declarou.<\/span><\/p>\n<p style=\"text-align: justify;\"><span style=\"font-size: 14pt;\">O procurador de Justi\u00e7a Marcos Barros M\u00e9ro falou em nome do Col\u00e9gio de Procuradores. &#8220;Fazer parte do Minist\u00e9rio P\u00fablico n\u00e3o deve ser encarado como uma regalia, mas como uma miss\u00e3o de defender a ordem jur\u00eddica, o regime democr\u00e1tico e os interesses sociais e individuais indispon\u00edveis, a teor da regra insculpida no artigo 127 da Carta Magna. Recomendo que os empossados executem tais incumb\u00eancias com humildade, \u00faltimo degrau da sabedoria, segundo Arist\u00f3teles, e que atuem anonimamente, sem visar elogio ou fama, simplesmente promovendo o respeito ao Direito e o triunfo da Justi\u00e7a&#8221;, declarou. E complementou ainda: &#8220;Os novos promotores est\u00e3o aptos a exercer suas fun\u00e7\u00f5es, cabendo-lhes, paralelamente, a responsabilidade de auxiliar na constru\u00e7\u00e3o social e pol\u00edtica da na\u00e7\u00e3o brasileira, trabalhando para que o direito seja instrumento da cidadania, da democracia e da liberdade&#8221;.<\/span><\/p>\n<p style=\"text-align: justify;\"><span style=\"font-size: 14pt;\">E o chefe do MPE\/AL, S\u00e9rgio Juc\u00e1, encerrou os discursos. \u201cPara o Minist\u00e9rio P\u00fablico, todos os alagoanos s\u00e3o iguais, n\u00e3o existe diferen\u00e7a entre eles. Todos s\u00e3o, nos termos da lei, sujeitos de direito. E \u00e9 para defender esses direitos que n\u00f3s estamos aqui. Mesmo apesar das defici\u00eancias, a partir deste momento, n\u00f3s temos mais cinco promotores de Justi\u00e7a. Em nome de todos nos colegas, fa\u00e7o uma exorta\u00e7\u00e3o, vamos marchar de m\u00e3os dadas, no mesmo ritmo, em defesa da nossa gente, n\u00e3o vamos permitir que novas injusti\u00e7as aconte\u00e7am. J\u00e1 percebemos que voc\u00eas t\u00eam esse sentimento, que, inclusive, costuma ser nato ao promotor e ao procurador de Justi\u00e7a. \u00c9 por isso que cada integrante do Minist\u00e9rio P\u00fablico sabe que voc\u00eas vai brilhar na carreira, como as estrelas no firmamento\u201d, afirmou Juc\u00e1.<\/span><\/p>\n<p style=\"text-align: justify;\"><span style=\"font-size: 14pt;\">\u201cNuma escala de valores, \u00e9 preciso que aprendamos que, n\u00f3s que estamos aqui para defender os interesses da nossa gente, do povo de Alagoas, temos que tentar resguardar o maior direito do cidad\u00e3o, que n\u00e3o \u00e9 um direito que n\u00e3o tem visibilidade, que est\u00e1 no texto da lei fundamental que \u00e9 a Constitui\u00e7\u00e3o, mas \u00e9 o mais importante de todos eles: \u00e9 o direito de ser feliz. Lutem, na esfera do bravo Minist\u00e9rio P\u00fablico, para que o povo, \u00e0s vezes oprimido, com direitos amea\u00e7ados e violados, possa ser feliz. Parab\u00e9ns a todos e vamos, juntos, distribuir justi\u00e7a em Alagoas\u201d, concluiu o procurador-geral de Justi\u00e7a.<\/span><\/p>\n","protected":false},"excerpt":{"rendered":"<p> [&hellip;]<\/p>\n","protected":false},"author":5,"featured_media":17796,"comment_status":"closed","ping_status":"closed","sticky":false,"template":"","format":"standard","meta":{"om_disable_all_campaigns":false,"_monsterinsights_skip_tracking":false,"_monsterinsights_sitenote_active":false,"_monsterinsights_sitenote_note":"","_monsterinsights_sitenote_category":0,"_uf_show_specific_survey":0,"_uf_disable_surveys":false,"footnotes":""},"categories":[18,2],"tags":[],"class_list":["post-17794","post","type-post","status-publish","format-standard","has-post-thumbnail","hentry","category-not_concursos","category-not_mpal"],"aioseo_notices":[],"_links":{"self":[{"href":"https:\/\/www.mpal.mp.br\/index.php?rest_route=\/wp\/v2\/posts\/17794","targetHints":{"allow":["GET"]}}],"collection":[{"href":"https:\/\/www.mpal.mp.br\/index.php?rest_route=\/wp\/v2\/posts"}],"about":[{"href":"https:\/\/www.mpal.mp.br\/index.php?rest_route=\/wp\/v2\/types\/post"}],"author":[{"embeddable":true,"href":"https:\/\/www.mpal.mp.br\/index.php?rest_route=\/wp\/v2\/users\/5"}],"replies":[{"embeddable":true,"href":"https:\/\/www.mpal.mp.br\/index.php?rest_route=%2Fwp%2Fv2%2Fcomments&post=17794"}],"version-history":[{"count":1,"href":"https:\/\/www.mpal.mp.br\/index.php?rest_route=\/wp\/v2\/posts\/17794\/revisions"}],"predecessor-version":[{"id":17797,"href":"https:\/\/www.mpal.mp.br\/index.php?rest_route=\/wp\/v2\/posts\/17794\/revisions\/17797"}],"wp:featuredmedia":[{"embeddable":true,"href":"https:\/\/www.mpal.mp.br\/index.php?rest_route=\/wp\/v2\/media\/17796"}],"wp:attachment":[{"href":"https:\/\/www.mpal.mp.br\/index.php?rest_route=%2Fwp%2Fv2%2Fmedia&parent=17794"}],"wp:term":[{"taxonomy":"category","embeddable":true,"href":"https:\/\/www.mpal.mp.br\/index.php?rest_route=%2Fwp%2Fv2%2Fcategories&post=17794"},{"taxonomy":"post_tag","embeddable":true,"href":"https:\/\/www.mpal.mp.br\/index.php?rest_route=%2Fwp%2Fv2%2Ftags&post=17794"}],"curies":[{"name":"wp","href":"https:\/\/api.w.org\/{rel}","templated":true}]}}