{"id":17704,"date":"2016-11-30T10:52:36","date_gmt":"2016-11-30T12:52:36","guid":{"rendered":"https:\/\/www.mpal.mp.br\/?p=17704"},"modified":"2022-09-01T10:53:13","modified_gmt":"2022-09-01T13:53:13","slug":"projeto-integrado-pela-promotora-de-justica-maria-cecilia-pontes-carnauba-e-vencedor-de-premio-nacional-de-direitos-humanos-na-categoria-educacao","status":"publish","type":"post","link":"https:\/\/www.mpal.mp.br\/?p=17704","title":{"rendered":"Projeto integrado pela Promotora de Justi\u00e7a Maria Cec\u00edlia Pontes Carna\u00faba \u00e9 vencedor de Pr\u00eamio Nacional de Direitos Humanos, na categoria Educa\u00e7\u00e3o"},"content":{"rendered":"<p style=\"text-align: justify;\"><span style=\"font-size: 14pt;\">O Conselho Nacional do Minist\u00e9rio P\u00fablico (CNMP), por meio do Grupo de Trabalho de Defesa da Educa\u00e7\u00e3o (GT8), do qual faz parte a Promotora de Justi\u00e7a do Minist\u00e9rio P\u00fablico do Estado de Alagoas, Maria Cec\u00edlia Pontes Carna\u00faba, sagrou-se vencedor da 22\u00aa edi\u00e7\u00e3o do Pr\u00eamio de Direitos Humanos da Secretaria Especial de Direitos Humanos do Minist\u00e9rio da Justi\u00e7a e Cidadania, na categoria Educa\u00e7\u00e3o, com o projeto \u201cJo\u00e3o Cidad\u00e3o \u2013 seja grande como os seus direitos\u201d. O pr\u00eamio \u00e9 a mais alta condecora\u00e7\u00e3o nacional a pessoas e entidades que se destacam na defesa, promo\u00e7\u00e3o, enfrentamento e combate \u00e0s viola\u00e7\u00f5es dos Direitos Humanos em nosso pa\u00eds.<\/span><\/p>\n<p style=\"text-align: justify;\"><span style=\"font-size: 14pt;\">Segundo a promotora de Justi\u00e7a Maria Cec\u00edlia Pontes Carna\u00faba, o projeto \u201cJo\u00e3o Cidad\u00e3o \u2013 seja grande como os seus direitos\u201d, voltado para estudantes dos anos finais do Ensino Fundamental e M\u00e9dio, tem por objetivo contribuir com o desenvolvimento da cultura de direitos humanos no Brasil e promover uma maior aproxima\u00e7\u00e3o entre o Minist\u00e9rio P\u00fablico e a sociedade por meio da divulga\u00e7\u00e3o de conte\u00fados formativos e informativos sobre o exerc\u00edcio dos direitos fundamentais, a atua\u00e7\u00e3o do Minist\u00e9rio P\u00fablico e o funcionamento do sistema de justi\u00e7a; difundindo reflex\u00f5es e a\u00e7\u00f5es que estimulem o reconhecimento e exerc\u00edcio dos direitos e deveres de cada pessoa em situa\u00e7\u00f5es concretas, com destaque \u00e0 sua relev\u00e2ncia no cotidiano.<\/span><\/p>\n<p style=\"text-align: justify;\"><span style=\"font-size: 14pt;\">\u201cA divulga\u00e7\u00e3o de a\u00e7\u00f5es relevantes praticadas em prol dos direitos fundamentais inerentes a todos os seres humanos por meio de um pr\u00eamio com envergadura nacional \u00e9 de suma import\u00e2ncia, tanto para o reconhecimento daqueles que atuam com consci\u00eancia humanit\u00e1ria, como para a amplia\u00e7\u00e3o da sensibilidade da sociedade brasileira sobre a necessidade do respeito aos Direitos Humanos. Agrade\u00e7o o empenho da equipe de trabalho da 19\u00aa Promotoria de Justi\u00e7a, o que tornou poss\u00edvel a realiza\u00e7\u00e3o \u00a0do trabalho\u201d, exp\u00f4s a promotora de Justi\u00e7a Cec\u00edlia Carna\u00faba, que escreveu cinco textos para o Projeto.<\/span><\/p>\n<p style=\"text-align: justify;\"><span style=\"font-size: 14pt;\"><strong>Sobre o pr\u00eamio<\/strong><\/span><\/p>\n<p style=\"text-align: justify;\"><span style=\"font-size: 14pt;\">Os vencedores foram avaliados por uma Comiss\u00e3o de Julgamento, presidida pela secret\u00e1ria Especial de Direitos Humanos, Fl\u00e1via Piovesan. Ano a ano, as categorias do pr\u00eamio s\u00e3o definidas em conformidade com a pr\u00f3pria evolu\u00e7\u00e3o da conquista dos direitos humanos no Brasil.<\/span><\/p>\n<p style=\"text-align: justify;\"><span style=\"font-size: 14pt;\">O resultado com a rela\u00e7\u00e3o dos vencedores nas 18 categorias propostas foi divulgada pela SEDH\/MJ no dia 16 de novembro. O Pr\u00eamio foi institu\u00eddo pelo Decreto Presidencial de 8 de Setembro de 1995 e se trata da mais alta condecora\u00e7\u00e3o do governo brasileiro a pessoas e entidades que se destacaram na defesa, promo\u00e7\u00e3o, enfrentamento e combate \u00e0s viola\u00e7\u00f5es dos Direitos Humanos no pa\u00eds.<\/span><\/p>\n<p style=\"text-align: justify;\"><span style=\"font-size: 14pt;\">A premia\u00e7\u00e3o est\u00e1 prevista para ocorrer no dia 14 de dezembro no Minist\u00e9rio da Justi\u00e7a e Cidadania, em solenidade comemorativa ao Dia Internacional dos Direitos Humanos. Na ocasi\u00e3o, os vencedores receber\u00e3o um certificado e uma obra de arte.<\/span><\/p>\n<p style=\"text-align: justify;\"><span style=\"font-size: 14pt;\"><strong>Jo\u00e3o Cidad\u00e3o<\/strong><\/span><\/p>\n<p style=\"text-align: justify;\"><span style=\"font-size: 14pt;\">Lan\u00e7ado em 23 de junho de 2015, o Jo\u00e3o Cidad\u00e3o, conta com p\u00e1gina no facebook, em que s\u00e3o feitas postagens sobre diversos temas relacionados ao exerc\u00edcio da cidadania e ao conhecimento de Direitos Humanos no Brasil; com Hotsite destinado \u00e0 apresenta\u00e7\u00e3o do projeto e \u00e0 difus\u00e3o de conte\u00fado de utilidade p\u00fablica escrito por membros do MP brasileiro em linguagem acess\u00edvel; com cartilha elaborada por membros colaboradores e servidores da Comiss\u00e3o de Defesa dos Direitos Fundamentais (CDDF\/CNMP), com o apoio da Assessoria de Comunica\u00e7\u00e3o e Cerimonial do Conselho.<\/span><\/p>\n<p style=\"text-align: justify;\">\n<p style=\"text-align: justify;\"><span style=\"font-size: 14pt;\">Fonte: CNMP<\/span><\/p>\n","protected":false},"excerpt":{"rendered":"<p> [&hellip;]<\/p>\n","protected":false},"author":5,"featured_media":17705,"comment_status":"open","ping_status":"open","sticky":false,"template":"","format":"standard","meta":{"om_disable_all_campaigns":false,"_monsterinsights_skip_tracking":false,"_monsterinsights_sitenote_active":false,"_monsterinsights_sitenote_note":"","_monsterinsights_sitenote_category":0,"_uf_show_specific_survey":0,"_uf_disable_surveys":false,"footnotes":""},"categories":[2],"tags":[],"class_list":["post-17704","post","type-post","status-publish","format-standard","has-post-thumbnail","hentry","category-not_mpal"],"aioseo_notices":[],"_links":{"self":[{"href":"https:\/\/www.mpal.mp.br\/index.php?rest_route=\/wp\/v2\/posts\/17704","targetHints":{"allow":["GET"]}}],"collection":[{"href":"https:\/\/www.mpal.mp.br\/index.php?rest_route=\/wp\/v2\/posts"}],"about":[{"href":"https:\/\/www.mpal.mp.br\/index.php?rest_route=\/wp\/v2\/types\/post"}],"author":[{"embeddable":true,"href":"https:\/\/www.mpal.mp.br\/index.php?rest_route=\/wp\/v2\/users\/5"}],"replies":[{"embeddable":true,"href":"https:\/\/www.mpal.mp.br\/index.php?rest_route=%2Fwp%2Fv2%2Fcomments&post=17704"}],"version-history":[{"count":1,"href":"https:\/\/www.mpal.mp.br\/index.php?rest_route=\/wp\/v2\/posts\/17704\/revisions"}],"predecessor-version":[{"id":17706,"href":"https:\/\/www.mpal.mp.br\/index.php?rest_route=\/wp\/v2\/posts\/17704\/revisions\/17706"}],"wp:featuredmedia":[{"embeddable":true,"href":"https:\/\/www.mpal.mp.br\/index.php?rest_route=\/wp\/v2\/media\/17705"}],"wp:attachment":[{"href":"https:\/\/www.mpal.mp.br\/index.php?rest_route=%2Fwp%2Fv2%2Fmedia&parent=17704"}],"wp:term":[{"taxonomy":"category","embeddable":true,"href":"https:\/\/www.mpal.mp.br\/index.php?rest_route=%2Fwp%2Fv2%2Fcategories&post=17704"},{"taxonomy":"post_tag","embeddable":true,"href":"https:\/\/www.mpal.mp.br\/index.php?rest_route=%2Fwp%2Fv2%2Ftags&post=17704"}],"curies":[{"name":"wp","href":"https:\/\/api.w.org\/{rel}","templated":true}]}}