{"id":17701,"date":"2016-11-30T10:51:46","date_gmt":"2016-11-30T12:51:46","guid":{"rendered":"https:\/\/www.mpal.mp.br\/?p=17701"},"modified":"2022-09-01T10:52:20","modified_gmt":"2022-09-01T13:52:20","slug":"alfredo-gaspar-de-mendonca-e-eleito-novo-chefe-do-ministerio-publico-estadual-de-alagoas-futuro-procurador-geral-promete-combate-a-corrupcao-e-atuacao-em-defesa-dos-direitos-sociais","status":"publish","type":"post","link":"https:\/\/www.mpal.mp.br\/?p=17701","title":{"rendered":"Alfredo Gaspar de Mendon\u00e7a \u00e9 eleito novo chefe do Minist\u00e9rio P\u00fablico Estadual de Alagoas; futuro procurador-geral promete combate a corrup\u00e7\u00e3o e atua\u00e7\u00e3o em defesa dos direitos sociais"},"content":{"rendered":"<p style=\"text-align: justify;\"><span style=\"font-size: 14pt;\">O promotor de Justi\u00e7a Alfredo Gaspar de Mendon\u00e7a Neto ser\u00e1 o pr\u00f3ximo procurador-geral de Justi\u00e7a. Ele foi eleito, nesta quarta-feira (30), com 144 votos. Integrante da carreira do Minist\u00e9rio P\u00fablico Estadual de Alagoas (MPE\/AL) h\u00e1 exatos 20 anos, promete dar continuidade ao modelo de gest\u00e3o adotado pelo atual chefe da institui\u00e7\u00e3o e garante que o MP vai seguir firme no combate a corrup\u00e7\u00e3o e na defesa dos direitos indispon\u00edveis e coletivos e da cidadania dos alagoanos.<\/span><\/p>\n<p style=\"text-align: justify;\"><span style=\"font-size: 14pt;\">O pleito come\u00e7ou \u00e0s 09h da manh\u00e3 e seguiu at\u00e9 \u00e0s 17h. Encerrada a vota\u00e7\u00e3o, a comiss\u00e3o eleitoral, presidida pelo procurador-geral de Justi\u00e7a, S\u00e9rgio Juc\u00e1, e integrada pelos promotores Almir Cresc\u00eancio, Luciano Romero e Isaac Sandes, promoveu a contagem dos votos. Anunciado o resultado, Alfredo Gaspar de Mendon\u00e7a foi comunicado que conquistou o apoio de 144 membros do Minist\u00e9rio P\u00fablico, entre promotores e procuradores de Justi\u00e7a. Houve ainda dois votos brancos e um nulo. Ele foi candidato \u00fanico.<\/span><\/p>\n<p style=\"text-align: justify;\"><span style=\"font-size: 14pt;\">\u201cEssa candidatura demonstra claramente o amadurecimento da institui\u00e7\u00e3o. O procurador-geral de Justi\u00e7a, S\u00e9rgio Juc\u00e1, conseguiu manter o Minist\u00e9rio P\u00fablico altivo, unido e harm\u00f4nico e a expectativa da classe \u00e9 que ele continue trilhando o caminho do bom combate, da transforma\u00e7\u00e3o social, defendendo especialmente, primeiro, a sociedade. O Brasil vive um momento muito conturbado e a institui\u00e7\u00e3o Minist\u00e9rio P\u00fablico n\u00e3o pode faltar ao seu povo. Eu aceitei o encargo de ser candidato a procurador-geral, fui tomado de surpresa, durante esse percurso, quando a minha candidatura foi lan\u00e7ada de forma \u00fanica. Mas, tenho plena convic\u00e7\u00e3o que se chegou a esse consenso porque todos sabem que o Alfredo n\u00e3o ser\u00e1 um Alfredo isolado, um Alfredo somente chefe da institui\u00e7\u00e3o. Eu estarei no MP para representar a vontade coletiva dos seus membros. Tenho absoluta convic\u00e7\u00e3o que contarei com o apoio do Col\u00e9gio de Procuradores e dos promotores e promotoras de Justi\u00e7a porque isso ser\u00e1 a base do sucesso da minha gest\u00e3o\u201d, afirmou Alfredo Gaspar de Mendon\u00e7a Neto.<\/span><\/p>\n<p style=\"text-align: justify;\"><span style=\"font-size: 14pt;\">\u201cDepois de mais de 20 anos trilhando um caminho na institui\u00e7\u00e3o ministerial, eu agora estou tendo essa honrosa oportunidade de disputara elei\u00e7\u00e3o para procurador-geral. S\u00e3o momentos de felicidade e, ao mesmo tempo, de ansiedade. Sei da responsabilidade que se avizinha e estou ciente de que s\u00f3 um trabalho harm\u00f4nico, sereno e, acima de tudo, com o coletivo da institui\u00e7\u00e3o, n\u00f3s vamos poder responder os anseios da sociedade. O Minist\u00e9rio P\u00fablico tem prestado um grande servi\u00e7o \u00e0 popula\u00e7\u00e3o e o Alfredo, como representante da institui\u00e7\u00e3o, quer que o MP, t\u00e3o bravo, combativo e prestigiado pelo povo, continue nesse mesmo patamar. Acima de tudo, eu tenho orgulho de ser promotor de Justi\u00e7a e, foi com esse mesmo esp\u00edrito, que eu trilhei o percurso da candidatura e hoje sou escolhido para chefiar minha institui\u00e7\u00e3o, sempre de maneira humilde e tendo a sociedade como escopo das nossas grandes batalhas\u201d, acrescentou.<\/span><\/p>\n<p style=\"text-align: justify;\"><span style=\"font-size: 14pt;\">O futuro procurador-geral de Justi\u00e7a tamb\u00e9m prometeu seguir a mesma linha de trabalho do atual chefe da institui\u00e7\u00e3o, S\u00e9rgio Juc\u00e1. \u201cO tempo que n\u00f3s fizemos de campanha foi discutindo com cada membro, quais deveriam ser as nossas prioridades e eu cumprirei cada uma delas, de acordo com o programa criado de forma coletiva. Por\u00e9m, quero dizer que vou continuar na mesma linha do atual procurador-geral e dos meus antecessores. Todos n\u00f3s temos os mesmos prop\u00f3sitos e, o maior deles, \u00e9 bem representar a sociedade com o bras\u00e3o do Minist\u00e9rio P\u00fablico, mostrando a todos que o nosso grande empregador, o nosso grande patr\u00e3o \u00e9 o povo de Alagoas\u201d, finalizou ele.<\/span><\/p>\n<p style=\"text-align: justify;\"><span style=\"font-size: 14pt;\"><strong>O apoio dos colegas de Minist\u00e9rio P\u00fablico<\/strong><\/span><\/p>\n<p style=\"text-align: justify;\"><span style=\"font-size: 14pt;\">\u201cA aus\u00eancia de disputa revela a harmonia existente no Minist\u00e9rio P\u00fablico em torno do nome de Alfredo Gaspar de Mendon\u00e7a Neto, um dos colegas mais brilhantes da nossa institui\u00e7\u00e3o e que ser\u00e1 um grande e eficiente procurador-geral de Justi\u00e7a na defesa dos superiores interesses do povo alagoano\u201d, declarou o atual chefe da institui\u00e7\u00e3o, S\u00e9rgio Juc\u00e1.<\/span><\/p>\n<p style=\"text-align: justify;\"><span style=\"font-size: 14pt;\">Pensamento semelhante tem a promotora de Justi\u00e7a Ju\u00e7ara Amaral. \u201cAlfredo \u00e9 um nome que muito bem representa a nossa institui\u00e7\u00e3o, ele \u00e9 sin\u00f4nimo de unidade. \u00c9 um homem quer tem valores como garra, altivez, coragem, dignidade. Ser\u00e1 um chefe \u00e0 altura da import\u00e2ncia do Minist\u00e9rio P\u00fablico\u201d, afirmou.<\/span><\/p>\n<p style=\"text-align: justify;\"><span style=\"font-size: 14pt;\">O ex-procurador-geral de Justi\u00e7a, Coaracy Fonseca, tamb\u00e9m apoiou a candidatura de Alfredo Gaspar de Mendon\u00e7a Neto. \u201cO promotor Alfredo Gaspar tem hist\u00f3ria dentro da nossa institui\u00e7\u00e3o e a escolha \u00fanica do seu nome \u00e9 sin\u00f4nimo de uni\u00e3o dentro do Minist\u00e9rio P\u00fablico. Desejamos que ele fa\u00e7a uma excelente gest\u00e3o, tanto do ponto de vista administrativo, quanto do ponto de vista institucional. O MP tem sido um estu\u00e1rio das reivindica\u00e7\u00f5es sociais, ent\u00e3o, nossa torcida \u00e9 para que ele siga nessa mesma linha, focando no social\u201d, disse ele.<\/span><\/p>\n<p style=\"text-align: justify;\"><span style=\"font-size: 14pt;\">Paulo Roberto Alves, um dos mais recentes promotores de Justi\u00e7a de Alagoas, v\u00ea em Alfredo Gaspar de Mendon\u00e7a Neto uma figura p\u00fablica importante para enfrentar essa atual fase enfrentada pelo Minist\u00e9rio P\u00fablico, onde congressistas discutem leis com a inten\u00e7\u00e3o de enfraquecer a atua\u00e7\u00e3o da institui\u00e7\u00e3o. \u201cSua candidatura \u00fanica demonstra a unidade que todos os membros do Minist\u00e9rio P\u00fablico t\u00eam nesta atual fase. Vivemos um momento hist\u00f3rico, em que as for\u00e7as pol\u00edticas procuram violar a lei e praticam atos de corrup\u00e7\u00e3o, voltando-se contra promotores de Justi\u00e7a e ju\u00edzes, ent\u00e3o, essa uni\u00e3o que vive o MP de Alagoas fortalece nossa atua\u00e7\u00e3o, uma vez que, agora, n\u00f3s temos que, primeiramente nos defender para conseguir, na sequ\u00eancia, defender a sociedade\u201d, argumentou.<\/span><\/p>\n<p style=\"text-align: justify;\"><span style=\"font-size: 14pt;\"><strong>Hist\u00f3rico<\/strong><\/span><\/p>\n<p style=\"text-align: justify;\"><span style=\"font-size: 14pt;\">Promotor de Justi\u00e7a de 3\u00aa entr\u00e2ncia, Alfredo Gaspar de Mendon\u00e7a Neto iniciou a carreira no Minist\u00e9rio P\u00fablico Estadual de Alagoas em 8 de abril de 1996, na Promotoria de Justi\u00e7a de Maravilha. Atuou como promotor em Palmeira dos \u00cdndios por muitos anos, al\u00e9m de ter exercido seu of\u00edcio em v\u00e1rias promotorias especializadas da capital e nos gabinetes da Procuradoria Geral de Justi\u00e7a e da Corregedoria Geral. Atualmente ele \u00e9 titular da 48\u00aa Promotoria de Justi\u00e7a da Capital, que tem atribui\u00e7\u00e3o para o Tribunal do J\u00fari.<\/span><\/p>\n<p style=\"text-align: justify;\"><span style=\"font-size: 14pt;\">Na condi\u00e7\u00e3o de representante do MPE\/AL, participou tamb\u00e9m das investiga\u00e7\u00f5es de casos de grande repercuss\u00e3o no Estado, a exemplo do assassinato da ex-deputada federal Ceci Cunha (1998) e do exterm\u00ednio de moradores de rua em Macei\u00f3 (2010).<\/span><\/p>\n<p style=\"text-align: justify;\"><span style=\"font-size: 14pt;\">Alfredo Gaspar de Mendon\u00e7a tamb\u00e9m j\u00e1 comp\u00f4s o Conselho Estadual de Seguran\u00e7a P\u00fablica (Conseg) e o Conselho Estadual de Defesa dos Direitos Humanos. Recentemente, comandou a Secretaria de Estado de Seguran\u00e7a P\u00fablica.<\/span><\/p>\n<p style=\"text-align: justify;\"><span style=\"font-size: 14pt;\">Por duas vezes, coordenou o Grupo Estadual de Combate \u00e0s Organiza\u00e7\u00f5es Criminosas (Gecoc) do MPE\/AL, cuja miss\u00e3o principal \u00e9 investigar organiza\u00e7\u00f5es criminosas ligadas a assassinatos, tr\u00e1fico de drogas e armas e quadrilhas especializadas em desviar recursos p\u00fablicos.<\/span><\/p>\n<p style=\"text-align: justify;\"><span style=\"font-size: 14pt;\">O Grupo ganhou reconhecimento ap\u00f3s deflagrar sucessivas opera\u00e7\u00f5es, em parceria com a 17\u00aa Vara Criminal da Capital e as Pol\u00edcias Militar e Civil, que costumam ser finalizadas com pris\u00f5es e farto material apreendido ap\u00f3s os cumprimentos de mandados de busca e apreens\u00e3o e pris\u00e3o. Pelos trabalhos \u00e0 frente do Gecoc, o promotor recebeu em 2012 a Medalha de M\u00e9rito do Minist\u00e9rio P\u00fablico.<\/span><\/p>\n<p style=\"text-align: justify;\"><span style=\"font-size: 14pt;\">Alfredo Gaspar de Mendon\u00e7a, al\u00e9m da forma\u00e7\u00e3o acad\u00eamica no curso de Direito, \u00e9 p\u00f3s-graduado em Direito P\u00fablico.<\/span><\/p>\n","protected":false},"excerpt":{"rendered":"<p> [&hellip;]<\/p>\n","protected":false},"author":5,"featured_media":17702,"comment_status":"open","ping_status":"open","sticky":false,"template":"","format":"standard","meta":{"om_disable_all_campaigns":false,"_monsterinsights_skip_tracking":false,"_monsterinsights_sitenote_active":false,"_monsterinsights_sitenote_note":"","_monsterinsights_sitenote_category":0,"_uf_show_specific_survey":0,"_uf_disable_surveys":false,"footnotes":""},"categories":[2],"tags":[],"class_list":["post-17701","post","type-post","status-publish","format-standard","has-post-thumbnail","hentry","category-not_mpal"],"aioseo_notices":[],"_links":{"self":[{"href":"https:\/\/www.mpal.mp.br\/index.php?rest_route=\/wp\/v2\/posts\/17701","targetHints":{"allow":["GET"]}}],"collection":[{"href":"https:\/\/www.mpal.mp.br\/index.php?rest_route=\/wp\/v2\/posts"}],"about":[{"href":"https:\/\/www.mpal.mp.br\/index.php?rest_route=\/wp\/v2\/types\/post"}],"author":[{"embeddable":true,"href":"https:\/\/www.mpal.mp.br\/index.php?rest_route=\/wp\/v2\/users\/5"}],"replies":[{"embeddable":true,"href":"https:\/\/www.mpal.mp.br\/index.php?rest_route=%2Fwp%2Fv2%2Fcomments&post=17701"}],"version-history":[{"count":1,"href":"https:\/\/www.mpal.mp.br\/index.php?rest_route=\/wp\/v2\/posts\/17701\/revisions"}],"predecessor-version":[{"id":17703,"href":"https:\/\/www.mpal.mp.br\/index.php?rest_route=\/wp\/v2\/posts\/17701\/revisions\/17703"}],"wp:featuredmedia":[{"embeddable":true,"href":"https:\/\/www.mpal.mp.br\/index.php?rest_route=\/wp\/v2\/media\/17702"}],"wp:attachment":[{"href":"https:\/\/www.mpal.mp.br\/index.php?rest_route=%2Fwp%2Fv2%2Fmedia&parent=17701"}],"wp:term":[{"taxonomy":"category","embeddable":true,"href":"https:\/\/www.mpal.mp.br\/index.php?rest_route=%2Fwp%2Fv2%2Fcategories&post=17701"},{"taxonomy":"post_tag","embeddable":true,"href":"https:\/\/www.mpal.mp.br\/index.php?rest_route=%2Fwp%2Fv2%2Ftags&post=17701"}],"curies":[{"name":"wp","href":"https:\/\/api.w.org\/{rel}","templated":true}]}}