{"id":17695,"date":"2016-12-05T10:49:25","date_gmt":"2016-12-05T12:49:25","guid":{"rendered":"https:\/\/www.mpal.mp.br\/?p=17695"},"modified":"2022-09-01T10:50:01","modified_gmt":"2022-09-01T13:50:01","slug":"mp-comunitario-da-inicio-a-v-curso-de-formacao-em-mediacao-comunitaria-de-conflitos","status":"publish","type":"post","link":"https:\/\/www.mpal.mp.br\/?p=17695","title":{"rendered":"MP Comunit\u00e1rio d\u00e1 in\u00edcio a V Curso de Forma\u00e7\u00e3o em Media\u00e7\u00e3o Comunit\u00e1ria de Conflitos"},"content":{"rendered":"<p style=\"text-align: justify;\"><span style=\"font-size: 14pt;\">Em mais uma atividade promovida junto \u00e0s comunidades da zona sul de Macei\u00f3, o Minist\u00e9rio P\u00fablico Comunit\u00e1rio promove, a partir desta segunda-feira (5), o V Curso de Forma\u00e7\u00e3o em Media\u00e7\u00e3o Comunit\u00e1ria. O evento que segue at\u00e9 o dia 14 de dezembro tem por objetivo contribuir com a capacita\u00e7\u00e3o de lideran\u00e7as comunit\u00e1rias para a pr\u00e1tica de media\u00e7\u00e3o de conflitos.<\/span><\/p>\n<p style=\"text-align: justify;\"><span style=\"font-size: 14pt;\">Al\u00e9m do momento de ambienta\u00e7\u00e3o, quando ser\u00e3o apresentados detalhes do curso, a forma\u00e7\u00e3o ter\u00e1 nove m\u00f3dulos. Eles v\u00e3o tratar de direitos humanos e media\u00e7\u00e3o comunit\u00e1ria de conflitos; a import\u00e2ncia do ouvir na media\u00e7\u00e3o; quest\u00f5es comunit\u00e1rias e sociol\u00f3gicas e propostas e experi\u00eancias em media\u00e7\u00e3o comunit\u00e1ria; diversidade; pessoas, relacionamentos e comunica\u00e7\u00e3o; princ\u00edpios da media\u00e7\u00e3o; princ\u00edpios da media\u00e7\u00e3o; a pr\u00e1tica desenvolvida pelo programa; e direito de fam\u00edlia.<\/span><\/p>\n<p style=\"text-align: justify;\"><span style=\"font-size: 14pt;\">Segundo o coordenador do programa, promotor de Justi\u00e7a Cl\u00e1udio Malta, a realiza\u00e7\u00e3o do curso fortalece ainda mais o trabalho na regi\u00e3o, uma vez que agrega novas capacidades e estimula o protagonismo de lideran\u00e7as comunit\u00e1rias. Segundo o representante do Minist\u00e9rio P\u00fablico do Estado de Alagoas, isso \u00e9 muito importante e representativo para o processo de desenvolvimento local uma vez que fortalece e qualifica a participa\u00e7\u00e3o cidad\u00e3 das pessoas no meio ambiente onde vivem e estabelecem suas rela\u00e7\u00f5es.<\/span><\/p>\n<p style=\"text-align: justify;\"><span style=\"font-size: 14pt;\">\u201cO investimento que o Minist\u00e9rio P\u00fablico Estadual tem feito na potencializa\u00e7\u00e3o do capital humano e social na regi\u00e3o vem resultando na diminui\u00e7\u00e3o dos \u00edndices de viol\u00eancia e na redu\u00e7\u00e3o dos n\u00fameros de conflitos judicializados uma vez que os mediadores exercem uma importante fun\u00e7\u00e3o no cultivo de uma nova cultura de paz no territ\u00f3rio atrav\u00e9s da efetiva\u00e7\u00e3o dos tr\u00eas pilares do programa: media\u00e7\u00e3o comunit\u00e1ria de conflitos, anima\u00e7\u00e3o de redes sociais e educa\u00e7\u00e3o para os direitos\u201d, comemora o promotor de Justi\u00e7a.<\/span><\/p>\n<p style=\"text-align: justify;\"><span style=\"font-size: 14pt;\">Entre os facilitadores do curso, est\u00e3o a assistente social do assistente social e psic\u00f3loga do Minist\u00e9rio P\u00fablico do Estado de Alagoas, Jediane Freitas e Luciana Dantas, respectivamente, bem como o tenente Dowglas de Ara\u00fajo e o capit\u00e3o Iran R\u00eago, ambos da Pol\u00edcia Militar do Estado de Alagoas. A advogadas Margareth Alves e a professora Mestra Celm\u00edria Costa completam a equipe de forma\u00e7\u00e3o do evento.<\/span><\/p>\n<p style=\"text-align: justify;\"><span style=\"font-size: 14pt;\">\u201cA media\u00e7\u00e3o \u00e9 um m\u00e9todo extrajudicial que permite a desconstru\u00e7\u00e3o dos usos, costumes e cren\u00e7as das formas tradicionais de solu\u00e7\u00e3o de conflitos, tendo como norte a constru\u00e7\u00e3o coletiva de uma cultura de paz\u201d, disse Jediane Freitas, que focar\u00e1 na popula\u00e7\u00e3o dos bairros e conjuntos residenciais Vergel do Lago, Levada, Ponta Grossa, Joaquim Le\u00e3o, Trapiche e Virgem dos Pobres I, II e III.<\/span><\/p>\n<p style=\"text-align: justify;\"><span style=\"font-size: 14pt;\"><strong>MP Comunit\u00e1rio<\/strong><\/span><\/p>\n<p style=\"text-align: justify;\"><span style=\"font-size: 14pt;\">O programa MP Comunit\u00e1rio foi institu\u00eddo em 2011, com o objetivo de criar e fortalecer instrumentos alternativos para a solu\u00e7\u00e3o de conflitos, a promo\u00e7\u00e3o social e da dignidade humana, com vistas \u00e0 redu\u00e7\u00e3o da viol\u00eancia, a cria\u00e7\u00e3o de uma cultura de paz, reconhecendo e aproveitando os talentos e recursos comunit\u00e1rios.<\/span><\/p>\n<p style=\"text-align: justify;\"><span style=\"font-size: 14pt;\">Para a solu\u00e7\u00e3o dos conflitos, o programa utiliza a media\u00e7\u00e3o como instrumento alternativo para a solu\u00e7\u00e3o dos conflitos. Como servi\u00e7os do programa, destaca-se a media\u00e7\u00e3o de conflitos entre familiares ou vizinhos, que tem apresentado resultados satisfat\u00f3rios reconhecidos pela pr\u00f3pria comunidade.<\/span><\/p>\n<p style=\"text-align: justify;\"><span style=\"font-size: 14pt;\">Os mediadores de conflitos atendem, diariamente, os casos de conflitos existentes entre os moradores do Vergel do Lago e bairros adjacentes. As principais demandas apresentadas est\u00e3o relacionadas \u00e0s quest\u00f5es familiares e aos conflitos das rela\u00e7\u00f5es de vizinhan\u00e7a.<\/span><\/p>\n","protected":false},"excerpt":{"rendered":"<p> [&hellip;]<\/p>\n","protected":false},"author":5,"featured_media":17696,"comment_status":"open","ping_status":"open","sticky":false,"template":"","format":"standard","meta":{"om_disable_all_campaigns":false,"_monsterinsights_skip_tracking":false,"_monsterinsights_sitenote_active":false,"_monsterinsights_sitenote_note":"","_monsterinsights_sitenote_category":0,"_uf_show_specific_survey":0,"_uf_disable_surveys":false,"footnotes":""},"categories":[2],"tags":[],"class_list":["post-17695","post","type-post","status-publish","format-standard","has-post-thumbnail","hentry","category-not_mpal"],"aioseo_notices":[],"_links":{"self":[{"href":"https:\/\/www.mpal.mp.br\/index.php?rest_route=\/wp\/v2\/posts\/17695","targetHints":{"allow":["GET"]}}],"collection":[{"href":"https:\/\/www.mpal.mp.br\/index.php?rest_route=\/wp\/v2\/posts"}],"about":[{"href":"https:\/\/www.mpal.mp.br\/index.php?rest_route=\/wp\/v2\/types\/post"}],"author":[{"embeddable":true,"href":"https:\/\/www.mpal.mp.br\/index.php?rest_route=\/wp\/v2\/users\/5"}],"replies":[{"embeddable":true,"href":"https:\/\/www.mpal.mp.br\/index.php?rest_route=%2Fwp%2Fv2%2Fcomments&post=17695"}],"version-history":[{"count":1,"href":"https:\/\/www.mpal.mp.br\/index.php?rest_route=\/wp\/v2\/posts\/17695\/revisions"}],"predecessor-version":[{"id":17697,"href":"https:\/\/www.mpal.mp.br\/index.php?rest_route=\/wp\/v2\/posts\/17695\/revisions\/17697"}],"wp:featuredmedia":[{"embeddable":true,"href":"https:\/\/www.mpal.mp.br\/index.php?rest_route=\/wp\/v2\/media\/17696"}],"wp:attachment":[{"href":"https:\/\/www.mpal.mp.br\/index.php?rest_route=%2Fwp%2Fv2%2Fmedia&parent=17695"}],"wp:term":[{"taxonomy":"category","embeddable":true,"href":"https:\/\/www.mpal.mp.br\/index.php?rest_route=%2Fwp%2Fv2%2Fcategories&post=17695"},{"taxonomy":"post_tag","embeddable":true,"href":"https:\/\/www.mpal.mp.br\/index.php?rest_route=%2Fwp%2Fv2%2Ftags&post=17695"}],"curies":[{"name":"wp","href":"https:\/\/api.w.org\/{rel}","templated":true}]}}