{"id":17692,"date":"2016-12-05T10:48:38","date_gmt":"2016-12-05T12:48:38","guid":{"rendered":"https:\/\/www.mpal.mp.br\/?p=17692"},"modified":"2022-09-01T10:49:17","modified_gmt":"2022-09-01T13:49:17","slug":"promotoria-de-justica-de-atalaia-firma-tac-com-prefeitura-municipal-para-pagamento-de-salarios-atrasados-de-servidores","status":"publish","type":"post","link":"https:\/\/www.mpal.mp.br\/?p=17692","title":{"rendered":"Promotoria de Justi\u00e7a de Atalaia firma TAC com Prefeitura Municipal para pagamento de sal\u00e1rios atrasados de servidores"},"content":{"rendered":"<p style=\"text-align: justify;\"><span style=\"font-size: 14pt;\">O Minist\u00e9rio P\u00fablico do Estado de Alagoas, por meio da 1\u00aa Promotoria de Justi\u00e7a de Atalaia, firmou um termo de ajustamento de conduta (TAC) com a Prefeitura do Munic\u00edpio para garantir o pagamento de sal\u00e1rios atrasados dos servidores municipais ativos e inativos.<\/span><\/p>\n<p style=\"text-align: justify;\"><span style=\"font-size: 14pt;\">O acordo foi assinado no final de novembro, com a presen\u00e7a do prefeito e procurador-geral do ente p\u00fablico, Jos\u00e9 Lopes de Albuquerque e Pedro Jorge Bezerra, respectivamente.<\/span><\/p>\n<p style=\"text-align: justify;\"><span style=\"font-size: 14pt;\">O Munic\u00edpio se comprometeu a pagar, a partir do dia 30 de novembro, os proventos do m\u00eas de setembro; no dia 10 de dezembro, o m\u00eas de outubro; no dia 20 de dezembro, o m\u00eas de novembro; e no dia 30 de janeiro, o m\u00eas de dezembro. O calend\u00e1rio previsto tamb\u00e9m est\u00e1 em conformidade com o acordo firmado pela Prefeitura Municipal com o Tribunal de Justi\u00e7a do Estado de Alagoas.<\/span><\/p>\n<p style=\"text-align: justify;\"><span style=\"font-size: 14pt;\">Os servidores aposentados est\u00e3o sem receber os proventos h\u00e1 tr\u00eas meses, sendo que alguns deles j\u00e1 passam por dificuldades para garantir a pr\u00f3pria sobreviv\u00eancia e de suas fam\u00edlias.<\/span><\/p>\n<p style=\"text-align: justify;\"><span style=\"font-size: 14pt;\">Ap\u00f3s ser provocado por recomenda\u00e7\u00e3o do Minist\u00e9rio P\u00fablico Estadual, a Prefeitura do Munic\u00edpio alegou que a receita caiu em virtude da baixa na arrecada\u00e7\u00e3o e nos repasses do governo federal. No entanto, o Munic\u00edpio jamais comprovou os problemas financeiros com documentos oficiais.<\/span><\/p>\n<p style=\"text-align: justify;\"><span style=\"font-size: 14pt;\"><strong>Caos administrativo<\/strong><\/span><\/p>\n<p style=\"text-align: justify;\"><span style=\"font-size: 14pt;\">Na propositura do TAC, o promotor de Justi\u00e7a S\u00f3stenes de Ara\u00fajo Gaia considerou que a falta de pagamentos aos ativos inativos provocar\u00e1 um \u201ccaos no munic\u00edpio\u201d, visto que os servi\u00e7os p\u00fablicos de car\u00e1ter essencial poder\u00e3o ser paralisados em raz\u00e3o da \u201cprov\u00e1vel des\u00eddia do administrador p\u00fablico\u201d. Segundo o promotor, o Munic\u00edpio n\u00e3o tem uma data fixa para pagamento dos aposentados.<\/span><\/p>\n<p style=\"text-align: justify;\"><span style=\"font-size: 14pt;\">O representante do Minist\u00e9rio P\u00fablico observou que a Lei de Responsabilidade Fiscal obriga a Lei de Diretrizes Or\u00e7ament\u00e1rias a fazer um demonstrativo, ano a ano, da margem de aumento das despesas obrigat\u00f3rias de car\u00e1ter continuado, como \u00e9 a relativa ao pagamento do pessoal.<\/span><\/p>\n<p style=\"text-align: justify;\"><span style=\"font-size: 14pt;\">\u201cOra, se o munic\u00edpio de Atalaia deixou de efetuar o pagamento do pessoal, o que, por si s\u00f3, j\u00e1 corresponde a uma ilegalidade, significa que deixou de considerar a margem de aumento das despesas obrigat\u00f3rias de car\u00e1ter continuado, que planejou incorretamente o or\u00e7amento, ou, mais grave ainda, que utilizou os recursos or\u00e7ament\u00e1rios destinados ao pagamento de pessoal para outras finalidades\u201d, explicou o titular da 1\u00aa Promotoria de Justi\u00e7a de Atalaia.<\/span><\/p>\n<p style=\"text-align: justify;\"><span style=\"font-size: 14pt;\">S\u00f3stenes de Ara\u00fajo afirmou que o tratamento do prefeito de Atalaia ao pagamento do funcionalismo \u00e9 arbitr\u00e1rio: \u201cIsso porque o administrador deve atuar conforme a norma, em prol do interesse p\u00fablico. Ao deixar de faz\u00ea-lo, estar\u00e1 violando os princ\u00edpios administrativos da legalidade, da finalidade e definitivamente, o princ\u00edpio da moralidade administrativa\u201d.<\/span><\/p>\n<p style=\"text-align: justify;\"><span style=\"font-size: 14pt;\"><strong>Penalidades<\/strong><\/span><\/p>\n<p style=\"text-align: justify;\"><span style=\"font-size: 14pt;\">Caso a gest\u00e3o municipal descumpra o TAC, haver\u00e1 responsabilidade pessoal e solid\u00e1ria do compromiss\u00e1rio e do ente p\u00fablico, com pagamento de multa no valor de R$ 5 mil por m\u00eas calculado sobre cada servidor ativo ou inativo que deixar de receber os proventos. Os gestores tamb\u00e9m podem sofrer execu\u00e7\u00e3o judicial das obriga\u00e7\u00f5es ajustadas.<\/span><\/p>\n<p style=\"text-align: justify;\"><span style=\"font-size: 14pt;\">Al\u00e9m disso, diante do descumprimento do termo, a 1\u00aa Promotoria de Justi\u00e7a de Atalaia judicializar\u00e1 a\u00e7\u00e3o civil p\u00fablica com o objetivo de bloquear os recursos do Munic\u00edpio a fim de adimplir as folhas de pagamento dos servidores.<\/span><\/p>\n","protected":false},"excerpt":{"rendered":"<p> [&hellip;]<\/p>\n","protected":false},"author":5,"featured_media":17693,"comment_status":"open","ping_status":"open","sticky":false,"template":"","format":"standard","meta":{"om_disable_all_campaigns":false,"_monsterinsights_skip_tracking":false,"_monsterinsights_sitenote_active":false,"_monsterinsights_sitenote_note":"","_monsterinsights_sitenote_category":0,"_uf_show_specific_survey":0,"_uf_disable_surveys":false,"footnotes":""},"categories":[2],"tags":[],"class_list":["post-17692","post","type-post","status-publish","format-standard","has-post-thumbnail","hentry","category-not_mpal"],"aioseo_notices":[],"_links":{"self":[{"href":"https:\/\/www.mpal.mp.br\/index.php?rest_route=\/wp\/v2\/posts\/17692","targetHints":{"allow":["GET"]}}],"collection":[{"href":"https:\/\/www.mpal.mp.br\/index.php?rest_route=\/wp\/v2\/posts"}],"about":[{"href":"https:\/\/www.mpal.mp.br\/index.php?rest_route=\/wp\/v2\/types\/post"}],"author":[{"embeddable":true,"href":"https:\/\/www.mpal.mp.br\/index.php?rest_route=\/wp\/v2\/users\/5"}],"replies":[{"embeddable":true,"href":"https:\/\/www.mpal.mp.br\/index.php?rest_route=%2Fwp%2Fv2%2Fcomments&post=17692"}],"version-history":[{"count":1,"href":"https:\/\/www.mpal.mp.br\/index.php?rest_route=\/wp\/v2\/posts\/17692\/revisions"}],"predecessor-version":[{"id":17694,"href":"https:\/\/www.mpal.mp.br\/index.php?rest_route=\/wp\/v2\/posts\/17692\/revisions\/17694"}],"wp:featuredmedia":[{"embeddable":true,"href":"https:\/\/www.mpal.mp.br\/index.php?rest_route=\/wp\/v2\/media\/17693"}],"wp:attachment":[{"href":"https:\/\/www.mpal.mp.br\/index.php?rest_route=%2Fwp%2Fv2%2Fmedia&parent=17692"}],"wp:term":[{"taxonomy":"category","embeddable":true,"href":"https:\/\/www.mpal.mp.br\/index.php?rest_route=%2Fwp%2Fv2%2Fcategories&post=17692"},{"taxonomy":"post_tag","embeddable":true,"href":"https:\/\/www.mpal.mp.br\/index.php?rest_route=%2Fwp%2Fv2%2Ftags&post=17692"}],"curies":[{"name":"wp","href":"https:\/\/api.w.org\/{rel}","templated":true}]}}