{"id":17683,"date":"2016-12-06T10:45:49","date_gmt":"2016-12-06T12:45:49","guid":{"rendered":"https:\/\/www.mpal.mp.br\/?p=17683"},"modified":"2022-09-01T10:46:31","modified_gmt":"2022-09-01T13:46:31","slug":"3a-promotoria-de-justica-de-penedo-recomenda-que-prefeitura-acate-e-autorize-procedimentos-e-tratamentos-recomendados-por-medicos-generalistas","status":"publish","type":"post","link":"https:\/\/www.mpal.mp.br\/?p=17683","title":{"rendered":"3\u00aa Promotoria de Justi\u00e7a de Penedo recomenda que Prefeitura acate e autorize procedimentos e tratamentos recomendados por m\u00e9dicos generalistas"},"content":{"rendered":"<p style=\"text-align: justify;\"><span style=\"font-size: 14pt;\">A 3\u00aa Promotoria de Justi\u00e7a de Penedo expediu a Recomenda\u00e7\u00e3o n\u00ba 03\/16 \u00e0 Prefeitura daquele Munic\u00edpio para que ele n\u00e3o limite a atua\u00e7\u00e3o dos m\u00e9dicos generalistas em solicitar qualquer meio dispon\u00edvel de diagn\u00f3stico e tratamento que sejam reconhecidos e ao alcance deles, em favor de qualquer paciente, independentemente de especializa\u00e7\u00e3o do profissional. O objetivo \u00e9 fazer com que a popula\u00e7\u00e3o penedense receba tratamento m\u00e9dico de melhor qualidade.<\/span><\/p>\n<p style=\"text-align: justify;\"><span style=\"font-size: 14pt;\">No documento, que foi enviado ao prefeito da cidade e ao secret\u00e1rio municipal de Sa\u00fade, o promotor de Justi\u00e7a Pauo Roberto Alves explica que o Minist\u00e9rio P\u00fablico tem a miss\u00e3o de zelar pela garantia de servi\u00e7os de relev\u00e2ncia p\u00fablica e precisa defender os direitos assegurados na Constitui\u00e7\u00e3o do Brasil aos cidad\u00e3os, a exemplo da sa\u00fade, que est\u00e1 prevista no artigo 196 da Carta Magna.<\/span><\/p>\n<p style=\"text-align: justify;\"><span style=\"font-size: 14pt;\">O promotor tamb\u00e9m pede que a Prefeitura n\u00e3o recuse solicita\u00e7\u00e3o, requisi\u00e7\u00e3o ou encaminhamento m\u00e9dico, sob o pretexto de n\u00e3o serem subscritos por m\u00e9dico especialista.<\/span><\/p>\n<p style=\"text-align: justify;\"><span style=\"font-size: 14pt;\"><strong>Os direitos e deveres do m\u00e9dico<\/strong><\/span><\/p>\n<p style=\"text-align: justify;\"><span style=\"font-size: 14pt;\">De acordo com Paulo Roberto Alves, o m\u00e9dico n\u00e3o pode, em nenhuma circunst\u00e2ncia ou sob qualquer pretexto, renunciar a sua liberdade profissional, nem permitir quaisquer restri\u00e7\u00f5es ou imposi\u00e7\u00f5es que possam prejudicar a efici\u00eancia e a corre\u00e7\u00e3o de seu trabalho.<\/span><\/p>\n<p style=\"text-align: justify;\"><span style=\"font-size: 14pt;\">&#8220;\u00c9 direito do m\u00e9dico indicar o procedimento adequado ao paciente, observadas as pr\u00e1ticas cientificamente reconhecidas e respeitada a legisla\u00e7\u00e3o vigente. Isso est\u00e1 previsto no C\u00f3digo de \u00c9tica M\u00e9dica&#8221;, explica o promotor.<\/span><\/p>\n<p style=\"text-align: justify;\"><span style=\"font-size: 14pt;\">&#8220;\u00c9 vedado ao m\u00e9dico causar dano ao paciente, por a\u00e7\u00e3o ou omiss\u00e3o, caracteriz\u00e1vel como imper\u00edcia, imprud\u00eancia ou neglig\u00eancia&#8221;, alerta ele, num dos trechos da Recomenda\u00e7\u00e3o n\u00ba 03\/16.<\/span><\/p>\n<p style=\"text-align: justify;\"><span style=\"font-size: 14pt;\">O Minist\u00e9rio P\u00fablico recomenda ainda que o m\u00e9dico fa\u00e7a uso de todos os meios dispon\u00edveis de diagn\u00f3stico e tratamento, cientificamente reconhecidos e a seu alcance, em favor do paciente.<\/span><\/p>\n<p style=\"text-align: justify;\"><span style=\"font-size: 14pt;\"><strong>Prazo<\/strong><\/span><\/p>\n<p style=\"text-align: justify;\"><span style=\"font-size: 14pt;\">Por fim, a 3\u00aa Promotoria de Justi\u00e7a de Penedo determinou que o Poder Executivo divulgue de forma adequada e imediatamente a Recomenda\u00e7\u00e3o, dando prazo m\u00e1ximo de 15 dias para que a Prefeitura informe ao MPE\/AL todas as provid\u00eancias adotadas para o caso.<\/span><\/p>\n","protected":false},"excerpt":{"rendered":"<p> [&hellip;]<\/p>\n","protected":false},"author":5,"featured_media":17684,"comment_status":"open","ping_status":"open","sticky":false,"template":"","format":"standard","meta":{"om_disable_all_campaigns":false,"_monsterinsights_skip_tracking":false,"_monsterinsights_sitenote_active":false,"_monsterinsights_sitenote_note":"","_monsterinsights_sitenote_category":0,"_uf_show_specific_survey":0,"_uf_disable_surveys":false,"footnotes":""},"categories":[2],"tags":[],"class_list":["post-17683","post","type-post","status-publish","format-standard","has-post-thumbnail","hentry","category-not_mpal"],"aioseo_notices":[],"_links":{"self":[{"href":"https:\/\/www.mpal.mp.br\/index.php?rest_route=\/wp\/v2\/posts\/17683","targetHints":{"allow":["GET"]}}],"collection":[{"href":"https:\/\/www.mpal.mp.br\/index.php?rest_route=\/wp\/v2\/posts"}],"about":[{"href":"https:\/\/www.mpal.mp.br\/index.php?rest_route=\/wp\/v2\/types\/post"}],"author":[{"embeddable":true,"href":"https:\/\/www.mpal.mp.br\/index.php?rest_route=\/wp\/v2\/users\/5"}],"replies":[{"embeddable":true,"href":"https:\/\/www.mpal.mp.br\/index.php?rest_route=%2Fwp%2Fv2%2Fcomments&post=17683"}],"version-history":[{"count":1,"href":"https:\/\/www.mpal.mp.br\/index.php?rest_route=\/wp\/v2\/posts\/17683\/revisions"}],"predecessor-version":[{"id":17685,"href":"https:\/\/www.mpal.mp.br\/index.php?rest_route=\/wp\/v2\/posts\/17683\/revisions\/17685"}],"wp:featuredmedia":[{"embeddable":true,"href":"https:\/\/www.mpal.mp.br\/index.php?rest_route=\/wp\/v2\/media\/17684"}],"wp:attachment":[{"href":"https:\/\/www.mpal.mp.br\/index.php?rest_route=%2Fwp%2Fv2%2Fmedia&parent=17683"}],"wp:term":[{"taxonomy":"category","embeddable":true,"href":"https:\/\/www.mpal.mp.br\/index.php?rest_route=%2Fwp%2Fv2%2Fcategories&post=17683"},{"taxonomy":"post_tag","embeddable":true,"href":"https:\/\/www.mpal.mp.br\/index.php?rest_route=%2Fwp%2Fv2%2Ftags&post=17683"}],"curies":[{"name":"wp","href":"https:\/\/api.w.org\/{rel}","templated":true}]}}