{"id":17680,"date":"2016-12-07T10:44:43","date_gmt":"2016-12-07T12:44:43","guid":{"rendered":"https:\/\/www.mpal.mp.br\/?p=17680"},"modified":"2022-09-01T10:45:20","modified_gmt":"2022-09-01T13:45:20","slug":"membros-do-ministerio-publico-estadual-lancam-livro-em-homenagem-a-professor-jose-joaquim-gomes-canotilho","status":"publish","type":"post","link":"https:\/\/www.mpal.mp.br\/?p=17680","title":{"rendered":"Membros do Minist\u00e9rio P\u00fablico Estadual lan\u00e7am livro em homenagem a professor Jos\u00e9 Joaquim Gomes Canotilho"},"content":{"rendered":"<p style=\"text-align: justify;\"><span style=\"font-size: 14pt;\">Os promotores de Justi\u00e7a Magno Alexandre Moura, Karla Padilha e Am\u00e9lia Campelo participar\u00e3o, na pr\u00f3xima segunda-feira (12), do lan\u00e7amento do livro \u201cConstitui\u00e7\u00e3o, direitos fundamentais e pol\u00edtica: Estudos em homenagem ao professor Jos\u00e9 Joaquim Gomes Canotilho\u201d. O evento ocorrer\u00e1 \u00e0s 15h, no pr\u00e9dio-sede da Escola Superior da Magistratura do Estado de Alagoas (ESMAL), oportunidade em que o docente da Universidade de Coimbra palestrar\u00e1 para o p\u00fablico presente.<\/span><\/p>\n<p style=\"text-align: justify;\"><span style=\"font-size: 14pt;\">Os tr\u00eas membros do Minist\u00e9rio P\u00fablico do Estado de Alagoas s\u00e3o coautores do livro, cada um com a publica\u00e7\u00e3o de um artigo. S\u00e3o eles: \u201cFundamentos e Princ\u00edpios Pol\u00edticos Constitucionais da liberdade religiosa no Estado brasileiro\u201d, do promotor de Justi\u00e7a Magno Moura; &#8220;O instituto da colabora\u00e7\u00e3o premiada e os Princ\u00edpios Constitucionais postos \u00e0 prova &#8211; Estudo com foco no demito de corrup\u00e7\u00e3o&#8221;, da promotora de Justi\u00e7a Karla Padilha; e \u201cGovernan\u00e7a em tempos de crise: constituir a sociedade pode ser o rem\u00e9dio constitucional para os direitos sociais\u201d, da promotora de Justi\u00e7a Am\u00e9lia Campelo.<\/span><\/p>\n<p style=\"text-align: justify;\"><span style=\"font-size: 14pt;\">Al\u00e9m dos representantes do \u00f3rg\u00e3o ministerial, a obra conta com artigos de juristas brasileiros e estrangeiros renomados, como Ingo Sarlet, Paulo Bonavides, Ives Granda Martins, Andreas Krell, Ana Cl\u00e1udia Nascimento Gomes, Leonardo de Farias e Ian Pimentel. H\u00e1 tamb\u00e9m contribui\u00e7\u00f5es de magistrados das principais cortes do pa\u00eds, a exemplo dos ministros do Supremo Tribunal Federal, Gilmar Mendes, Edson Fachin, Dias Toffoli e Marco Aur\u00e9lio, bem como o ministro do Superior Tribunal de Justi\u00e7a, \u00a0Humberto Martins.<\/span><\/p>\n<p style=\"text-align: justify;\"><span style=\"font-size: 14pt;\">Juristas de outros pa\u00edses tamb\u00e9m publicaram artigo no livro: Ant\u00f3nio Manuel Hespana (Universidade de Coimbra), Eloy Garc\u00eda L\u00f3pez (Universidade Complutense de Madrid), Alexandra Arag\u00e3o (Universidade de Coimbra) e Alessandra Silveira (Universidade do Minho).<\/span><\/p>\n<p style=\"text-align: justify;\"><span style=\"font-size: 14pt;\">De Alagoas, al\u00e9m dos promotores de Justi\u00e7a, contribu\u00edram para a obra os profissionais do Direito Tutm\u00e9s Airan, H\u00e9lio Pinheiro, Alberto Jorge, Manoel Cavalcante, Lorena Karla Sotto-Mayor, Anderson Passos, Carlos Aley, Ana Florinda Dantas, Francisco Tavares Noronha Neto e Wlademir Paes de Lira.<\/span><\/p>\n<p style=\"text-align: justify;\"><span style=\"font-size: 14pt;\"><strong>O evento<\/strong><\/span><\/p>\n<p style=\"text-align: justify;\"><span style=\"font-size: 14pt;\">Na solenidade, haver\u00e1 sess\u00e3o de aut\u00f3grafos com o homenageado. O professor doutor pela Faculdade de Direito da Universidade de Coimbra, Jos\u00e9 Joaquim Gomes Canotilho, \u00e9 considerado um dos maiores juristas e constitucionalistas da contemporaneidade. A presen\u00e7a do acad\u00eamico no estado representa a aproxima\u00e7\u00e3o dos \u00f3rg\u00e3os que comp\u00f5em a Justi\u00e7a em Alagoas com o universo acad\u00eamico.<\/span><\/p>\n<p style=\"text-align: justify;\"><span style=\"font-size: 14pt;\">Para participar do evento, \u00e9 necess\u00e1rio confirmar presen\u00e7a enviando e-mail para\u00a0<a href=\"mailto:biblioteca@tjal.jus.br\">biblioteca@tjal.jus.br<\/a>.<\/span><\/p>\n","protected":false},"excerpt":{"rendered":"<p> [&hellip;]<\/p>\n","protected":false},"author":5,"featured_media":17681,"comment_status":"open","ping_status":"open","sticky":false,"template":"","format":"standard","meta":{"om_disable_all_campaigns":false,"_monsterinsights_skip_tracking":false,"_monsterinsights_sitenote_active":false,"_monsterinsights_sitenote_note":"","_monsterinsights_sitenote_category":0,"_uf_show_specific_survey":0,"_uf_disable_surveys":false,"footnotes":""},"categories":[2],"tags":[],"class_list":["post-17680","post","type-post","status-publish","format-standard","has-post-thumbnail","hentry","category-not_mpal"],"aioseo_notices":[],"_links":{"self":[{"href":"https:\/\/www.mpal.mp.br\/index.php?rest_route=\/wp\/v2\/posts\/17680","targetHints":{"allow":["GET"]}}],"collection":[{"href":"https:\/\/www.mpal.mp.br\/index.php?rest_route=\/wp\/v2\/posts"}],"about":[{"href":"https:\/\/www.mpal.mp.br\/index.php?rest_route=\/wp\/v2\/types\/post"}],"author":[{"embeddable":true,"href":"https:\/\/www.mpal.mp.br\/index.php?rest_route=\/wp\/v2\/users\/5"}],"replies":[{"embeddable":true,"href":"https:\/\/www.mpal.mp.br\/index.php?rest_route=%2Fwp%2Fv2%2Fcomments&post=17680"}],"version-history":[{"count":1,"href":"https:\/\/www.mpal.mp.br\/index.php?rest_route=\/wp\/v2\/posts\/17680\/revisions"}],"predecessor-version":[{"id":17682,"href":"https:\/\/www.mpal.mp.br\/index.php?rest_route=\/wp\/v2\/posts\/17680\/revisions\/17682"}],"wp:featuredmedia":[{"embeddable":true,"href":"https:\/\/www.mpal.mp.br\/index.php?rest_route=\/wp\/v2\/media\/17681"}],"wp:attachment":[{"href":"https:\/\/www.mpal.mp.br\/index.php?rest_route=%2Fwp%2Fv2%2Fmedia&parent=17680"}],"wp:term":[{"taxonomy":"category","embeddable":true,"href":"https:\/\/www.mpal.mp.br\/index.php?rest_route=%2Fwp%2Fv2%2Fcategories&post=17680"},{"taxonomy":"post_tag","embeddable":true,"href":"https:\/\/www.mpal.mp.br\/index.php?rest_route=%2Fwp%2Fv2%2Ftags&post=17680"}],"curies":[{"name":"wp","href":"https:\/\/api.w.org\/{rel}","templated":true}]}}