{"id":17674,"date":"2016-12-09T10:43:03","date_gmt":"2016-12-09T12:43:03","guid":{"rendered":"https:\/\/www.mpal.mp.br\/?p=17674"},"modified":"2022-09-01T10:43:39","modified_gmt":"2022-09-01T13:43:39","slug":"mpe-al-focco-e-outras-instituicoes-realizam-atividades-alusivas-ao-dia-internacional-contra-a-corrupcao","status":"publish","type":"post","link":"https:\/\/www.mpal.mp.br\/?p=17674","title":{"rendered":"MPE\/AL, Focco e outras institui\u00e7\u00f5es realizam atividades alusivas ao Dia Internacional Contra a Corrup\u00e7\u00e3o"},"content":{"rendered":"<p style=\"text-align: justify;\"><span style=\"font-size: 14pt;\">Com apoio do Minist\u00e9rio P\u00fablico do Estado de Alagoas (MPE\/AL) e do F\u00f3rum de Combate \u00e0 Corrup\u00e7\u00e3o (Focco), a Controladoria Geral da Uni\u00e3o (CGU) e a Controladoria Geral do Estado (CGE), realizam na pr\u00f3xima segunda-feira (12), \u00e0s 9h, no Audit\u00f3rio do Norcon Empresarial, um encontro alusivo ao Dia Internacional contra a corrup\u00e7\u00e3o. Uma campanha de divulga\u00e7\u00e3o com a entrega de material educativo ocorre neste domingo (11) na orla de Macei\u00f3. Al\u00e9m disso, est\u00e3o sendo realizadas diversas palestras com o objetivo de propiciar a discuss\u00e3o de assuntos que est\u00e3o interligados ao tema.<\/span><\/p>\n<p style=\"text-align: justify;\"><span style=\"font-size: 14pt;\">Assim como acontece h\u00e1 11 anos, s\u00e3o convidados para participar do DICC representantes dos tr\u00eas poderes e a sociedade civil organizada. Este ano, integra essa comemora\u00e7\u00e3o a realiza\u00e7\u00e3o do III Encontro da Rede de Controladorias do Estado de Alagoas. Para este momento, os organizadores do evento esperam contar com a presen\u00e7a dos controladores municipais em atua\u00e7\u00e3o e os que far\u00e3o parte das novas gest\u00f5es eleitas para os 102 munic\u00edpios do estado.<\/span><\/p>\n<p style=\"text-align: justify;\"><span style=\"font-size: 14pt;\">O promotor de Justi\u00e7a Jos\u00e9 Carlos Castro, coordenador do N\u00facleo de Defesa do Patrim\u00f4nio P\u00fablico do MPE\/AL e tamb\u00e9m do F\u00f3rum de Combate \u00e0 Corrup\u00e7\u00e3o em Alagoas, destacou o trabalho que as institui\u00e7\u00f5es v\u00eam realizando para cumprir as miss\u00f5es que possuem e refor\u00e7ou que a uni\u00e3o \u00e9 de suma import\u00e2ncia para vencer a corrup\u00e7\u00e3o.<\/span><\/p>\n<p style=\"text-align: justify;\"><span style=\"font-size: 14pt;\">\u201cO combate \u00e0 corrup\u00e7\u00e3o depende de todos n\u00f3s. Precisamos continuar firmes na busca por melhores resultados. Precisamos prevenir, combater e reagir. \u00c9 percept\u00edvel a evolu\u00e7\u00e3o das institui\u00e7\u00f5es de controle e fiscaliza\u00e7\u00e3o nas \u00e1reas de preven\u00e7\u00e3o e investiga\u00e7\u00e3o no combate \u00e0 corrup\u00e7\u00e3o, o que \u00e9 muito importante, mas a sociedade civil tem que abra\u00e7ar a causa. A luta deve ser de todos\u201d, declarou o promotor.<\/span><\/p>\n<p style=\"text-align: justify;\"><span style=\"font-size: 14pt;\">O superintendente da CGU em Alagoas, Jos\u00e9 William Gomes, destaca a import\u00e2ncia da participa\u00e7\u00e3o de todos em prol do fortalecimento e da coopera\u00e7\u00e3o para ampliar a preven\u00e7\u00e3o e o combate \u00e0 corrup\u00e7\u00e3o no estado.<\/span><\/p>\n<p style=\"text-align: justify;\"><span style=\"font-size: 14pt;\">\u201cA ideia \u00e9 sensibilizar, mobilizar e qualificar grupos de atores sociais com vistas a uma atua\u00e7\u00e3o cidad\u00e3, em prol do zelo cont\u00ednuo pela oportuna e correta aplica\u00e7\u00e3o dos recursos p\u00fablicos. Pretendemos promover o fortalecimento do controle social com a\u00e7\u00f5es de preven\u00e7\u00e3o e combate \u00e0 corrup\u00e7\u00e3o e transpar\u00eancia na gest\u00e3o p\u00fablica. Este ano, temos a grata alegria de uni\u00e3o ainda maior dos \u00f3rg\u00e3os de controle e fiscaliza\u00e7\u00e3o do Estado\u201d, ressalta o representante da CGU em Alagoas.<\/span><\/p>\n<p style=\"text-align: justify;\"><span style=\"font-size: 14pt;\">A controladora-geral do Estado de Alagoas, Maria Clara Bugarim, refor\u00e7a a import\u00e2ncia das atividades desenvolvidas em prol do combate \u00e0 corrup\u00e7\u00e3o. \u00a0\u201cO Encontro vai levantar discuss\u00f5es importantes acerca das medidas de transpar\u00eancia, controle social\u00a0e instrumentos que visam combater a corrup\u00e7\u00e3o; tamb\u00e9m \u00e9 um momento para alinhar conhecimentos, compartilhar experi\u00eancias na \u00e1rea de gest\u00e3o p\u00fablica e encontrar caminhos para o \u00eaxito dos trabalhos realizados nas controladorias\u201d, destacou.<\/span><\/p>\n<p style=\"text-align: justify;\"><span style=\"font-size: 14pt;\">Al\u00e9m desse encontro, integrantes da CGU, CGE e outras institui\u00e7\u00f5es que integram o Focco\/Alagos est\u00e3o realizando diversas palestras, encontros, debates acad\u00eamicos e mesas redondas sobre o combate \u00e0 corrup\u00e7\u00e3o. Houve ainda uma audi\u00eancia p\u00fablica sobre o tema. No pr\u00f3ximo domingo, na orla de Macei\u00f3 haver\u00e1 a entrega de materiais educativos da Campanha \u201cCorrup\u00e7\u00e3o: o jeito certo \u00e9 dizer n\u00e3o\u201d, esta, que \u00e9 comandada pela CGE. Por meio do facebook dessa institui\u00e7\u00e3o \u00e9 poss\u00edvel obter diversas informa\u00e7\u00f5es da campanha e demais atividades.<\/span><\/p>\n<p style=\"text-align: justify;\"><span style=\"font-size: 14pt;\"><strong>Programa\u00e7\u00e3o<\/strong><\/span><\/p>\n<p style=\"text-align: justify;\">\n<p style=\"text-align: justify;\"><span style=\"font-size: 14pt;\">No per\u00edodo da manh\u00e3, o p\u00fablico poder\u00e1 prestigiar a palestra \u201cA Atua\u00e7\u00e3o do Controle Externo no Cen\u00e1rio Atual\u201d, que ser\u00e1 ministrada pelo procurador-geral do Minist\u00e9rio P\u00fablico junto ao Tribunal de Contas da Uni\u00e3o (MPTCU) Contas do Tribunal de Contas da Uni\u00e3o, Paulo Bugarin. Tamb\u00e9m haver\u00e1 o lan\u00e7amento do Portal do Or\u00e7amento, pelo secret\u00e1rio de Estado do Planejamento, Gest\u00e3o e Patrim\u00f4nio, Christian Teixeira. Em seguida, a\u00a0diretora de fiscaliza\u00e7\u00e3o municipal do\u00a0<em>Tribunal de Contas do Estado de Alagoas (TCE<\/em>\/AL),\u00a0<em>Rosa Ten\u00f3rio<\/em>, far\u00e1 uma exposi\u00e7\u00e3o sobre a avalia\u00e7\u00e3o dos portais de transpar\u00eancia dos munic\u00edpios alagoanos.<\/span><\/p>\n<p style=\"text-align: justify;\"><span style=\"font-size: 14pt;\">J\u00e1 a partir das 14h, acontece o III Encontro da Rede de Controladorias do Estado de Alagoas, com oficinas de capacita\u00e7\u00e3o ministradas pela CGE, CGU e TCE. Os interessados, em participar dessas oficinas, podem realizar inscri\u00e7\u00f5es no site\u00a0<a href=\"http:\/\/www.crc.org.br\/\" target=\"_blank\" rel=\"noopener\">www.crc.org.br<\/a>.<\/span><\/p>\n<p style=\"text-align: justify;\"><span style=\"font-size: 14pt;\"><strong>Parcerias<\/strong><\/span><\/p>\n<p style=\"text-align: justify;\"><span style=\"font-size: 14pt;\">A iniciativa conta com parceiros importantes como o F\u00f3rum de Combate \u00e0 Corrup\u00e7\u00e3o (FOCCO), Tribunal de Contas da Uni\u00e3o (TCU), Tribunal de Contas do Estado (TCE\/AL), Minist\u00e9rio P\u00fablico Federal (MPF), Minist\u00e9rio P\u00fablico Estadual (MPE-AL), a Associa\u00e7\u00e3o dos Munic\u00edpios Alagoanos (AMA), o Conselho Regional de Contabilidade (CRC), entre outras institui\u00e7\u00f5es.<\/span><\/p>\n<p style=\"text-align: justify;\"><span style=\"font-size: 14pt;\"><strong>Dia Internacional contra a Corrup\u00e7\u00e3o<\/strong><\/span><\/p>\n<p style=\"text-align: justify;\"><span style=\"font-size: 14pt;\">O Dia Internacional Contra a Corrup\u00e7\u00e3o (DICC) foi institu\u00edda pela ONU, em 9 de dezembro de 2003, quando governos de diversos pa\u00edses assinaram, na cidade de M\u00e9rida, no M\u00e9xico, a Conven\u00e7\u00e3o das Na\u00e7\u00f5es Unidas contra a Corrup\u00e7\u00e3o. A data entrou em vigor no ano de 2005, para que entidades e sociedade assumam o compromisso de prevenir e combater a corrup\u00e7\u00e3o no mundo.<\/span><\/p>\n<p style=\"text-align: justify;\"><span style=\"font-size: 14pt;\">Nesta data, recomenda-se que os estados mobilizem a sociedade, criando eventos e a\u00e7\u00f5es para reflex\u00e3o e discuss\u00e3o do tema. Por isso, a comemora\u00e7\u00e3o \u00e9 simult\u00e2nea em diversos estados brasileiros com o intuito de contribuir para o desenvolvimento de atitudes e de habilidades necess\u00e1rias ao exerc\u00edcio de direitos e deveres na rela\u00e7\u00e3o rec\u00edproca entre o cidad\u00e3o e o Estado.<\/span><\/p>\n","protected":false},"excerpt":{"rendered":"<p> [&hellip;]<\/p>\n","protected":false},"author":5,"featured_media":17675,"comment_status":"open","ping_status":"open","sticky":false,"template":"","format":"standard","meta":{"om_disable_all_campaigns":false,"_monsterinsights_skip_tracking":false,"_monsterinsights_sitenote_active":false,"_monsterinsights_sitenote_note":"","_monsterinsights_sitenote_category":0,"_uf_show_specific_survey":0,"_uf_disable_surveys":false,"footnotes":""},"categories":[2],"tags":[],"class_list":["post-17674","post","type-post","status-publish","format-standard","has-post-thumbnail","hentry","category-not_mpal"],"aioseo_notices":[],"_links":{"self":[{"href":"https:\/\/www.mpal.mp.br\/index.php?rest_route=\/wp\/v2\/posts\/17674","targetHints":{"allow":["GET"]}}],"collection":[{"href":"https:\/\/www.mpal.mp.br\/index.php?rest_route=\/wp\/v2\/posts"}],"about":[{"href":"https:\/\/www.mpal.mp.br\/index.php?rest_route=\/wp\/v2\/types\/post"}],"author":[{"embeddable":true,"href":"https:\/\/www.mpal.mp.br\/index.php?rest_route=\/wp\/v2\/users\/5"}],"replies":[{"embeddable":true,"href":"https:\/\/www.mpal.mp.br\/index.php?rest_route=%2Fwp%2Fv2%2Fcomments&post=17674"}],"version-history":[{"count":1,"href":"https:\/\/www.mpal.mp.br\/index.php?rest_route=\/wp\/v2\/posts\/17674\/revisions"}],"predecessor-version":[{"id":17676,"href":"https:\/\/www.mpal.mp.br\/index.php?rest_route=\/wp\/v2\/posts\/17674\/revisions\/17676"}],"wp:featuredmedia":[{"embeddable":true,"href":"https:\/\/www.mpal.mp.br\/index.php?rest_route=\/wp\/v2\/media\/17675"}],"wp:attachment":[{"href":"https:\/\/www.mpal.mp.br\/index.php?rest_route=%2Fwp%2Fv2%2Fmedia&parent=17674"}],"wp:term":[{"taxonomy":"category","embeddable":true,"href":"https:\/\/www.mpal.mp.br\/index.php?rest_route=%2Fwp%2Fv2%2Fcategories&post=17674"},{"taxonomy":"post_tag","embeddable":true,"href":"https:\/\/www.mpal.mp.br\/index.php?rest_route=%2Fwp%2Fv2%2Ftags&post=17674"}],"curies":[{"name":"wp","href":"https:\/\/api.w.org\/{rel}","templated":true}]}}