{"id":17671,"date":"2016-12-09T10:41:11","date_gmt":"2016-12-09T12:41:11","guid":{"rendered":"https:\/\/www.mpal.mp.br\/?p=17671"},"modified":"2022-09-01T10:42:48","modified_gmt":"2022-09-01T13:42:48","slug":"ministerio-publico-recomenda-que-prefeitura-de-igreja-nova-nao-realize-licitacao-no-final-do-mandato-municipio-queria-comprar-televidores-e-dvds","status":"publish","type":"post","link":"https:\/\/www.mpal.mp.br\/?p=17671","title":{"rendered":"Minist\u00e9rio P\u00fablico recomenda que Prefeitura de Igreja Nova n\u00e3o realize licita\u00e7\u00e3o no final do mandato; munic\u00edpio queria comprar televidores e DVDs"},"content":{"rendered":"<p style=\"text-align: justify;\"><span style=\"font-size: 14pt;\">O Minist\u00e9rio P\u00fablico Estadual de Alagoas (MPE\/AL) expediu a Recomenda\u00e7\u00e3o n\u00ba 02\/16 \u00e0 Prefeitura de Igreja Nova para que o chefe do Poder Executivo n\u00e3o realize procedimento licitat\u00f3rio neste final do mandato. A exce\u00e7\u00e3o seria apenas para aquisi\u00e7\u00e3o de bens e servi\u00e7os destinados a atender necessidades comprovadamente urgentes. O documento foi formulado porque a Promotoria recebeu informa\u00e7\u00f5es de que o Executivo se preparava para promover uma licita\u00e7\u00e3o no apagar das luzes de 2016.<\/span><\/p>\n<p style=\"text-align: justify;\"><span style=\"font-size: 14pt;\">Expedida pelo promotor de Justi\u00e7a Paulo Roberto de Melo Alves Filho, a Recomenda\u00e7\u00e3o quer evitar que novas aquisi\u00e7\u00f5es de bens e servi\u00e7os desrespeitem o que diz o artigo 42 da Lei Complementar n\u00ba 101\/2000 (Lei de Responsabilidade Fiscal), que pro\u00edbe o titular de Poder ou \u00f3rg\u00e3o de contrair obriga\u00e7\u00e3o de despesa, nos dois \u00faltimos quadrimestres do seu mandato, que n\u00e3o possa ser cumprida integralmente dentro dele, ou que tenha parcelas a serem pagas no exerc\u00edcio seguinte sem que haja suficiente disponibilidade de caixa.<\/span><\/p>\n<p style=\"text-align: justify;\"><span style=\"font-size: 14pt;\">&#8220;Explicamos que a \u00fanica exce\u00e7\u00e3o \u00e9 para necessidade urgente de se adquirir algo, a exemplo de servi\u00e7os e material de sa\u00fade. Em quaisquer outros casos, o atual prefeito tem que se abster de realizar a licita\u00e7\u00e3o&#8221;, informou o promotor de Justi\u00e7a daquela cidade.<\/span><\/p>\n<p style=\"text-align: justify;\"><span style=\"font-size: 14pt;\">Paulo Roberto de Melo Alves Filho tamb\u00e9m determinou que o Munic\u00edpio de Igreja Nova divulgue adequada e imediatamente a referida Recomenda\u00e7\u00e3o, remetendo \u00e0 Promotoria de Justi\u00e7a, no prazo m\u00e1ximo de cinco dias, c\u00f3pias dos processos administrativos que deram origem ao Preg\u00e3o Presencial n\u00ba 016\/2016; bem como que, no mesmo lapso temporal, informe as provid\u00eancias adotadas.<\/span><\/p>\n<p style=\"text-align: justify;\"><span style=\"font-size: 14pt;\"><strong>Campanha &#8216;Transi\u00e7\u00e3o Legal&#8217; surtindo efeito<\/strong><\/span><\/p>\n<p style=\"text-align: justify;\"><span style=\"font-size: 14pt;\">A Campanha &#8216;Transi\u00e7\u00e3o Legal&#8217;, lan\u00e7ada pelo N\u00facleo de Defesa do Patrim\u00f4nio P\u00fablico do MPE\/AL em outubro \u00faltimo, e que tem o objetivo de garantir a continuidade dos servi\u00e7os p\u00fablicos nos munic\u00edpios, bem como a probidade administrativa na mudan\u00e7a de gest\u00e3o, tem apresentado sucessivos avan\u00e7os na troca de administra\u00e7\u00e3o p\u00fablica nas prefeituras do interior.<\/span><\/p>\n<p style=\"text-align: justify;\"><span style=\"font-size: 14pt;\">Em Igreja Nova, foi por meio da representa\u00e7\u00e3o formulada por Neiwton Dantas Lima e Silva, coordenador da Comiss\u00e3o de Transi\u00e7\u00e3o de Governo do Munic\u00edpio de Igreja Nova\/AL, que chegou \u00e0 Promotoria de Justi\u00e7a a not\u00edcia de que aquela Prefeitura\u201cpublicou edital licitat\u00f3rio visando instaurar e regulamentar o procedimento licitat\u00f3rio, na modalidade de preg\u00e3o presencial, sob o n\u00ba 16\/2016, com a finalidade de adquirir de diversos tipos de materiais\u201d.<\/span><\/p>\n<p style=\"text-align: justify;\"><span style=\"font-size: 14pt;\">&#8220;Como \u00e9 fun\u00e7\u00e3o institucional do Minist\u00e9rio P\u00fablico a prote\u00e7\u00e3o do patrim\u00f4nio p\u00fablico e o zelo pelos princ\u00edpios da moralidade e da efici\u00eancia p\u00fablica, estamos vigilantes quanto o cumprimento desses pilares que devem nortear a a\u00e7\u00e3o dos gestores&#8221;, acrescentou Paulo Roberto de Melo Alves Filho.<\/span><\/p>\n<p style=\"text-align: justify;\"><span style=\"font-size: 14pt;\">Segundo o promotor de Justi\u00e7a, o processo licitat\u00f3rio estava previsto para adquirir produtos que n\u00e3o podem ser enquadrados como &#8220;urgentes&#8221;, a exemplo de 11 televisores em LCD 32\u201d; conversor digital com entrada HDMI, FULL HD, portas USB, no valor total de R$ 15.693,33; e 11 aparelhos de DVD, com controle remoto, portas USB, reprodu\u00e7\u00e3o DVD\/CD\/CD-R\/SVCD\/DVCD\/JPG\/MP3, no valor total de R$ 1.903,00.<\/span><\/p>\n<p style=\"text-align: justify;\"><span style=\"font-size: 14pt;\">&#8220;Considerando que, diante dos elevados valores constantes no edital de licita\u00e7\u00e3o do Preg\u00e3o Presencial n\u00ba 16\/2016, se afigura mais prudente e razo\u00e1vel deixar a cargo na nova gest\u00e3o deliberar acerca da conveni\u00eancia e oportunidade de realizar tais gastos, salvo, evidentemente, os gastos relacionados a necessidades essenciais e urgentes, comprovadas no processo de licita\u00e7\u00e3o&#8221;, diz um trecho da Recomenda\u00e7\u00e3o n\u00ba 02\/16.<\/span><\/p>\n","protected":false},"excerpt":{"rendered":"<p> [&hellip;]<\/p>\n","protected":false},"author":5,"featured_media":17672,"comment_status":"open","ping_status":"open","sticky":false,"template":"","format":"standard","meta":{"om_disable_all_campaigns":false,"_monsterinsights_skip_tracking":false,"_monsterinsights_sitenote_active":false,"_monsterinsights_sitenote_note":"","_monsterinsights_sitenote_category":0,"_uf_show_specific_survey":0,"_uf_disable_surveys":false,"footnotes":""},"categories":[2],"tags":[],"class_list":["post-17671","post","type-post","status-publish","format-standard","has-post-thumbnail","hentry","category-not_mpal"],"aioseo_notices":[],"_links":{"self":[{"href":"https:\/\/www.mpal.mp.br\/index.php?rest_route=\/wp\/v2\/posts\/17671","targetHints":{"allow":["GET"]}}],"collection":[{"href":"https:\/\/www.mpal.mp.br\/index.php?rest_route=\/wp\/v2\/posts"}],"about":[{"href":"https:\/\/www.mpal.mp.br\/index.php?rest_route=\/wp\/v2\/types\/post"}],"author":[{"embeddable":true,"href":"https:\/\/www.mpal.mp.br\/index.php?rest_route=\/wp\/v2\/users\/5"}],"replies":[{"embeddable":true,"href":"https:\/\/www.mpal.mp.br\/index.php?rest_route=%2Fwp%2Fv2%2Fcomments&post=17671"}],"version-history":[{"count":1,"href":"https:\/\/www.mpal.mp.br\/index.php?rest_route=\/wp\/v2\/posts\/17671\/revisions"}],"predecessor-version":[{"id":17673,"href":"https:\/\/www.mpal.mp.br\/index.php?rest_route=\/wp\/v2\/posts\/17671\/revisions\/17673"}],"wp:featuredmedia":[{"embeddable":true,"href":"https:\/\/www.mpal.mp.br\/index.php?rest_route=\/wp\/v2\/media\/17672"}],"wp:attachment":[{"href":"https:\/\/www.mpal.mp.br\/index.php?rest_route=%2Fwp%2Fv2%2Fmedia&parent=17671"}],"wp:term":[{"taxonomy":"category","embeddable":true,"href":"https:\/\/www.mpal.mp.br\/index.php?rest_route=%2Fwp%2Fv2%2Fcategories&post=17671"},{"taxonomy":"post_tag","embeddable":true,"href":"https:\/\/www.mpal.mp.br\/index.php?rest_route=%2Fwp%2Fv2%2Ftags&post=17671"}],"curies":[{"name":"wp","href":"https:\/\/api.w.org\/{rel}","templated":true}]}}