{"id":17651,"date":"2016-12-21T10:32:48","date_gmt":"2016-12-21T12:32:48","guid":{"rendered":"https:\/\/www.mpal.mp.br\/?p=17651"},"modified":"2022-09-01T10:33:34","modified_gmt":"2022-09-01T13:33:34","slug":"promotor-de-justica-mauricio-wanderley-recebe-titulo-de-cidadao-honorario-de-palmeira-dos-indios","status":"publish","type":"post","link":"https:\/\/www.mpal.mp.br\/?p=17651","title":{"rendered":"Promotor de Justi\u00e7a Maur\u00edcio Wanderley recebe t\u00edtulo de cidad\u00e3o honor\u00e1rio de Palmeira dos \u00cdndios"},"content":{"rendered":"<p style=\"text-align: justify;\"><span style=\"font-size: 14pt;\">A combina\u00e7\u00e3o do compromisso com o dever funcional e a natureza conciliadora fizeram do promotor de Justi\u00e7a Maur\u00edcio Amaral Wanderley o mais novo cidad\u00e3o honor\u00e1rio de Palmeira dos \u00cdndios. Ao lado da fam\u00edlia e do futuro procurador-geral de Justi\u00e7a, Alfredo Gaspar, o membro do Minist\u00e9rio P\u00fablico do Estado de Alagoas recebeu o t\u00edtulo durante solenidade realizada pela C\u00e2mara de Vereadores do Munic\u00edpio na sexta-feira passada.<\/span><\/p>\n<p style=\"text-align: justify;\"><span style=\"font-size: 14pt;\">Durante os 14 anos em que atuou como promotor de Justi\u00e7a de Palmeira dos \u00cdndios, Maur\u00edcio Wanderley conseguiu obter acordo em mais de 90% dos lit\u00edgios, porque escutava constantemente as partes envolvidas, atuando, segundo o vereador Paulo S\u00e9rgio Silva, de modo \u201cextremamente humano e apaziguador\u201d. Para o homenageado, a capacidade de conciliar pessoas \u00e9 a principal marca que deixou na cidade.<\/span><\/p>\n<p style=\"text-align: justify;\"><span style=\"font-size: 14pt;\">\u201cO recebimento da honraria de cidad\u00e3o honor\u00e1rio de Palmeira dos \u00cdndios foi de muita valia para mim. D\u00e1 a sensa\u00e7\u00e3o de dever cumprido. Eu sempre fui um promotor voltado para o social e foi o que fiz em Palmeira dos \u00cdndios, notadamente no direito de fam\u00edlia, sempre procurando conciliar as partes, sempre entendendo que a melhor senten\u00e7a \u00e9 aquela que o juiz homologa a vontade delas\u201d, disse o sertanejo, natural do munic\u00edpio de Major Izidoro.<\/span><\/p>\n<p style=\"text-align: justify;\"><span style=\"font-size: 14pt;\">O promotor de Justi\u00e7a destacou a import\u00e2ncia do apoio dos familiares e dos colegas de profiss\u00e3o no cotidiano de exerc\u00edcio funcional, entre eles, o estagi\u00e1rio com que trabalhou na cidade. \u201cSem esse apoio, a gente n\u00e3o consegue exercer nosso mister a contento. Fiquei muito satisfeito tamb\u00e9m com a presen\u00e7a do promotor de Justi\u00e7a Alfredo Gaspar, que foi l\u00e1 prestigiar o evento. Outro destaque, foi a presen\u00e7a do meu antigo estagi\u00e1rio, o Wesley, que fez uso da palavra, deixando-me muito emocionado\u201d, afirmou.<\/span><\/p>\n<p style=\"text-align: justify;\"><span style=\"font-size: 14pt;\">\u201cEm seu discurso, Wesley reconheceu a nossa parceria n\u00e3o s\u00f3 no aprendizado t\u00e9cnico, mas tamb\u00e9m humano. Entre os ensinamentos, ele fez uma refer\u00eancia de algo que aprendi com minha esposa, quando dizia que a mesma boca que pode dizer &#8216;n\u00e3o&#8217; pode tamb\u00e9m dizer que &#8216;aquilo n\u00e3o \u00e9 poss\u00edvel&#8217;, ou seja, podemos resolver o problema de uma maneira que n\u00e3o machuque ningu\u00e9m\u201d, completou.<\/span><\/p>\n<p style=\"text-align: justify;\"><span style=\"font-size: 14pt;\">Tamb\u00e9m receberam a homenagem dos vereadores o ex-presidente da Ordem dos Advogados do Brasil &#8211; Seccional Alagoas, Thiago Bomfim, o coordenador do curso de Direito do Centro Universit\u00e1rio Cesmac, Fernando Amorim, o contador Jos\u00e9 A\u00edlton da Silva e o deputado federal Paul\u00e3o.<\/span><\/p>\n","protected":false},"excerpt":{"rendered":"<p> [&hellip;]<\/p>\n","protected":false},"author":5,"featured_media":17652,"comment_status":"open","ping_status":"open","sticky":false,"template":"","format":"standard","meta":{"om_disable_all_campaigns":false,"_monsterinsights_skip_tracking":false,"_monsterinsights_sitenote_active":false,"_monsterinsights_sitenote_note":"","_monsterinsights_sitenote_category":0,"_uf_show_specific_survey":0,"_uf_disable_surveys":false,"footnotes":""},"categories":[2],"tags":[],"class_list":["post-17651","post","type-post","status-publish","format-standard","has-post-thumbnail","hentry","category-not_mpal"],"aioseo_notices":[],"_links":{"self":[{"href":"https:\/\/www.mpal.mp.br\/index.php?rest_route=\/wp\/v2\/posts\/17651","targetHints":{"allow":["GET"]}}],"collection":[{"href":"https:\/\/www.mpal.mp.br\/index.php?rest_route=\/wp\/v2\/posts"}],"about":[{"href":"https:\/\/www.mpal.mp.br\/index.php?rest_route=\/wp\/v2\/types\/post"}],"author":[{"embeddable":true,"href":"https:\/\/www.mpal.mp.br\/index.php?rest_route=\/wp\/v2\/users\/5"}],"replies":[{"embeddable":true,"href":"https:\/\/www.mpal.mp.br\/index.php?rest_route=%2Fwp%2Fv2%2Fcomments&post=17651"}],"version-history":[{"count":1,"href":"https:\/\/www.mpal.mp.br\/index.php?rest_route=\/wp\/v2\/posts\/17651\/revisions"}],"predecessor-version":[{"id":17653,"href":"https:\/\/www.mpal.mp.br\/index.php?rest_route=\/wp\/v2\/posts\/17651\/revisions\/17653"}],"wp:featuredmedia":[{"embeddable":true,"href":"https:\/\/www.mpal.mp.br\/index.php?rest_route=\/wp\/v2\/media\/17652"}],"wp:attachment":[{"href":"https:\/\/www.mpal.mp.br\/index.php?rest_route=%2Fwp%2Fv2%2Fmedia&parent=17651"}],"wp:term":[{"taxonomy":"category","embeddable":true,"href":"https:\/\/www.mpal.mp.br\/index.php?rest_route=%2Fwp%2Fv2%2Fcategories&post=17651"},{"taxonomy":"post_tag","embeddable":true,"href":"https:\/\/www.mpal.mp.br\/index.php?rest_route=%2Fwp%2Fv2%2Ftags&post=17651"}],"curies":[{"name":"wp","href":"https:\/\/api.w.org\/{rel}","templated":true}]}}