{"id":17529,"date":"2022-08-29T08:54:30","date_gmt":"2022-08-29T11:54:30","guid":{"rendered":"https:\/\/www.mpal.mp.br\/?p=17529"},"modified":"2022-09-01T08:54:45","modified_gmt":"2022-09-01T11:54:45","slug":"mpal-ajuiza-acao-para-que-municipios-de-joaquim-gomes-e-flexeiras-prestem-contas-e-nao-sejam-impedidos-de-receber-verbas-para-educacao","status":"publish","type":"post","link":"https:\/\/www.mpal.mp.br\/?p=17529","title":{"rendered":"MPAL aju\u00edza a\u00e7\u00e3o para que munic\u00edpios de Joaquim Gomes e Flexeiras prestem contas e n\u00e3o sejam impedidos de receber verbas para educa\u00e7\u00e3o"},"content":{"rendered":"<p style=\"text-align: justify;\" align=\"justify\" data-raofz=\"14\"><span style=\"font-size: 14pt;\" data-raofz=\"13\">O Minist\u00e9rio P\u00fablico do Estado de Alagoas ajuizou duas a\u00e7\u00f5es civis p\u00fablicas para obrigar as Prefeituras de Joaquim Gomes e Flexeiras a cumprirem com suas obriga\u00e7\u00f5es constitucionais no tocante \u00e0 Educa\u00e7\u00e3o, mais precisamente sobre o repasse de informa\u00e7\u00f5es \u00e0 Uni\u00e3o a respeito de medidas administrativas adotadas pelas gest\u00f5es nessa \u00e1rea. A iniciativa do promotor de Justi\u00e7a Leonardo Novaes Bastos \u00e9 fazer com que os munic\u00edpios n\u00e3o deixem de receber o \u2018Valor Aluno Ano por Resultados\u2019 (VAAR), benef\u00edcio criado para ajudar os entes federados na melhoria de pol\u00edticas educacionais.<\/span><\/p>\n<p style=\"text-align: justify;\" align=\"justify\" data-raofz=\"14\"><span style=\"font-size: 14pt;\" data-raofz=\"13\">Na a\u00e7\u00e3o, o MPAL explica que, em 28 de julho deste ano, a Comiss\u00e3o Intergovernamental de Financiamento para a Educa\u00e7\u00e3o B\u00e1sica de Qualidade, criada pela Lei n\u00ba 14.113\/20, publicou a Resolu\u00e7\u00e3o n\u00b0 01\/22, que estabelece as metodologias de aferi\u00e7\u00e3o das condicionalidades de melhoria de gest\u00e3o para fins de distribui\u00e7\u00e3o da Complementa\u00e7\u00e3o do VAAR \u00e0s redes p\u00fablicas de ensino, para vig\u00eancia no exerc\u00edcio de 2023. Essa Resolu\u00e7\u00e3o, em seu artigo 5\u00ba, determinou o per\u00edodo entre 01 de agosto at\u00e9 15 de setembro de 2022 para que as prefeituras apresentem, em sistema do Minist\u00e9rio da Educa\u00e7\u00e3o, as informa\u00e7\u00f5es relacionadas ao cumprimento das condicionalidades previstas nos incisos I, IV e V do \u00a71\u00ba do art.14 da Lei 14.113\/20. \u201cTais condicionantes tornam necess\u00e1ria a a\u00e7\u00e3o imediata do gestores do munic\u00edpios para que cumpram com sua obriga\u00e7\u00e3o de fazer de comprovar o cumprimento das determina\u00e7\u00f5es at\u00e9 o prazo final estipulado, tendo em vista que a aus\u00eancia de cumprimento gerar\u00e1 grave preju\u00edzo \u00e0 educa\u00e7\u00e3o local diante da abdica\u00e7\u00e3o de receitas\u201d, diz um trecho das peti\u00e7\u00f5es.<\/span><\/p>\n<p style=\"text-align: justify;\" align=\"justify\" data-raofz=\"14\"><span style=\"font-size: 14pt;\" data-raofz=\"13\">\u201cOs gestores que conseguirem comprovar, dentro do prazo legal, que est\u00e3o cumprindo tudo aquilo que foi determinado, receber\u00e3o recursos capazes de garantir, por exemplo, condi\u00e7\u00f5es para que crian\u00e7as e jovens da cidade frequentem as escolas mais pr\u00f3ximas de suas moradias, atendendo, dessa forma, a nova lei do Fundo de Manuten\u00e7\u00e3o e Desenvolvimento da Educa\u00e7\u00e3o B\u00e1sica e de Valoriza\u00e7\u00e3o dos Profissionais da Educa\u00e7\u00e3o, o Fundeb\u201d, explicou Leonardo Novaes Bastos.<\/span><\/p>\n<p style=\"text-align: justify;\" align=\"justify\" data-raofz=\"14\"><span style=\"font-size: 14pt;\" data-raofz=\"13\">O promotor tamb\u00e9m destaca que em uma outra recomenda\u00e7\u00e3o, dessa vez expedida pelo Minist\u00e9rio P\u00fablico de Contas, h\u00e1 uma tabela com as inconsist\u00eancias referentes a cada cidade, inclusive Joaquim Gomes e Flexeiras. \u201cDiante disto, percebe-se que os munic\u00edpios de Joaquim Gomes e Flexeiras n\u00e3o est\u00e3o cumprindo com seu dever constitucional de garantia plena ao direito \u00e0 educa\u00e7\u00e3o, eis que sua omiss\u00e3o pode gerar a falta de recebimento da complementa\u00e7\u00e3o VAAR\u201d, acrescentou ele.<\/span><\/p>\n<p style=\"text-align: justify;\" align=\"justify\" data-raofz=\"14\"><span style=\"font-size: 14pt;\">As a\u00e7\u00f5es civis p\u00fablicas s\u00e3o resultado de procedimentos administrativos instaurados pelo MPAL ap\u00f3s o recebimento da Nota T\u00e9cnica n\u00b003\/2022, do N\u00facleo de Direito \u00e0 Educa\u00e7\u00e3o do Minist\u00e9rio\u00a0P\u00fablico do Estado de Alagoas, alertando as promotorias de Justi\u00e7a sobre o tema em quest\u00e3o.\u00a0<\/span><\/p>\n<p style=\"text-align: justify;\" align=\"justify\" data-raofz=\"14\"><span style=\"font-size: 14pt;\" data-raofz=\"13\"><b>Os pedidos deferidos<\/b><\/span><\/p>\n<p style=\"text-align: justify;\" align=\"justify\" data-raofz=\"14\"><span style=\"font-size: 14pt;\" data-raofz=\"13\">Diante da problem\u00e1tica exposta pelo Minist\u00e9rio P\u00fablico, o Poder Judici\u00e1rio acatou os pedidos requeridos, determinando \u00e0s\u00a0 duas prefeituras que, at\u00e9 31 de agosto, prestem as informa\u00e7\u00f5es necess\u00e1rias \u00e0 Uni\u00e3o, sob pena de multa di\u00e1ria em caso de descumprimento da ordem judicial no valor de R$ 2 mil de forma pessoal a cada gestor municipal.<\/span><\/p>\n","protected":false},"excerpt":{"rendered":"<p> [&hellip;]<\/p>\n","protected":false},"author":2,"featured_media":3993,"comment_status":"open","ping_status":"open","sticky":false,"template":"","format":"standard","meta":{"om_disable_all_campaigns":false,"_monsterinsights_skip_tracking":false,"_monsterinsights_sitenote_active":false,"_monsterinsights_sitenote_note":"","_monsterinsights_sitenote_category":0,"_uf_show_specific_survey":0,"_uf_disable_surveys":false,"footnotes":""},"categories":[2],"tags":[],"class_list":["post-17529","post","type-post","status-publish","format-standard","has-post-thumbnail","hentry","category-not_mpal"],"aioseo_notices":[],"_links":{"self":[{"href":"https:\/\/www.mpal.mp.br\/index.php?rest_route=\/wp\/v2\/posts\/17529","targetHints":{"allow":["GET"]}}],"collection":[{"href":"https:\/\/www.mpal.mp.br\/index.php?rest_route=\/wp\/v2\/posts"}],"about":[{"href":"https:\/\/www.mpal.mp.br\/index.php?rest_route=\/wp\/v2\/types\/post"}],"author":[{"embeddable":true,"href":"https:\/\/www.mpal.mp.br\/index.php?rest_route=\/wp\/v2\/users\/2"}],"replies":[{"embeddable":true,"href":"https:\/\/www.mpal.mp.br\/index.php?rest_route=%2Fwp%2Fv2%2Fcomments&post=17529"}],"version-history":[{"count":1,"href":"https:\/\/www.mpal.mp.br\/index.php?rest_route=\/wp\/v2\/posts\/17529\/revisions"}],"predecessor-version":[{"id":17531,"href":"https:\/\/www.mpal.mp.br\/index.php?rest_route=\/wp\/v2\/posts\/17529\/revisions\/17531"}],"wp:featuredmedia":[{"embeddable":true,"href":"https:\/\/www.mpal.mp.br\/index.php?rest_route=\/wp\/v2\/media\/3993"}],"wp:attachment":[{"href":"https:\/\/www.mpal.mp.br\/index.php?rest_route=%2Fwp%2Fv2%2Fmedia&parent=17529"}],"wp:term":[{"taxonomy":"category","embeddable":true,"href":"https:\/\/www.mpal.mp.br\/index.php?rest_route=%2Fwp%2Fv2%2Fcategories&post=17529"},{"taxonomy":"post_tag","embeddable":true,"href":"https:\/\/www.mpal.mp.br\/index.php?rest_route=%2Fwp%2Fv2%2Ftags&post=17529"}],"curies":[{"name":"wp","href":"https:\/\/api.w.org\/{rel}","templated":true}]}}