{"id":17498,"date":"2017-09-08T08:49:45","date_gmt":"2017-09-08T11:49:45","guid":{"rendered":"https:\/\/www.mpal.mp.br\/?p=17498"},"modified":"2025-06-18T11:28:05","modified_gmt":"2025-06-18T14:28:05","slug":"escola-superior-do-ministerio-publico-realizara-i-simposio-de-pericia-criminal","status":"publish","type":"post","link":"https:\/\/www.mpal.mp.br\/?p=17498","title":{"rendered":"Escola Superior do Minist\u00e9rio P\u00fablico realizar\u00e1 I Simp\u00f3sio de Per\u00edcia Criminal"},"content":{"rendered":"<p style=\"text-align: justify;\" align=\"justify\"><span style=\"font-size: 14pt;\">O Minist\u00e9rio P\u00fablico do Estado de Alagoas, por meio da sua Escola Superior (ESMP), realiza, na manh\u00e3 e tarde, dos dias 14 e 15 de setembro, no audit\u00f3rio Edgar Valente de Lima Filho, o I Simp\u00f3sio de Per\u00edcia Criminal, voltado para membros e servidores dessa institui\u00e7\u00e3o.<\/span><\/p>\n<p style=\"text-align: justify;\" align=\"justify\"><span style=\"font-size: 14pt;\">Por meio dessa capacita\u00e7\u00e3o, os participantes poder\u00e3o conhecer sobre temas que facilitar\u00e3o a compreens\u00e3o da atividade da per\u00edcia oficial que \u00e9 e de grande complexidade e de natureza especializada, tendo por objeto executar com exclusividade os exames de corpo de delito e todas as per\u00edcias criminais necess\u00e1rias \u00e0 instru\u00e7\u00e3o processual penal, nos termos das normas constitucionais e legais em vigor.<\/span><\/p>\n<p style=\"text-align: justify;\" align=\"justify\"><span style=\"font-size: 14pt;\">\u201cO semin\u00e1rio tem por objetivo a explora\u00e7\u00e3o de um tema que tem grande import\u00e2ncia para o processo penal e, consequentemente, para o trabalho dos operadores do direito que atuam nessa \u00e1rea. Al\u00e9m de ampliar o conhecimento da coletividade jur\u00eddica a respeito da import\u00e2ncia da per\u00edcia na aprecia\u00e7\u00e3o da verdade real dos fatos, que \u00e9 o que mais interessa para a justi\u00e7a penal. No sistema processual penal brasileiro n\u00e3o existe hierarquia preestabelecida de provas. Mas, a per\u00edcia t\u00e9cnica legal assume um papel relevante, principalmente por oferecer ao julgador, subs\u00eddios de maior relev\u00e2ncia para a obten\u00e7\u00e3o da certeza real da causa. S\u00f3 se pode condenar em basado na certeza dos fatos. Da\u00ed a import\u00e2ncia de uma prova t\u00e9cnica para concorrer com a elucida\u00e7\u00e3o dos fatos no \u00e2mbito criminal e de se estudar e atualizar sobre o tema\u201d, declarou o procurador de justi\u00e7a e diretor da Escola Superior do Minist\u00e9rio P\u00fablico, Luiz Barbosa Carna\u00faba.<\/span><\/p>\n<p style=\"text-align: justify;\" align=\"justify\"><span style=\"font-size: 14pt;\">Para o dia 14\/09 est\u00e1 prevista a abertura solene do Simp\u00f3sio, al\u00e9m das palestras: &#8220;Hist\u00f3rico e Estrutura Organizacional da Per\u00edcia Oficial do Estado de Alagoas&#8221;; &#8220;Isolamento e Preserva\u00e7\u00e3o do local do crime&#8221;; &#8220;Inform\u00e1tica Forense: Evid\u00eancia judiciais em favor da justi\u00e7a&#8221;; &#8220;A Documentoscopia como instrumento de corre\u00e7\u00e3o de injusti\u00e7as&#8221;; &#8220;Gen\u00e9tica forense: Biologia e DNA Forenses na elucida\u00e7\u00e3o de crimes&#8221;; &#8220;Qu\u00edmica forense&#8221;; &#8220;Bal\u00edstica forense: conceitos e aspectos t\u00e9cnicos&#8221; e &#8220;Identifica\u00e7\u00e3o veicular: O que identifica?&#8221;.<\/span><\/p>\n<p style=\"text-align: justify;\" align=\"justify\"><span style=\"font-size: 14pt;\">J\u00e1 no dia seguinte ser\u00e3o tratados os seguintes temas: &#8220;Per\u00edcia M\u00e9dico Legal em casos de tortura&#8221;; &#8220;A Odontologia legal e sua contribui\u00e7\u00e3o \u00e0s per\u00edcias de interesse criminal&#8221;; &#8220;Locais de explos\u00e3o&#8221;; &#8220;Morte violenta&#8221;; &#8220;Acidente de tr\u00e1fego, do local ao laudo&#8221;; &#8220;Bal\u00edstica e DNA forense na elucida\u00e7\u00e3o do homic\u00eddio de um agente da PF em Macei\u00f3&#8221;; &#8220;Integra\u00e7\u00e3o entre local do crime e inform\u00e1tica forense &#8211; caso de suic\u00eddio por enfocarmento&#8221;; &#8220;O confronto bal\u00edstico dentro da investiga\u00e7\u00e3o criminal (estudo de caso) e &#8220;Casos de eletropless\u00e3o, um perigo invis\u00edvel e suas responsabilidades&#8221;.<\/span><\/p>\n<p style=\"text-align: justify;\" align=\"justify\"><span style=\"font-size: 14pt;\">Os interessados em participar devem enviar os seus dados (nome completo, telefone, email, cargo e lota\u00e7\u00e3o) para o email da Escola Superior do Minist\u00e9rio P\u00fablico:\u00a0<a href=\"mailto:esmp@mpal.mp.br\">esmp@mpal.mp.br<\/a>. Informa\u00e7\u00f5es podem ser obtidas tamb\u00e9m por contato telef\u00f4nico: (82) 2122-3701 \/ 2122-3702.<\/span><\/p>\n","protected":false},"excerpt":{"rendered":"<p> [&hellip;]<\/p>\n","protected":false},"author":4,"featured_media":17523,"comment_status":"closed","ping_status":"closed","sticky":false,"template":"","format":"standard","meta":{"om_disable_all_campaigns":false,"_monsterinsights_skip_tracking":false,"_monsterinsights_sitenote_active":false,"_monsterinsights_sitenote_note":"","_monsterinsights_sitenote_category":0,"_uf_show_specific_survey":0,"_uf_disable_surveys":false,"footnotes":""},"categories":[19],"tags":[],"class_list":["post-17498","post","type-post","status-publish","format-standard","has-post-thumbnail","hentry","category-not_esmp"],"aioseo_notices":[],"_links":{"self":[{"href":"https:\/\/www.mpal.mp.br\/index.php?rest_route=\/wp\/v2\/posts\/17498","targetHints":{"allow":["GET"]}}],"collection":[{"href":"https:\/\/www.mpal.mp.br\/index.php?rest_route=\/wp\/v2\/posts"}],"about":[{"href":"https:\/\/www.mpal.mp.br\/index.php?rest_route=\/wp\/v2\/types\/post"}],"author":[{"embeddable":true,"href":"https:\/\/www.mpal.mp.br\/index.php?rest_route=\/wp\/v2\/users\/4"}],"replies":[{"embeddable":true,"href":"https:\/\/www.mpal.mp.br\/index.php?rest_route=%2Fwp%2Fv2%2Fcomments&post=17498"}],"version-history":[{"count":1,"href":"https:\/\/www.mpal.mp.br\/index.php?rest_route=\/wp\/v2\/posts\/17498\/revisions"}],"predecessor-version":[{"id":17524,"href":"https:\/\/www.mpal.mp.br\/index.php?rest_route=\/wp\/v2\/posts\/17498\/revisions\/17524"}],"wp:featuredmedia":[{"embeddable":true,"href":"https:\/\/www.mpal.mp.br\/index.php?rest_route=\/wp\/v2\/media\/17523"}],"wp:attachment":[{"href":"https:\/\/www.mpal.mp.br\/index.php?rest_route=%2Fwp%2Fv2%2Fmedia&parent=17498"}],"wp:term":[{"taxonomy":"category","embeddable":true,"href":"https:\/\/www.mpal.mp.br\/index.php?rest_route=%2Fwp%2Fv2%2Fcategories&post=17498"},{"taxonomy":"post_tag","embeddable":true,"href":"https:\/\/www.mpal.mp.br\/index.php?rest_route=%2Fwp%2Fv2%2Ftags&post=17498"}],"curies":[{"name":"wp","href":"https:\/\/api.w.org\/{rel}","templated":true}]}}