{"id":17453,"date":"2017-09-14T08:25:07","date_gmt":"2017-09-14T11:25:07","guid":{"rendered":"https:\/\/www.mpal.mp.br\/?p=17453"},"modified":"2025-06-18T11:28:16","modified_gmt":"2025-06-18T14:28:16","slug":"escola-superior-do-ministerio-publico-realiza-i-simposio-de-pericia-criminal","status":"publish","type":"post","link":"https:\/\/www.mpal.mp.br\/?p=17453","title":{"rendered":"Escola Superior do Minist\u00e9rio P\u00fablico realiza I Simp\u00f3sio de Per\u00edcia Criminal"},"content":{"rendered":"<p style=\"text-align: justify;\" align=\"justify\"><span style=\"font-size: 14pt;\">Considerando a responsabilidade do Minist\u00e9rio P\u00fablico do Estado de Alagoas no que diz respeito ao inqu\u00e9rito policial e a a\u00e7\u00e3o penal p\u00fablica, a Escola Superior do Minist\u00e9rio P\u00fablico do Estado de Alagoas (ESMP) est\u00e1 realizando, nesta quinta-feira (14) e sexta-feira (15), o I Simp\u00f3sio de Per\u00edcia Criminal. O objetivo \u00e9 promover conhecimento e apresentar o trabalho da Per\u00edcia Oficial do Estado de Alagoas (POAL) aos membros e servidores da institui\u00e7\u00e3o ministerial, ressaltando a import\u00e2ncia de m\u00e9todos cient\u00edficos para a produ\u00e7\u00e3o da prova material.<\/span><\/p>\n<p style=\"text-align: justify;\" align=\"justify\"><span style=\"font-size: 14pt;\">A abertura do evento foi feita pelo subprocurador-geral administrativo-institucional do Minist\u00e9rio P\u00fablico do Estado de Alagoas, M\u00e1rcio Roberto Ten\u00f3rio, que comp\u00f4s a mesa de honra acompanhado pelo procurador de justi\u00e7a e diretor-presidente da ESMP, Luiz Barbosa Carna\u00faba; pelo vice-diretor de planejamento da ESMP, Claudio S\u00e1; do presidente da Associa\u00e7\u00e3o do Minist\u00e9rio P\u00fablico de Alagoas, Fl\u00e1vio Gomes; e pelo perito-geral adjunto da POAL, Hylnard Travassos.<\/span><\/p>\n<p style=\"text-align: justify;\" align=\"justify\"><span style=\"font-size: 14pt;\">\u201cA diretoria da Escola Superior do Minist\u00e9rio P\u00fablico est\u00e1 de parab\u00e9ns pela inciativa. Sabemos da import\u00e2ncia da per\u00edcia criminal para o processo penal e, consequentemente, para o trabalho dos operadores do direito que atuam nessa \u00e1rea, principalmente do Minist\u00e9rio P\u00fabico que \u00e9 o dono da a\u00e7\u00e3o penal p\u00fablica. O simp\u00f3sio ampliar\u00e1 o conhecimento dos membros e servidores do Minist\u00e9rio P\u00fablico a respeito da per\u00edcia t\u00e9cnica\u201d, afirmou o subprocurador-geral administrativo-institucional, M\u00e1rcio Roberto Ten\u00f3rio.<\/span><\/p>\n<p style=\"text-align: justify;\" align=\"justify\"><span style=\"font-size: 14pt;\">Para o procurador de justi\u00e7a e diretor-presidente da ESMP, Luiz Barbosa Carna\u00faba o I Simp\u00f3sio de Per\u00edcia Criminal al\u00e9m de promover conhecimento, serve tamb\u00e9m para aproximar a institui\u00e7\u00e3o ministerial e a Per\u00edcia Oficial do Estado. \u201cO trabalho da per\u00edcia alagoana \u00e9 precioso e conta com excelentes profissionais. O evento tem entre seus objetivos estreitar o relacionamento entre as duas institui\u00e7\u00f5es, de modo que possamos, juntos, contribuir com a promo\u00e7\u00e3o da justi\u00e7a, evitando nulidades processuais e compreendendo melhor acerca dos procedimentos a serem requisitados para a per\u00edcia\u201d.<\/span><\/p>\n<p style=\"text-align: justify;\" align=\"justify\"><span style=\"font-size: 14pt;\">O promotor de justi\u00e7a e presidente da Associa\u00e7\u00e3o do Minist\u00e9rio P\u00fablico de Alagoas, Fl\u00e1vio Gomes tamb\u00e9m participou do simp\u00f3sio e ressaltou a import\u00e2ncia do evento para o MP\/AL. \u201cA iniciativa da Escola Superior \u00e9 bastante relevante, promover o conhecimento, a reciclagem entre os membros e servidores do Minist\u00e9rio P\u00fablico, que est\u00e3o tendo, com esse evento, uma vis\u00e3o mais apurada da prova t\u00e9cnica. Isso fortalece a acusa\u00e7\u00e3o, a certeza da condena\u00e7\u00e3o e quem ganha \u00e9 a sociedade\u201d, declarou.<\/span><\/p>\n<p style=\"text-align: justify;\" align=\"justify\"><span style=\"font-size: 14pt;\">A primeira palestra do evento foi proferida pelo perito-geral adjunto da POAL, Hylnard Travassos, que falou sobre o hist\u00f3rico e a estrutura organizacional da Per\u00edcia alagoana. Logo depois os peritos Gerard Deokran e Andr\u00e9 Braga proferiram a palestra: Isolamento e Preven\u00e7\u00e3o de Local do Crime. Tamb\u00e9m foram abordadas temas como Inform\u00e1tica Forense, a documentoscopia como instrumento de corre\u00e7\u00e3o de injusti\u00e7as.<\/span><\/p>\n<p style=\"text-align: justify;\" align=\"justify\"><span style=\"font-size: 14pt;\">No segundo do evento, temas como per\u00edcia m\u00e9dico legal em casos de tortura, locais de explos\u00e3o, morte violenta e acidente de tr\u00e1fego far\u00e3o parte da programa\u00e7\u00e3o. Tamb\u00e9m ser\u00e3o abordados os assuntos: bal\u00edstica e DNA forense, integra\u00e7\u00e3o entre local do crime e inform\u00e1tica forense e confronto bal\u00edstico dentro da investiga\u00e7\u00e3o criminal.<\/span><\/p>\n<p style=\"text-align: justify;\" align=\"justify\"><span style=\"font-size: 14pt;\">Fotos: Claudemir Mota<\/span><\/p>\n","protected":false},"excerpt":{"rendered":"<p> [&hellip;]<\/p>\n","protected":false},"author":4,"featured_media":17465,"comment_status":"closed","ping_status":"closed","sticky":false,"template":"","format":"standard","meta":{"om_disable_all_campaigns":false,"_monsterinsights_skip_tracking":false,"_monsterinsights_sitenote_active":false,"_monsterinsights_sitenote_note":"","_monsterinsights_sitenote_category":0,"_uf_show_specific_survey":0,"_uf_disable_surveys":false,"footnotes":""},"categories":[19],"tags":[],"class_list":["post-17453","post","type-post","status-publish","format-standard","has-post-thumbnail","hentry","category-not_esmp"],"aioseo_notices":[],"_links":{"self":[{"href":"https:\/\/www.mpal.mp.br\/index.php?rest_route=\/wp\/v2\/posts\/17453","targetHints":{"allow":["GET"]}}],"collection":[{"href":"https:\/\/www.mpal.mp.br\/index.php?rest_route=\/wp\/v2\/posts"}],"about":[{"href":"https:\/\/www.mpal.mp.br\/index.php?rest_route=\/wp\/v2\/types\/post"}],"author":[{"embeddable":true,"href":"https:\/\/www.mpal.mp.br\/index.php?rest_route=\/wp\/v2\/users\/4"}],"replies":[{"embeddable":true,"href":"https:\/\/www.mpal.mp.br\/index.php?rest_route=%2Fwp%2Fv2%2Fcomments&post=17453"}],"version-history":[{"count":1,"href":"https:\/\/www.mpal.mp.br\/index.php?rest_route=\/wp\/v2\/posts\/17453\/revisions"}],"predecessor-version":[{"id":17467,"href":"https:\/\/www.mpal.mp.br\/index.php?rest_route=\/wp\/v2\/posts\/17453\/revisions\/17467"}],"wp:featuredmedia":[{"embeddable":true,"href":"https:\/\/www.mpal.mp.br\/index.php?rest_route=\/wp\/v2\/media\/17465"}],"wp:attachment":[{"href":"https:\/\/www.mpal.mp.br\/index.php?rest_route=%2Fwp%2Fv2%2Fmedia&parent=17453"}],"wp:term":[{"taxonomy":"category","embeddable":true,"href":"https:\/\/www.mpal.mp.br\/index.php?rest_route=%2Fwp%2Fv2%2Fcategories&post=17453"},{"taxonomy":"post_tag","embeddable":true,"href":"https:\/\/www.mpal.mp.br\/index.php?rest_route=%2Fwp%2Fv2%2Ftags&post=17453"}],"curies":[{"name":"wp","href":"https:\/\/api.w.org\/{rel}","templated":true}]}}