{"id":17227,"date":"2016-12-27T12:47:43","date_gmt":"2016-12-27T14:47:43","guid":{"rendered":"https:\/\/www.mpal.mp.br\/?p=17227"},"modified":"2022-08-26T12:48:17","modified_gmt":"2022-08-26T15:48:17","slug":"mpe-al-ajuiza-acao-civil-publica-por-ato-de-improbidade-administrativa-contra-prefeita-de-traipu-gestora-e-acusada-de-irregularidades-na-contratacao-de-artistas","status":"publish","type":"post","link":"https:\/\/www.mpal.mp.br\/?p=17227","title":{"rendered":"MPE\/AL aju\u00edza a\u00e7\u00e3o civil p\u00fablica por ato de improbidade administrativa contra prefeita de Traipu; gestora \u00e9 acusada de irregularidades na contrata\u00e7\u00e3o de artistas"},"content":{"rendered":"<p style=\"text-align: justify;\"><span style=\"font-size: 14pt;\">O Minist\u00e9rio P\u00fablico do Estado de Alagoas (MPE\/AL), por meio da Promotoria de Justi\u00e7a de Traipu, ajuizou uma a\u00e7\u00e3o civil p\u00fablica por ato de improbidade administrativa, com pedido de medida cautelar de urg\u00eancia, em desfavor da atual prefeita do Munic\u00edpio, Maria da Concei\u00e7\u00e3o Teixeira Tavares. A gestora \u00e9 acusada de cometer irregularidades na contrata\u00e7\u00e3o de artistas que se apresentaram em eventos da Prefeitura Municipal em 2013.<\/span><\/p>\n<p style=\"text-align: justify;\"><span style=\"font-size: 14pt;\">Tamb\u00e9m s\u00e3o alvos da a\u00e7\u00e3o as empresas \u00c9rica Barbosa de Melo Vilalobos Produ\u00e7\u00f5es &#8211; ME e F. de M. Costa Produ\u00e7\u00f5es e Eventos &#8211; ME, respons\u00e1veis pela carreira dos artistas. A Prefeitura de Traipu as contratou para fornecerem apresenta\u00e7\u00f5es art\u00edsticas em eventos como carnaval, emancipa\u00e7\u00e3o pol\u00edtica, comemora\u00e7\u00e3o de Bom Jesus do Navegantes e festividades juninas.<\/span><\/p>\n<p style=\"text-align: justify;\"><span style=\"font-size: 14pt;\">A contrata\u00e7\u00e3o se deu em processos de inexibilidade de licita\u00e7\u00e3o, por\u00e9m sem a documenta\u00e7\u00e3o comprobat\u00f3ria de exclusividade (carta de exclusividade) de comercializa\u00e7\u00e3o dos artistas. Para o promotor de Justi\u00e7a Maur\u00edcio Amaral Wanderley, a competi\u00e7\u00e3o no procedimento licitat\u00f3rio era \u201cperfeitamente poss\u00edvel\u201d.<\/span><\/p>\n<p style=\"text-align: justify;\"><span style=\"font-size: 14pt;\">Segundo o membro do MPE\/AL, os eventos n\u00e3o se tratavam de ocasi\u00f5es especiais que exigissem da Administra\u00e7\u00e3o P\u00fablica a contrata\u00e7\u00e3o \u201cde certo e determinado artista consagrado\u201d para anim\u00e1-los. \u201cEram situa\u00e7\u00f5es absolutamente normais, e que acontecem todos os anos, onde qualquer artista, consagrado ou n\u00e3o, poderia animar a referida festividade, se isso fosse realmente necess\u00e1rio\u201d, disse.<\/span><\/p>\n<p style=\"text-align: justify;\"><span style=\"font-size: 14pt;\">Al\u00e9m disso, para Maur\u00edcio Wanderley, os artistas contratados n\u00e3o eram consagrados pela cr\u00edtica ou pela opini\u00e3o p\u00fablica, tratando-se de \u201cartistas absolutamente comuns, como milhares existentes no pa\u00eds, conhecidos em restrito \u00e2mbito local, absolutamente desconhecidos da cr\u00edtica especializada e do grande p\u00fablico\u201d.<\/span><\/p>\n<p style=\"text-align: justify;\"><span style=\"font-size: 14pt;\"><strong>Mais irregularidades<\/strong><\/span><\/p>\n<p style=\"text-align: justify;\"><span style=\"font-size: 14pt;\">Outra irregularidade na contrata\u00e7\u00e3o das empresas foi a aus\u00eancia de qualquer atesto formal de que os servi\u00e7os foram efetivamente prestados. Em alguns processos, tamb\u00e9m faltaram a autoriza\u00e7\u00e3o de pagamento por parte do ordenador de despesas e assinatura ou parecer jur\u00eddico em documentos importantes, como a do controlador-geral do Munic\u00edpio.<\/span><\/p>\n<p style=\"text-align: justify;\"><span style=\"font-size: 14pt;\">O MPE\/AL aponta ainda poss\u00edveis falsidades ideol\u00f3gicas, uma vez que pessoas ouvidas pela Promotoria de Justi\u00e7a de Traipu afirmam desconhecer como delas algumas assinaturas constantes em processos de pagamento.<\/span><\/p>\n<p style=\"text-align: justify;\"><span style=\"font-size: 14pt;\">\u201cVale destacar que a soma dos valores utilizados pela administra\u00e7\u00e3o p\u00fablica sob a justificativa de inexigibilidade de licita\u00e7\u00e3o chegou ao incr\u00edvel montante de R$ 313.100,00, somente no per\u00edodo investigado no ano de 2013\u201d, disse o titular da Promotoria de Justi\u00e7a de Traipu.<\/span><\/p>\n<p style=\"text-align: justify;\"><span style=\"font-size: 14pt;\"><strong>Pedidos<\/strong><\/span><\/p>\n<p style=\"text-align: justify;\"><span style=\"font-size: 14pt;\">Na a\u00e7\u00e3o civil p\u00fablica, o MPE\/AL pede que o Ju\u00edzo de Direito da Comarca de Traipu determine, liminarmente, a indisponibilidade dos bens necess\u00e1rios para ressarcir o er\u00e1rio em caso de eventual condena\u00e7\u00e3o.<\/span><\/p>\n<p style=\"text-align: justify;\"><span style=\"font-size: 14pt;\">\u201cA medida \u00e9 imprescind\u00edvel para assegurar o integral ressarcimento dos danos, visando evitar que dilapidem seus patrim\u00f4nios e propositadamente se reduzam \u00e0 insolv\u00eancia para se furtarem \u00e0s suas responsabilidades\u201d, explica o promotor de Justi\u00e7a.<\/span><\/p>\n<p style=\"text-align: justify;\"><span style=\"font-size: 14pt;\">No m\u00e9rito da demanda, o Minist\u00e9rio P\u00fablico Estadual pede a condena\u00e7\u00e3o dos demandados \u00e0s san\u00e7\u00f5es da Lei n\u00ba 8.429\/92 decorrentes de atos de improbidade administrativa que causaram preju\u00edzo ao er\u00e1rio e atentaram contra os princ\u00edpios da Administra\u00e7\u00e3o P\u00fablica.<\/span><\/p>\n<p style=\"text-align: justify;\"><span style=\"font-size: 14pt;\">Entre as penalidades da Lei de Improbidade Administrativa, est\u00e3o o ressarcimento integral dos danos; a suspens\u00e3o dos direitos pol\u00edticos por oito anos; o pagamento de multa civil no valor duas vezes o valor dos danos causados ou de at\u00e9 cem vezes o valor da remunera\u00e7\u00e3o do agente p\u00fablico quando do exerc\u00edcio do seu cargo; e a proibi\u00e7\u00e3o de contratar com o poder p\u00fablico ou receber benef\u00edcios ou incentivos fiscais ou credit\u00edcios, direta ou indiretamente, ainda que por interm\u00e9dio de pessoa jur\u00eddica da qual seja s\u00f3cio majorit\u00e1rio, pelo prazo de cinco anos.<\/span><\/p>\n","protected":false},"excerpt":{"rendered":"<p> [&hellip;]<\/p>\n","protected":false},"author":5,"featured_media":8970,"comment_status":"open","ping_status":"open","sticky":false,"template":"","format":"standard","meta":{"om_disable_all_campaigns":false,"_monsterinsights_skip_tracking":false,"_monsterinsights_sitenote_active":false,"_monsterinsights_sitenote_note":"","_monsterinsights_sitenote_category":0,"_uf_show_specific_survey":0,"_uf_disable_surveys":false,"footnotes":""},"categories":[2],"tags":[],"class_list":["post-17227","post","type-post","status-publish","format-standard","has-post-thumbnail","hentry","category-not_mpal"],"aioseo_notices":[],"_links":{"self":[{"href":"https:\/\/www.mpal.mp.br\/index.php?rest_route=\/wp\/v2\/posts\/17227","targetHints":{"allow":["GET"]}}],"collection":[{"href":"https:\/\/www.mpal.mp.br\/index.php?rest_route=\/wp\/v2\/posts"}],"about":[{"href":"https:\/\/www.mpal.mp.br\/index.php?rest_route=\/wp\/v2\/types\/post"}],"author":[{"embeddable":true,"href":"https:\/\/www.mpal.mp.br\/index.php?rest_route=\/wp\/v2\/users\/5"}],"replies":[{"embeddable":true,"href":"https:\/\/www.mpal.mp.br\/index.php?rest_route=%2Fwp%2Fv2%2Fcomments&post=17227"}],"version-history":[{"count":1,"href":"https:\/\/www.mpal.mp.br\/index.php?rest_route=\/wp\/v2\/posts\/17227\/revisions"}],"predecessor-version":[{"id":17228,"href":"https:\/\/www.mpal.mp.br\/index.php?rest_route=\/wp\/v2\/posts\/17227\/revisions\/17228"}],"wp:featuredmedia":[{"embeddable":true,"href":"https:\/\/www.mpal.mp.br\/index.php?rest_route=\/wp\/v2\/media\/8970"}],"wp:attachment":[{"href":"https:\/\/www.mpal.mp.br\/index.php?rest_route=%2Fwp%2Fv2%2Fmedia&parent=17227"}],"wp:term":[{"taxonomy":"category","embeddable":true,"href":"https:\/\/www.mpal.mp.br\/index.php?rest_route=%2Fwp%2Fv2%2Fcategories&post=17227"},{"taxonomy":"post_tag","embeddable":true,"href":"https:\/\/www.mpal.mp.br\/index.php?rest_route=%2Fwp%2Fv2%2Ftags&post=17227"}],"curies":[{"name":"wp","href":"https:\/\/api.w.org\/{rel}","templated":true}]}}