{"id":17224,"date":"2016-12-29T12:46:57","date_gmt":"2016-12-29T14:46:57","guid":{"rendered":"https:\/\/www.mpal.mp.br\/?p=17224"},"modified":"2022-08-26T12:47:36","modified_gmt":"2022-08-26T15:47:36","slug":"chefia-do-ministerio-publico-reconhece-trabalho-e-dedicacao-da-assessoria-militar","status":"publish","type":"post","link":"https:\/\/www.mpal.mp.br\/?p=17224","title":{"rendered":"Chefia do Minist\u00e9rio P\u00fablico reconhece trabalho e dedica\u00e7\u00e3o da Assessoria Militar"},"content":{"rendered":"<p style=\"text-align: justify;\"><span style=\"font-size: 14pt;\">Pelos servi\u00e7os prestados na prote\u00e7\u00e3o do patrim\u00f4nio p\u00fablico do Minist\u00e9rio P\u00fablico do Estado de Alagoas, bem como na seguran\u00e7a de membros e servidores, o procurador-geral de Justi\u00e7a, S\u00e9rgio Juc\u00e1, reconheceu o trabalho desenvolvido pela equipe da Assessoria Militar da institui\u00e7\u00e3o ao longo dos \u00faltimos quatro anos. Sob o comando do major Fernando Gl\u00e1ucio Santos Lima, um grupo de policias militares dedicou-se dia e noite para garantir o exerc\u00edcio do dever funcional de todos que comp\u00f5em o \u00f3rg\u00e3o ministerial.<\/span><\/p>\n<p style=\"text-align: justify;\"><span style=\"font-size: 14pt;\">\u201cAo ensejo do final da gest\u00e3o, quero agradecer penhoradamente a todos os integrantes da Assessoria Militar do Minist\u00e9rio P\u00fablico em raz\u00e3o dos relevantes servi\u00e7os prestados \u00e0 institui\u00e7\u00e3o. Reconhe\u00e7o a efici\u00eancia do major Gl\u00e1ucio, dos tenentes Melo e Lima Junior e de todos os pra\u00e7as pela dedica\u00e7\u00e3o \u00e0 atividade laborativa, engradecendo o Minist\u00e9rio P\u00fablico e a sua atribui\u00e7\u00e3o em defender os interesses da sociedade\u201d, disse o procurador-geral de Justi\u00e7a.<\/span><\/p>\n<p style=\"text-align: justify;\"><span style=\"font-size: 14pt;\">\u201cA Assessoria Militar agradece a confian\u00e7a de membros e servidores, principalmente na pessoa do procurador-geral de Justi\u00e7a, S\u00e9rgio Juc\u00e1, no que se refere ao importante trabalho de desenvolver a atividade de seguran\u00e7a e assessoramento da institui\u00e7\u00e3o e da sua chefia. A miss\u00e3o foi cumprida com dedica\u00e7\u00e3o e apre\u00e7o por todos que comp\u00f5e a nossa equipe. S\u00e3o 30 militares que, durante quatro anos, empenharam-se em proporcionar uma sensa\u00e7\u00e3o de prote\u00e7\u00e3o aos membros do Minist\u00e9rio P\u00fablico, enquanto eles exerciam suas atividades\u201d, afirmou o major Fernando Gl\u00e1ucio, chefe da Assessoria Militar do MPE\/AL.<\/span><\/p>\n<p style=\"text-align: justify;\"><span style=\"font-size: 14pt;\">\u201cFoi um grande orgulho para n\u00f3s. Estamos deixando essa fun\u00e7\u00e3o com a certeza de um grande aprendizado e de que levaremos a experi\u00eancia para a carreira militar. Al\u00e9m do que, trabalhar no Minist\u00e9rio P\u00fablico nos trouxe grandes amizades, o que significa dizer que o la\u00e7o que estabelecemos ultrapassa as rela\u00e7\u00f5es profissionais\u201d, completou o oficial.<\/span><\/p>\n<p style=\"text-align: justify;\"><span style=\"font-size: 14pt;\">Para o 1\u00ba tenente Reinaldo de Lima Barbosa J\u00fanior, que integra a Assessoria Militar do MPE\/AL h\u00e1 seis anos, essa experi\u00eancia foi &#8216;enriquecedora&#8217; para a sua carreira profissional. \u201cCuidamos da seguran\u00e7a do procurador-geral e tamb\u00e9m assessoramos os promotores em determinados trabalhos que eles executam, a exemplo de visitas nas unidades de interna\u00e7\u00e3o de adolescentes e nos jogos do campeonato alagoano. Isso nos faz conhecer melhor as atribui\u00e7\u00f5es do Minist\u00e9rio P\u00fablico, bem aquelas de outras institui\u00e7\u00f5es, uma vez que acabamos por tamb\u00e9m lidar com diferentes \u00f3rg\u00e3os\u201d, declarou o PM.<\/span><\/p>\n<p style=\"text-align: justify;\"><span style=\"font-size: 14pt;\">Experi\u00eancia semelhante adquiriu o tamb\u00e9m 1\u00ba tenente Davi de Melo Mota. \u201cForam tr\u00eas anos bastante gratificantes. O policial militar normalmente trabalha no policiamento ostensivo nas ruas e, na Assessoria Militar, a atividade que a gente desenvolve \u00e9 diferente, \u00e9 para resguardar a integridade f\u00edsica do procurador-geral, de membros da institui\u00e7\u00e3o e do patrim\u00f4nio do Minist\u00e9rio P\u00fablico. \u00c9 uma outra forma de trabalho, onde tamb\u00e9m n\u00f3s aprendemos muito\u201d, disse ele.<\/span><\/p>\n<p style=\"text-align: justify;\"><span style=\"font-size: 14pt;\"><strong>A fun\u00e7\u00e3o da Assessoria Militar<\/strong><\/span><\/p>\n<p style=\"text-align: justify;\"><span style=\"font-size: 14pt;\">Assessoria Militar da Procuradoria Geral de Justi\u00e7a foi institu\u00edda atrav\u00e9s do artigo 120 da Lei Complementar estadual n\u00ba 15, de 22 de novembro de 1996 e, em seguida, inserida na organiza\u00e7\u00e3o b\u00e1sica da Pol\u00edcia Militar do Estado de Alagoas por meio do artigo 62, inciso VI da Lei estadual n\u00b0 6.399, de 15 de agosto de 2003 e, depois, ratificada pelo artigo 9 da Lei estadual n\u00b0 6.306 de 12 de abril de 2002.<\/span><\/p>\n<p style=\"text-align: justify;\"><span style=\"font-size: 14pt;\">Concebida legalmente como \u00f3rg\u00e3o integrante da estrutura organizacional do Minist\u00e9rio P\u00fablico do Estado de Alagoas, a AM\/PGJ tem a incumb\u00eancia de proteger o patrim\u00f4nio p\u00fablico da institui\u00e7\u00e3o, propiciar a seguran\u00e7a de seus integrantes e assessorar o procurador-geral de Justi\u00e7a, a quem est\u00e1 diretamente subordinada.<\/span><\/p>\n","protected":false},"excerpt":{"rendered":"<p> [&hellip;]<\/p>\n","protected":false},"author":5,"featured_media":17225,"comment_status":"open","ping_status":"open","sticky":false,"template":"","format":"standard","meta":{"om_disable_all_campaigns":false,"_monsterinsights_skip_tracking":false,"_monsterinsights_sitenote_active":false,"_monsterinsights_sitenote_note":"","_monsterinsights_sitenote_category":0,"_uf_show_specific_survey":0,"_uf_disable_surveys":false,"footnotes":""},"categories":[2],"tags":[],"class_list":["post-17224","post","type-post","status-publish","format-standard","has-post-thumbnail","hentry","category-not_mpal"],"aioseo_notices":[],"_links":{"self":[{"href":"https:\/\/www.mpal.mp.br\/index.php?rest_route=\/wp\/v2\/posts\/17224","targetHints":{"allow":["GET"]}}],"collection":[{"href":"https:\/\/www.mpal.mp.br\/index.php?rest_route=\/wp\/v2\/posts"}],"about":[{"href":"https:\/\/www.mpal.mp.br\/index.php?rest_route=\/wp\/v2\/types\/post"}],"author":[{"embeddable":true,"href":"https:\/\/www.mpal.mp.br\/index.php?rest_route=\/wp\/v2\/users\/5"}],"replies":[{"embeddable":true,"href":"https:\/\/www.mpal.mp.br\/index.php?rest_route=%2Fwp%2Fv2%2Fcomments&post=17224"}],"version-history":[{"count":1,"href":"https:\/\/www.mpal.mp.br\/index.php?rest_route=\/wp\/v2\/posts\/17224\/revisions"}],"predecessor-version":[{"id":17226,"href":"https:\/\/www.mpal.mp.br\/index.php?rest_route=\/wp\/v2\/posts\/17224\/revisions\/17226"}],"wp:featuredmedia":[{"embeddable":true,"href":"https:\/\/www.mpal.mp.br\/index.php?rest_route=\/wp\/v2\/media\/17225"}],"wp:attachment":[{"href":"https:\/\/www.mpal.mp.br\/index.php?rest_route=%2Fwp%2Fv2%2Fmedia&parent=17224"}],"wp:term":[{"taxonomy":"category","embeddable":true,"href":"https:\/\/www.mpal.mp.br\/index.php?rest_route=%2Fwp%2Fv2%2Fcategories&post=17224"},{"taxonomy":"post_tag","embeddable":true,"href":"https:\/\/www.mpal.mp.br\/index.php?rest_route=%2Fwp%2Fv2%2Ftags&post=17224"}],"curies":[{"name":"wp","href":"https:\/\/api.w.org\/{rel}","templated":true}]}}