{"id":17074,"date":"2017-10-19T11:10:44","date_gmt":"2017-10-19T13:10:44","guid":{"rendered":"https:\/\/www.mpal.mp.br\/?p=17074"},"modified":"2025-06-18T11:27:52","modified_gmt":"2025-06-18T14:27:52","slug":"escola-superior-do-ministerio-publico-realiza-curso-para-discutir-meios-de-combate-a-corrupcao","status":"publish","type":"post","link":"https:\/\/www.mpal.mp.br\/?p=17074","title":{"rendered":"Escola Superior do Minist\u00e9rio P\u00fablico realiza curso para discutir meios de combate \u00e0 corrup\u00e7\u00e3o"},"content":{"rendered":"<p style=\"text-align: justify;\" align=\"justify\"><span style=\"font-size: 14pt;\">O Minist\u00e9rio P\u00fablico do Estado de Alagoas, por meio da sua Escola Superior (ESMP), realiza, nas manh\u00e3s dos dias 26 e 27 de outubro, o curso \u201cReflex\u00f5es e Experi\u00eancias no Combate \u00e0 Corrup\u00e7\u00e3o\u201d. O evento, que acontece no pr\u00e9dio-sede da institui\u00e7\u00e3o, no bairro do Po\u00e7o, abordar\u00e1 temas como t\u00e9cnicas de negocia\u00e7\u00e3o na colabora\u00e7\u00e3o premiada e transpar\u00eancia no poder legislativo.<\/span><\/p>\n<p style=\"text-align: justify;\" align=\"justify\"><span style=\"font-size: 14pt;\">Para o procurador-geral de justi\u00e7a, Alfredo Gaspar de Mendon\u00e7a Neto, a realiza\u00e7\u00e3o do curso \u00e9 de grande import\u00e2ncia, j\u00e1 que objetiva discutir temas que norteiam a\u00e7\u00f5es da institui\u00e7\u00e3o. \u201cO combate a corrup\u00e7\u00e3o vai ser sempre uma prioridade da nossa gest\u00e3o. E vou mais al\u00e9m, esse \u00e9 um dos maiores compromissos de todas as unidades do Minist\u00e9rio P\u00fablico brasileiro\u201d, afirmou.<\/span><\/p>\n<p style=\"text-align: justify;\" align=\"justify\"><span style=\"font-size: 14pt;\">O procurador de justi\u00e7a e diretor-presidente da ESMP, Luiz Barbosa Carna\u00faba, ressaltou que o tema precisa ser discutido exaustivamente, j\u00e1 que est\u00e1 na pauta di\u00e1ria de diversos setores da sociedade. \u201cA Escola, preocupada em levar informa\u00e7\u00e3o para membros e servidores do Minist\u00e9rio P\u00fablico, organizou este curso para discutir meios de combate \u00e0 corrup\u00e7\u00e3o. \u00c9 preciso conversar sobre o que vem sendo feito para interromper a\u00e7\u00f5es que lesem a coisa p\u00fablica. Ent\u00e3o, cursos como este, al\u00e9m de servir para trocas de informa\u00e7\u00e3o, tamb\u00e9m objetivam aprimorar os meios que criados para este combate\u201d, afirmou.<\/span><\/p>\n<p style=\"text-align: justify;\" align=\"justify\"><span style=\"font-size: 14pt;\"><strong>Programa\u00e7\u00e3o<\/strong><\/span><\/p>\n<p style=\"text-align: justify;\" align=\"justify\"><span style=\"font-size: 14pt;\">No primeiro dia de curso, a palestra de abertura ser\u00e1 ministrada pelo promotor de justi\u00e7a Affonso Ghizzo Neto, que atua no Minist\u00e9rio P\u00fablico de Santa Catarina. Em sua apresenta\u00e7\u00e3o, ele falar\u00e1 sobre \u201cA corrup\u00e7\u00e3o como tema de a\u00e7\u00e3o coletiva\u201d. Logo ap\u00f3s, o promotor de justi\u00e7a Jos\u00e9 Carlos Castro, do MPE\/AL, tratar\u00e1 sobre \u201cTranspar\u00eancia no legislativo municipal em Alagoas\u201d.<\/span><\/p>\n<p style=\"text-align: justify;\" align=\"justify\"><span style=\"font-size: 14pt;\">J\u00e1 no segundo dia, as atividades do curso come\u00e7ar\u00e3o com uma explana\u00e7\u00e3o do promotor de justi\u00e7a Leonardo Augusto de Andrade, membro do Minist\u00e9rio P\u00fablico do Estado do Esp\u00edrito Santo, sobre \u201cProte\u00e7\u00e3o jur\u00eddica deficiente dos bens jur\u00eddicos lesados por atos de corrup\u00e7\u00e3o\u201d. Em um segundo momento, ele tamb\u00e9m conversar\u00e1 acerca de t\u00e9cnicas de negocia\u00e7\u00e3o usadas na colabora\u00e7\u00e3o premiada.<\/span><\/p>\n<p style=\"text-align: justify;\" align=\"justify\"><span style=\"font-size: 14pt;\">O encerramento do curso ser\u00e1 feito pelos promotores de justi\u00e7a que atuam no Grupo Estadual de Combate \u00e0s Organiza\u00e7\u00f5es Criminosas (Gecoc) do MPE\/AL. Em conjunto, eles apresentar\u00e3o o tema \u201cEstudo de casos e estat\u00edsticas \u2013 colabora\u00e7\u00e3o premiada no Estado de Alagoas\u201d.<\/span><\/p>\n<p style=\"text-align: justify;\" align=\"justify\"><span style=\"font-size: 14pt;\"><strong>Curr\u00edculos<\/strong><\/span><\/p>\n<p style=\"text-align: justify;\" align=\"justify\"><span style=\"font-size: 14pt;\">Leonardo Augusto de Andrade Cezar dos Santos \u00e9 graduado em Direito pela Universidade Cat\u00f3lica do Salvador\/BA (UCSal). Mestre em Corrup\u00e7\u00e3o e Estado de Direito (2015) e \u00e9 doutorando em Estado de Direito e Governan\u00e7a Global pela Universidade de Salamanca (Espanha), sendo pesquisador visitante (Visiting Foreign Judicial Fellow) no Centro Judici\u00e1rio Federal em Washington D.C (2016). Atualmente \u00e9 Promotor de Justi\u00e7a do Minist\u00e9rio P\u00fablico do Estado do Esp\u00edrito Santo (MPE\/ES) e membro do GAECO-Norte.<\/span><\/p>\n<p style=\"text-align: justify;\" align=\"justify\"><span style=\"font-size: 14pt;\">Affonso Ghizzo Neto \u00e9 promotor de justi\u00e7a no Minist\u00e9rio P\u00fablico do Estado de Santa Catarina (MPE\/SC) e doutorando no programa &#8220;Estado de Direito e Governan\u00e7a Global&#8221; pela Universidade de Salamanca &#8211; Espanha. Tem mestrado em Direito pela Universidade Federal de Santa Catarina (UFSC), com \u00eanfase na \u00e1rea de Filosofia do Direito. Foi o idealizador da campanha \u201cO que voc\u00ea tem a ver com a corrup\u00e7\u00e3o\u201d, que foi apresentada para membros da ONU.<\/span><\/p>\n<p style=\"text-align: justify;\" align=\"justify\"><span style=\"font-size: 14pt;\"><strong>Inscri\u00e7\u00f5es<\/strong><\/span><\/p>\n<p style=\"text-align: justify;\" align=\"justify\"><span style=\"font-size: 14pt;\">As inscri\u00e7\u00f5es para o curso \u201cReflex\u00f5es e Experi\u00eancias no Combate \u00e0 Corrup\u00e7\u00e3o podem ser feitas por meio do e-mail:\u00a0<a href=\"mailto:esmp@mapal.mo.br\">esmp@mapal.mo.br<\/a>. Os organizadores pedem para os interessados, no ato de suas inscri\u00e7\u00f5es, informarem o nome completo, cargo que ocupa, lota\u00e7\u00e3o e e-mail. Mais informa\u00e7\u00f5es podem ser obtidas pelos telefones: 2122-3701 ou 2122-3702.<\/span><\/p>\n","protected":false},"excerpt":{"rendered":"<p> [&hellip;]<\/p>\n","protected":false},"author":4,"featured_media":17075,"comment_status":"closed","ping_status":"closed","sticky":false,"template":"","format":"standard","meta":{"om_disable_all_campaigns":false,"_monsterinsights_skip_tracking":false,"_monsterinsights_sitenote_active":false,"_monsterinsights_sitenote_note":"","_monsterinsights_sitenote_category":0,"_uf_show_specific_survey":0,"_uf_disable_surveys":false,"footnotes":""},"categories":[19],"tags":[],"class_list":["post-17074","post","type-post","status-publish","format-standard","has-post-thumbnail","hentry","category-not_esmp"],"aioseo_notices":[],"_links":{"self":[{"href":"https:\/\/www.mpal.mp.br\/index.php?rest_route=\/wp\/v2\/posts\/17074","targetHints":{"allow":["GET"]}}],"collection":[{"href":"https:\/\/www.mpal.mp.br\/index.php?rest_route=\/wp\/v2\/posts"}],"about":[{"href":"https:\/\/www.mpal.mp.br\/index.php?rest_route=\/wp\/v2\/types\/post"}],"author":[{"embeddable":true,"href":"https:\/\/www.mpal.mp.br\/index.php?rest_route=\/wp\/v2\/users\/4"}],"replies":[{"embeddable":true,"href":"https:\/\/www.mpal.mp.br\/index.php?rest_route=%2Fwp%2Fv2%2Fcomments&post=17074"}],"version-history":[{"count":1,"href":"https:\/\/www.mpal.mp.br\/index.php?rest_route=\/wp\/v2\/posts\/17074\/revisions"}],"predecessor-version":[{"id":17076,"href":"https:\/\/www.mpal.mp.br\/index.php?rest_route=\/wp\/v2\/posts\/17074\/revisions\/17076"}],"wp:featuredmedia":[{"embeddable":true,"href":"https:\/\/www.mpal.mp.br\/index.php?rest_route=\/wp\/v2\/media\/17075"}],"wp:attachment":[{"href":"https:\/\/www.mpal.mp.br\/index.php?rest_route=%2Fwp%2Fv2%2Fmedia&parent=17074"}],"wp:term":[{"taxonomy":"category","embeddable":true,"href":"https:\/\/www.mpal.mp.br\/index.php?rest_route=%2Fwp%2Fv2%2Fcategories&post=17074"},{"taxonomy":"post_tag","embeddable":true,"href":"https:\/\/www.mpal.mp.br\/index.php?rest_route=%2Fwp%2Fv2%2Ftags&post=17074"}],"curies":[{"name":"wp","href":"https:\/\/api.w.org\/{rel}","templated":true}]}}