{"id":16977,"date":"2017-11-01T08:52:27","date_gmt":"2017-11-01T10:52:27","guid":{"rendered":"https:\/\/www.mpal.mp.br\/?p=16977"},"modified":"2024-08-06T13:50:54","modified_gmt":"2024-08-06T16:50:54","slug":"ministerio-publico-de-alagoas-empossa-11-novos-promotores-nesta-quarta-feira-01","status":"publish","type":"post","link":"https:\/\/www.mpal.mp.br\/?p=16977","title":{"rendered":"Minist\u00e9rio P\u00fablico de Alagoas empossa 11 novos promotores nesta quarta-feira (01)"},"content":{"rendered":"<p style=\"text-align: justify;\" align=\"justify\"><span style=\"font-size: 14pt;\">Eles agora s\u00e3o promotores de Justi\u00e7a. Numa solenidade que aconteceu na manh\u00e3 desta quarta-feira (01), os 11 novos integrantes da carreira do Minist\u00e9rio P\u00fablico Estadual de Alagoas (MPE\/AL) tomaram assento em suas fun\u00e7\u00f5es e j\u00e1 come\u00e7ar\u00e3o a trabalhar nas promotorias para as quais foram designados a partir do dia 1 de dezembro. Antes disso, eles v\u00e3o passar pelo curso de forma\u00e7\u00e3o, previsto para ocorrer entre os dias 1 e 30 deste m\u00eas. As cidades onde cada um vai exercer suas atribui\u00e7\u00f5es foi definida e todas s\u00e3o promotorias de justi\u00e7a do interior de Alagoas. Os membros rec\u00e9m-chegados se integram ao MPE\/AL para ajudar a oxigenar as atividades da institui\u00e7\u00e3o e prometem trabalhar por um MP resolutivo e mais social, com coragem para o combate os maus pol\u00edticos que lesam os cofres p\u00fablicos, na luta para ver criminosos punidos e tratar com respeito e dignidade o maior destinat\u00f3rio das a\u00e7\u00f5es do MP brasileiro: o cidad\u00e3o.<\/span><\/p>\n<p style=\"text-align: justify;\" align=\"justify\"><span style=\"font-size: 14pt;\">Foi o Col\u00e9gio de Procuradores do Minist\u00e9rio P\u00fablico que deu posse aos novos promotores de justi\u00e7a. Por ordem de classifica\u00e7\u00e3o, eles foram recepcionados pelo procurador-geral de Justi\u00e7a, Alfredo Gaspar de Mendon\u00e7a Neto, pelo subprocurador-geral administrativo institucional, M\u00e1rcio Roberto Ten\u00f3rio de Albuquerque, pelo subprocurador-geral judicial, S\u00e9rgio Juc\u00e1, pelo corregedor-geral, Lean Ant\u00f4nio Ferreira de Ara\u00fajo, pelo ouvidor do MPE\/AL, Jos\u00e9 Artur Melo, e pelos procuradores de justi\u00e7a Geraldo Magela Barbosa Pirau\u00e1, Walber Jos\u00e9 Valante de Lima, Luiz Barbosa Carna\u00faba, Ant\u00f4nio Arecippo de Barros Teixeira Neto, Anti\u00f3genes Marques de Lira e Denise Guimar\u00e3es de Oliveira.<\/span><\/p>\n<p style=\"text-align: justify;\" align=\"justify\"><span style=\"font-size: 14pt;\">Por ordem de classifica\u00e7\u00e3o, foram empossados Arlen Silva Bitro (16\u00aa colocado), Rodrigo Soares da Silva (31\u00ba colocado), M\u00e1rcio Jos\u00e9 D\u00f3ria da Cunha (2\u00ba colocado para vaga de pessoa com defici\u00eancia), Ivaldo da Silva (32\u00ba colocado), Guilherme Diamantaras de Figueredo (34\u00ba colocado), Luiz Alberto de Holanda Paes Pinto (38\u00aa colocado), Louise Maria Teixeira da Silva (39\u00ba colocada), R\u00f4mulo de Souto Crasto Leite (41\u00aa colocado), Paulo Henrique Carvalho Prado (42\u00ba colocado), F\u00e1bio Bastos Nunes (44\u00aa colocado) e Rodrigo Ferreira Lavor Rodrigues da Cruz (48\u00ba colocado). Eles ir\u00e3o trabalhar nas Promotorias de Justi\u00e7a de Batalha, Traipu, Taquarana, Cacimbinhas, Feira Grande, Maravilha, Olho d\u2019\u00c1gua das Flores, \u00c1gua Branca, Piranhas, Mata Grande e Limoeiro de Anadia, respectivamente.<\/span><\/p>\n<p style=\"text-align: justify;\" align=\"justify\"><span style=\"font-size: 14pt;\"><strong>As boas-vindas dadas pelo Colegiado<\/strong><\/span><\/p>\n<p style=\"text-align: justify;\"><span style=\"font-size: 14pt;\">&#8220;Ap\u00f3s um esfor\u00e7o muito grande e conten\u00e7\u00e3o de despesas, conseguimos nomear 11 novos promotores para ocupar diversas promotorias do estado que est\u00e3o sem promotor titular, algumas h\u00e1 mais de 18 anos. Entretanto, ainda temos in\u00fameros outros cargos vagos que depender\u00e3o de ajuda or\u00e7ament\u00e1ria para serem cobertos. Esses novos promotores, com absoluta convic\u00e7\u00e3o, ir\u00e3o somar ao esfor\u00e7o dos demais membros para propiciar a popula\u00e7\u00e3o alagoana, cada vez mais, a cidadania plena&#8221;, afirmou Alfredo Gaspar de Mendon\u00e7a Neto.<\/span><\/p>\n<p style=\"text-align: justify;\"><span style=\"font-size: 14pt;\">Os membros rec\u00e9m-empossados foram saudados com entusiasmo pelo Col\u00e9gio de Procuradores. \u201c\u00c9 uma grande alegria para n\u00f3s estarmos recebendo os novos integrantes para a fam\u00edlia do Minist\u00e9rio P\u00fablico. Voc\u00eas est\u00e3o sendo recepcionados de bra\u00e7os abertos porque sabemos que est\u00e3o aqui convictos de que querem servir a sociedade, ao estado de Alagoas e ao Minist\u00e9rio P\u00fablico\u201d, declarou o subprocurador-geral administrativo institucional do MPE\/AL, procurador de justi\u00e7a M\u00e1rcio Roberto Ten\u00f3rio de Albuquerque.<\/span><\/p>\n<p style=\"text-align: justify;\"><span style=\"font-size: 14pt;\">O subprocurador-geral judicial, procurador de justi\u00e7a S\u00e9rgio Juc\u00e1, foi o segundo a dar as boas-vindas aos novos promotores. \u201cN\u00f3s somos testemunhas das tr\u00eas fases do Minist\u00e9rio P\u00fablico brasileiro. No in\u00edcio, existia a vis\u00e3o isteriotipada do promotor de justi\u00e7a fazendo acusa\u00e7\u00e3o implac\u00e1vel no tribunal do j\u00fari. Depois, com o advento da Constitui\u00e7\u00e3o Federal, a imagem passou a ser de um MP demandista, propondo a\u00e7\u00f5es e invocando a tutela jurisdicional. Mas agora \u00e9 diferente e voc\u00eas chegam na melhor fase, que \u00e9 a do Minist\u00e9rio P\u00fablico resolutivo e que busca o respeito ao ordenamento jur\u00eddico. Busquem a solu\u00e7\u00e3o dos conflitos intersubjetivos por meio do di\u00e1logo, principalmente. E nunca se esque\u00e7am que o maior direito do cidad\u00e3o n\u00e3o \u00e9 aquele que est\u00e1 gravado no texto abstrato da Constitui\u00e7\u00e3o, a exemplo da vida, da sa\u00fade, da educa\u00e7\u00e3o. Estou falando do direito de ser feliz. \u00c9 para garanti-lo que voc\u00eas devem trabalhar\u201d, argumentou Juc\u00e1.<\/span><\/p>\n<p style=\"text-align: justify;\"><span style=\"font-size: 14pt;\">\u201cTenho convic\u00e7\u00e3o da qualidade profissional de cada um de voc\u00eas e o quanto v\u00e3o servir de instrumento de transforma\u00e7\u00e3o social. Trabalhem para garantir o princ\u00edpio da dignidade humana. O Minist\u00e9rio P\u00fablico de Alagoas ganha 11 novos membros com o compromisso de servir \u00e0 sociedade\u201d, disse o corregedor-geral do MPE\/AL, procurador de justi\u00e7a Lean Ara\u00fajo.<\/span><\/p>\n<p style=\"text-align: justify;\"><span style=\"font-size: 14pt;\">\u201cNosso desejo \u00e9 que voc\u00eas trabalhem sempre para promover justi\u00e7a, onde quer que estejam, em qualquer um dos 102 munic\u00edpios alagoanos. Ser protagonista nesse processo de levar cidadania \u00e0 vida das pessoas \u00e9 uma miss\u00e3o nobre e muito bonita. Cuidem bem desse of\u00edcio\u201d, comentou o procurador Anti\u00f3genes Marques de Lira.<\/span><\/p>\n<p style=\"text-align: justify;\"><span style=\"font-size: 14pt;\">\u201cEsse momento \u00e9 realmente muito emocionante para todos n\u00f3s. Bem-vindos a uma institui\u00e7\u00e3o s\u00e9ria e respeitada por todo o estado de Alagoas. Nossa miss\u00e3o \u00e9 nobre e tenho certeza que voc\u00eas ir\u00e3o honrar a cadeira que sentar\u00e3o nos pr\u00f3ximos dias\u201d, afirmou Luiz Barbosa Carna\u00faba, presidente da Escola Superior do Minist\u00e9rio P\u00fablico.<\/span><\/p>\n<p style=\"text-align: justify;\"><span style=\"font-size: 14pt;\">\u201cQuero dizer aos ilustres promotores de justi\u00e7a dos cuidados que devemos ter com nosso trabalho e da import\u00e2ncia da independ\u00eancia e seriedade que cada um deve ter. Os senhores chegar\u00e3o \u00e0s suas comarcas s\u00f3 com tr\u00eas compromissos: com a lei, com as fam\u00edlias e com suas consci\u00eancias\u201d, discursou o decano daquele colegiado, procurador de justi\u00e7a Ant\u00f4nio Arecippo de Barros Teixeira Neto.<\/span><\/p>\n<p style=\"text-align: justify;\"><span style=\"font-size: 14pt;\">\u201cEssa \u00e9 a melhor profiss\u00e3o. Por isso, sejam humildes, tenham responsabilidade e exer\u00e7am o cargo com extremo compromisso. Sejam tamb\u00e9m humanos, iguais aos seus jurisdicionados\u201d, aconselhou o procurador de justi\u00e7a Geraldo Magela.<\/span><\/p>\n<p style=\"text-align: justify;\"><span style=\"font-size: 14pt;\">\u201c\u00c9 preciso ir al\u00e9m do conhecimento jur\u00eddico porque a necessidade do povo extrapola a esfera desses tais conhecimentos. Como agentes p\u00fablicos, estaremos aqui para servir sempre e \u00e9 importante que voc\u00eas nunca se esque\u00e7am disso. A viv\u00eancia do dia a dia mostrar\u00e1 os caminhos que dever\u00e1 ser o da legalidade e do bom atendimento ao cidad\u00e3o\u201d, orientou o procurador Walber Jos\u00e9 Valante de Lima.<\/span><\/p>\n<p style=\"text-align: justify;\"><span style=\"font-size: 14pt;\">\u201cGuardem com carinho cada conselho dado pelos colegas procuradores e, momento certo, j\u00e1 no exerc\u00edcio das fun\u00e7\u00f5es, voc\u00eas entender\u00e3o que eles valeram a pena. Agrade\u00e7am a Deus por esse presente e fa\u00e7am por merecer a fun\u00e7\u00e3o t\u00e3o importante que come\u00e7ar\u00e3o a exercer a partir de agora. Saibam que o cidad\u00e3o comum de uma cidade do interior enxerga na figura do promotor de justi\u00e7a a solu\u00e7\u00e3o para todos os problemas. Ent\u00e3o, saibam servir a essas pessoas e voc\u00eas ver\u00e3o que o resultado ser\u00e1 gratificante e lhes trar\u00e1 crescimento pessoal\u201d, afirmou a \u00fanica mulher que integra o Col\u00e9gio, procuradora de justi\u00e7a Denise Guimar\u00e3es.<\/span><\/p>\n<p style=\"text-align: justify;\"><span style=\"font-size: 14pt;\">\u201cEu quero hoje falar em emo\u00e7\u00e3o. V\u00ea-los aqui me faz lembrar de quanto tamb\u00e9m tomei posse, h\u00e1 35 anos. Sei que \u00e9 uma alegria que n\u00e3o cabe dentro da gente. J\u00e1 dizia o padre Ant\u00f4nio Vieira, em seu 66\u00ba serm\u00e3o, que a semente \u00e9 a palavra de Deus. Ent\u00e3o, sejam essas boas sementes. Os desafios vir\u00e3o, claro, mas ossos do of\u00edcio, o que n\u00e3o podemos \u00e9 arrefecer. Tenham esperan\u00e7a e a cultivem em todos os seus dias\u201d, declarou o procurador de justi\u00e7a Jos\u00e9 Artur Melo.<\/span><\/p>\n<p style=\"text-align: justify;\"><span style=\"font-size: 14pt;\">\u201cTrabalhem para exterminar o crime, a indiferen\u00e7a aos direitos sociais, a m\u00e1 gest\u00e3o, a corrup\u00e7\u00e3o. Sejam exterminadores, mas somente daquele que est\u00e1 fazendo mal \u00e0 popula\u00e7\u00e3o da cidade onde voc\u00eas v\u00e3o trabalhar. E contem com a Ampal para que lhes auxiliar naquilo que for necess\u00e1rio. Estaremos sempre \u00e0 disposi\u00e7\u00e3o\u201d, disse Fl\u00e1vio Costa, presidente da Associa\u00e7\u00e3o do Minist\u00e9rio P\u00fablico de Alagoas (Ampal).<\/span><\/p>\n<p style=\"text-align: justify;\"><span style=\"font-size: 14pt;\"><strong>Quem s\u00e3o os novos promotores de justi\u00e7a<\/strong><\/span><\/p>\n<p style=\"text-align: justify;\" align=\"justify\"><span style=\"font-size: 14pt;\">Arlen Silva Brito \u00e9 natural de Salvador (BA). Formado pela Universidade Cat\u00f3lica do Salvador, com especializa\u00e7\u00e3o em Direito do Estado, j\u00e1 exerceu a advocacia e trabalhou por tr\u00eas anos como assistente t\u00e9cnico da Procuradoria da Fazenda Nacional em Salvador. Antes de ser chamado para assumir o cargo de promotor de justi\u00e7a em Alagoas, ele estava trabalhando como analista de atividades de defesa do do consumidor e como assessor da diretoria jur\u00eddica do Procon do Distrito Federal, em Bras\u00edlia. \u201cMeu desejo de integrar o Minist\u00e9rio P\u00fablico, al\u00e9m de refletir o resultado de longos anos de dedica\u00e7\u00e3o e de estudo, representa a possibilidade concreta de reduzir o distanciamento social entre maiorias e minorias, garantindo que a cidadania seja exercida por todos, de forma plena, consciente e n\u00e3o discriminat\u00f3ria\u201d, disse ele.<\/span><\/p>\n<p style=\"text-align: justify;\" align=\"justify\"><span style=\"font-size: 14pt;\">Rodrigo Soares da Silva \u00e9 maceioense e graduado em Direito pela Universidade Federal de Alagoas (Ufal). Foi servidor efetivo do Minist\u00e9rio P\u00fablico Federal por 12 anos, exercendo a fun\u00e7\u00e3o de assessor de procurador da Rep\u00fablica e s\u00f3 deixou o cargo para se tornar promotor do MPE\/AL. \u201cMeu primeiro contato com o Minist\u00e9rio P\u00fablico foi na condi\u00e7\u00e3o de estagi\u00e1rio, tamb\u00e9m no MPF. De imediato, identifiquei-me com a atividade exercida pela institui\u00e7\u00e3o. A partir dali, n\u00e3o via outra forma de realiza\u00e7\u00e3o profissional que n\u00e3o fosse trabalhando num \u00f3rg\u00e3o ministerial. Deixo agora essa atividade para realizar o sonho de ingressar como membro do Minist\u00e9rio P\u00fablico de minha terra natal, onde moro desde que nasci. Esse papel transformador do MP, institui\u00e7\u00e3o deposit\u00e1ria de esperan\u00e7a da sociedade, \u00e9 fator motivador para o exerc\u00edcio da nova fun\u00e7\u00e3o que agora abra\u00e7o com muito amor\u201d, declarou o alagoano.<\/span><\/p>\n<p style=\"text-align: justify;\" align=\"justify\"><span style=\"font-size: 14pt;\">M\u00e1rcio Jos\u00e9 D\u00f3ria da Cunha tamb\u00e9m \u00e9 maceioense, formado em Direito pela Funda\u00e7\u00e3o Educacional Jayme de Altavilla (Fejal\/Cesmac) e especialista em Direito Processual e Direito P\u00fablico. J\u00e1 foi servidor do Departamento Estadual de Tr\u00e2nsito, onde exerceu a fun\u00e7\u00e3o de chefe de servi\u00e7o de preven\u00e7\u00e3o a fraudes em documentos e sistemas. Tamb\u00e9m foi j\u00e1 advogado e, atualmente, era analista judici\u00e1rio do Tribunal de Justi\u00e7a do Estado de Alagoas. \u201cIngresso no Minist\u00e9rio P\u00fablico motivado a lutar por justi\u00e7a e cumprir a nobre miss\u00e3o ministerial que \u00e9 a defesa da ordem jur\u00eddica, do regime democr\u00e1tico, bem como a defesa dos direitos sociais\u201d, garantiu ele.<\/span><\/p>\n<p style=\"text-align: justify;\" align=\"justify\"><span style=\"font-size: 14pt;\">O paulista Ivaldo da Silva, natural de Bauru, era capit\u00e3o do pelot\u00e3o de choque da Pol\u00edcia Militar de S\u00e3o Paulo. Tamb\u00e9m exerceu suas atividades no setor de justi\u00e7a e disciplina da PM, corpora\u00e7\u00e3o onde ficou por 20 anos. \u201cEu gosto do tribunal do j\u00fari porque \u00e9 uma \u00e1rea que nos d\u00e1 a possibilidade de ajuizar a\u00e7\u00e3o contra criminosos que enfrigem a lei. Mas gosto tamb\u00e9m do campo dos direitos difusos e coletivos. Quero trabalhar para que o poder p\u00fablico garanta mais creches, escolas, que forne\u00e7a os medicamentos que os pacientes precisam e que preserve o meio ambiente\u201d, detalhou.<\/span><\/p>\n<p style=\"text-align: justify;\" align=\"justify\"><span style=\"font-size: 14pt;\">O carioca Guilherme Diamantaras de Figueiredo \u00e9 formado pela Universidade Federal do Estado do Rio de Janeiro e p\u00f3s-graduado em Processo Penal. Antes de se tornar promotor, ele era analista judici\u00e1rio da Justi\u00e7a Federal em Alagoas. \u201cAlcan\u00e7ar o cargo de promotor de justi\u00e7a foi um objetivo tra\u00e7ado em minha vida desde a faculdade, por in\u00fameros motivos de ordem pessoal e moral. Ingresso nos quadros do Minist\u00e9rio P\u00fablico do Estado de Alagoas com a consci\u00eancia da import\u00e2ncia de tal miss\u00e3o diante da sociedade, notadamente para servir a popula\u00e7\u00e3o carente que, n\u00e3o raras vezes, sofre graves viola\u00e7\u00f5es aos seus direitos fundamentais. Torno-me promotor motivado a doar toda minha for\u00e7a de trabalho para defender os interesses do povo, assegurando-lhe o respeito aos seus direitos sociais e individuais indispon\u00edveis, como bem estabelece a Constitui\u00e7\u00e3o Federal. Tamb\u00e9m assumo o compromisso de trabalhar pela moralidade na administra\u00e7\u00e3o p\u00fablica\u201d, explicou o novo promotor.<\/span><\/p>\n<p style=\"text-align: justify;\" align=\"justify\"><span style=\"font-size: 14pt;\">Luiz Alberto de Holanda Paes \u00e9 mais um promotor nascido em Macei\u00f3 e formado pela Ufal. Seu primeiro cargo p\u00fablico foi no pr\u00f3prio Minist\u00e9rio P\u00fablico Estadual de Alagoas, como analista judici\u00e1rio. \u201cFoi uma passagem r\u00e1pida de apenas quatro meses em 2012, mas de grande aprendizado. Em janeiro de 2013 fui nomeado para a fun\u00e7\u00e3o de procurador do estado de S\u00e3o Paulo, onde estava trabalhando at\u00e9 ser convocado. \u00c9 com muita felicidade que retorno a minha Alagoas para exercer o cargo de promotor de justi\u00e7a e ter a oportunidade de ser um instrumento de transforma\u00e7\u00e3o social. Motiva\u00e7\u00e3o e comprometimento n\u00e3o faltar\u00e3o para que eu possa retribuir \u00e0 sociedade alagoana tudo que pude aprender na universidade e nas experi\u00eancias profissionais\u201d, comentou Paes.<\/span><\/p>\n<p style=\"text-align: justify;\" align=\"justify\"><span style=\"font-size: 14pt;\">A tamb\u00e9m alagoana Louise Maria Teixeira da Silva \u00e9 formada pela Funda\u00e7\u00e3o Educacional Jayme de Altavilla (Fejal\/Cesmac). H\u00e1 oito anos e meio estava no cargo de defensora p\u00fablica do estado de Pernambuco. \u201cSinto-me honrada com a chegada desse momento t\u00e3o ansiado. Uma nova miss\u00e3o a mim est\u00e1 sendo confiada e, tenham todos certeza, com dedica\u00e7\u00e3o, afinco e presteza eu vou desempenh\u00e1-la, sob a prote\u00e7\u00e3o de Deus e em prol do bem comum&#8221;, garantiu a maceioense.<\/span><\/p>\n<p style=\"text-align: justify;\" align=\"justify\"><span style=\"font-size: 14pt;\">R\u00f4mulo de Souto Crasto Leite \u00e9 natural de Recife e graduado pela Universidade Federal de Pernambuco. At\u00e9 ent\u00e3o, exercia o cargo de juiz do Tribunal de Justi\u00e7a da Para\u00edba. \u201c\u00c9 a realiza\u00e7\u00e3o de um sonho ser promotor de justi\u00e7a. Sempre almejei defender a sociedade e os direitos coletivos e difusos. O Minist\u00e9rio P\u00fablico \u00e9 essencial para salvaguardar o estado democr\u00e1tico de direito, assegurando a fiscaliza\u00e7\u00e3o do cumprimento das leis e da Carta Magna. Estou muito feliz, quero promover justi\u00e7a o quanto antes\u201d, comemorou o pernambucano.<\/span><\/p>\n<p style=\"text-align: justify;\" align=\"justify\"><span style=\"font-size: 14pt;\">Natural de Gua\u00edra, em S\u00e3o Paulo, Paulo Henrique Carvalho Prado \u00e9 formado pela Universidade Presbiteriana Mackenzie de S\u00e3o Paulo e especialista em Processo Civil. J\u00e1 foi tenente do Ex\u00e9rcito, assessor jur\u00eddico do Minist\u00e9rio da Defesa, assessor jur\u00eddico para assuntos regulat\u00f3rios e institucionais da Gol linhas a\u00e9reas e assessor jur\u00eddico contencioso e institucional do Grupo S\u00e3o Francisco Sistema de Sa\u00fade. \u201cA Constitui\u00e7\u00e3o de 1988 deu ao Minist\u00e9rio P\u00fablico prerrogativas e obriga\u00e7\u00f5es que o transformou em um \u00f3rg\u00e3o de relev\u00e2ncia \u00edmpar na consolida\u00e7\u00e3o das garantias dos direitos individuais e coletivos, base incontest\u00e1vel do estado democr\u00e1tico de direito. E esse cen\u00e1rio constitucional \u00e9 extremamente motivacional para quem acredita em um Minist\u00e9rio P\u00fablico como agente de modifica\u00e7\u00e3o social, assim como eu. Foi isso que me motivou e deu for\u00e7as para, tamb\u00e9m, aguentar anos e anos de estudos e as consequentes priva\u00e7\u00f5es sociais. Hoje posso dizer que parte do meu sonho est\u00e1 realizada, pois sua plenitude apenas vir\u00e1 com o efetivo exerc\u00edcio desse sacerd\u00f3cio que \u00e9 ser promotor de justi\u00e7a e poder, juntamente com a institui\u00e7\u00e3o e os colegas, capilarizar a efetiva\u00e7\u00e3o dos direitos sociais neste j\u00e1 muito amado estado de Alagoas\u201d, disse o paulista.<\/span><\/p>\n<p style=\"text-align: justify;\" align=\"justify\"><span style=\"font-size: 14pt;\">F\u00e1bio Bastos Nunes \u00e9 mais um novo promotor baiano, cuja forma\u00e7\u00e3o se deu na Faculdade Maur\u00edcio de Nassau, em Salvador. \u201cEu adotei Alagoas como meu estado do cora\u00e7\u00e3o j\u00e1 h\u00e1 algum tempo. Mas, antes de ser chamado para assumir o cargo de promotor de justi\u00e7a, estava exercendo a advocacia e sempre aguardando com entusiasmo o sonho de me tornar membro do Minist\u00e9rio P\u00fablico alagoano. Foi por isso que, quando recebi a liga\u00e7\u00e3o do procurador-geral de justi\u00e7a, uma imensur\u00e1vel alegria e satisfa\u00e7\u00e3o vibraram em meu cora\u00e7\u00e3o. Chegou a hora de exercer com honradez a relevante miss\u00e3o ministerial, trabalhando em prol de uma sociedade mais justa, igual e solid\u00e1ria, sempre visando aos interesses do povo. Promover justi\u00e7a, esse ser\u00e1 o meu principal papel\u201d, assegurou ele.<\/span><\/p>\n<p style=\"text-align: justify;\" align=\"justify\"><span style=\"font-size: 14pt;\">Rodrigo Ferreira Lavor Rodrigues da Cruz, natural de Concei\u00e7\u00e3o, interior paraibano, \u00e9 graduado pela Universidade Federal da Para\u00edba. E foi no estado do Rio Grande do Norte, na cidade de Boa Sa\u00fade, que ele ocupou o cargo de tabeli\u00e3o e registrador de im\u00f3veis. \u201cO dia da minha posse como promotor de justi\u00e7a ser\u00e1 a data mais importante da minha vida. Alcancei essa fun\u00e7\u00e3o que sempre sonhei desde a inf\u00e2ncia porque tenho a convic\u00e7\u00e3o de que serei instrumento para melhorar a vida do povo do estado das Alagoas\u201d, garantiu o novo promotor.<\/span><\/p>\n<p style=\"text-align: justify;\" align=\"justify\"><span style=\"font-size: 14pt;\"><strong>Curso de forma\u00e7\u00e3o<\/strong><\/span><\/p>\n<p style=\"text-align: justify;\"><span style=\"font-size: 14pt;\">Ap\u00f3s a solenidade de posse, os 11 promotores recentemente chegados ao MPE\/AL j\u00e1 come\u00e7aram o curso de forma\u00e7\u00e3o, uma iniciativa da Escola Superior do Minist\u00e9rio P\u00fablico do Estado de Alagoas (ESMPAL). O treinamento est\u00e1 acontecendo na nova sede do Centro de Apoio Operacional \u00e0s Promotorias de Justi\u00e7a de Alagoas (CAOP), no bairro do Farol.<\/span><\/p>\n","protected":false},"excerpt":{"rendered":"<p> [&hellip;]<\/p>\n","protected":false},"author":4,"featured_media":16978,"comment_status":"closed","ping_status":"closed","sticky":false,"template":"","format":"standard","meta":{"om_disable_all_campaigns":false,"_monsterinsights_skip_tracking":false,"_monsterinsights_sitenote_active":false,"_monsterinsights_sitenote_note":"","_monsterinsights_sitenote_category":0,"_uf_show_specific_survey":0,"_uf_disable_surveys":false,"footnotes":""},"categories":[18,2],"tags":[],"class_list":["post-16977","post","type-post","status-publish","format-standard","has-post-thumbnail","hentry","category-not_concursos","category-not_mpal"],"aioseo_notices":[],"_links":{"self":[{"href":"https:\/\/www.mpal.mp.br\/index.php?rest_route=\/wp\/v2\/posts\/16977","targetHints":{"allow":["GET"]}}],"collection":[{"href":"https:\/\/www.mpal.mp.br\/index.php?rest_route=\/wp\/v2\/posts"}],"about":[{"href":"https:\/\/www.mpal.mp.br\/index.php?rest_route=\/wp\/v2\/types\/post"}],"author":[{"embeddable":true,"href":"https:\/\/www.mpal.mp.br\/index.php?rest_route=\/wp\/v2\/users\/4"}],"replies":[{"embeddable":true,"href":"https:\/\/www.mpal.mp.br\/index.php?rest_route=%2Fwp%2Fv2%2Fcomments&post=16977"}],"version-history":[{"count":1,"href":"https:\/\/www.mpal.mp.br\/index.php?rest_route=\/wp\/v2\/posts\/16977\/revisions"}],"predecessor-version":[{"id":16979,"href":"https:\/\/www.mpal.mp.br\/index.php?rest_route=\/wp\/v2\/posts\/16977\/revisions\/16979"}],"wp:featuredmedia":[{"embeddable":true,"href":"https:\/\/www.mpal.mp.br\/index.php?rest_route=\/wp\/v2\/media\/16978"}],"wp:attachment":[{"href":"https:\/\/www.mpal.mp.br\/index.php?rest_route=%2Fwp%2Fv2%2Fmedia&parent=16977"}],"wp:term":[{"taxonomy":"category","embeddable":true,"href":"https:\/\/www.mpal.mp.br\/index.php?rest_route=%2Fwp%2Fv2%2Fcategories&post=16977"},{"taxonomy":"post_tag","embeddable":true,"href":"https:\/\/www.mpal.mp.br\/index.php?rest_route=%2Fwp%2Fv2%2Ftags&post=16977"}],"curies":[{"name":"wp","href":"https:\/\/api.w.org\/{rel}","templated":true}]}}