{"id":16893,"date":"2017-11-14T09:42:28","date_gmt":"2017-11-14T11:42:28","guid":{"rendered":"https:\/\/www.mpal.mp.br\/?p=16893"},"modified":"2024-08-06T13:51:08","modified_gmt":"2024-08-06T16:51:08","slug":"novos-promotores-de-justica-sao-empossados-e-prometem-atuacao-na-defesa-da-cidadania-e-contra-as-desigualdades-sociais","status":"publish","type":"post","link":"https:\/\/www.mpal.mp.br\/?p=16893","title":{"rendered":"Novos promotores de justi\u00e7a s\u00e3o empossados e prometem atua\u00e7\u00e3o na defesa da cidadania e contra as desigualdades sociais"},"content":{"rendered":"<p style=\"text-align: justify;\"><span style=\"font-size: 14pt;\">Presidindo a sess\u00e3o solene do Col\u00e9gio de Procuradores do Minist\u00e9rio P\u00fablico, o procurador-geral de justi\u00e7a\u00a0de Alagoas, Alfredo Gaspar de Mendon\u00e7a Neto, deu posse, nesta ter\u00e7a-feira (14), a 11 novos membros da institui\u00e7\u00e3o. Durante a solenidade, os promotores de justi\u00e7a prometeram combater atos de improbidade administrativa, a pr\u00e1tica da corrup\u00e7\u00e3o e defenderam o exerc\u00edcio da cidadania e o di\u00e1logo entre as institui\u00e7\u00f5es como os melhores caminhos contra a desigualdade e a injusti\u00e7a social.<\/span><\/p>\n<p style=\"text-align: justify;\"><span style=\"font-size: 14pt;\">Os novos membros\u00a0 foram recepcionados pelo procurador-geral, Alfredo Gaspar de Mendon\u00e7a Neto e pelos procuradores Luiz Barbosa Carna\u00faba, Dilmar Lopes Camerino, M\u00e1rcio Roberto Ten\u00f3rio de Albuquerque, S\u00e9rgio juc\u00e1, Walber Jos\u00e9 Valente de Lima, Jos\u00e9 Artur Melo, Lean Ant\u00f4nio Ferreira de Ara\u00fajo e Luiz Medeiros. Tamb\u00e9m compuseram a mesa de honra, o presidente da Associa\u00e7\u00e3o do Minist\u00e9rio P\u00fablico de Alagoas (Ampal), promotor Fl\u00e1vio Gomes; o secret\u00e1rio de estado do Gabinete Civil, F\u00e1bio Farias; o presidente da Associa\u00e7\u00e3o dos Munic\u00edpios de Alagoas (AMA), Hugo Wanderley; e o conselheiro do Tribunal de Contas de Alagoas, Ot\u00e1vio Lessa.<\/span><\/p>\n<p style=\"text-align: justify;\"><span style=\"font-size: 14pt;\">Por ordem de classifica\u00e7\u00e3o, foram empossados Arlen Silva Bitro (16\u00aa colocado), Rodrigo Soares da Silva (31\u00ba colocado), M\u00e1rcio Jos\u00e9 D\u00f3ria da Cunha (2\u00ba colocado para vaga de pessoa com defici\u00eancia), Ivaldo da Silva (32\u00ba colocado), Guilherme Diamantaras de Figueredo (34\u00ba colocado), Luiz Alberto de Holanda Paes Pinto (38\u00aa colocado), Louise Maria Teixeira da Silva (39\u00ba colocada), R\u00f4mulo de Souto Crasto Leite (41\u00aa colocado), Paulo Henrique Carvalho Prado (42\u00ba colocado), F\u00e1bio Bastos Nunes (44\u00aa colocado) e Rodrigo Ferreira Lavor Rodrigues da Cruz (48\u00ba colocado). Eles ir\u00e3o trabalhar nas Promotorias de Justi\u00e7a de Batalha, Traipu, Taquarana, Cacimbinhas, Feira Grande, Maravilha, Olho d\u2019\u00c1gua das Flores, \u00c1gua Branca, Piranhas, Mata Grande e Limoeiro de Anadia, respectivamente.<\/span><\/p>\n<p style=\"text-align: justify;\"><span style=\"font-size: 14pt;\"><strong>Minist\u00e9rio P\u00fablico como protagonista<\/strong><\/span><\/p>\n<p style=\"text-align: justify;\"><span style=\"font-size: 14pt;\">Arlen Silva Bitro foi o orador e, com um discurso firme e objetivo, falou em nome dos outros 10 colegas. \u201cNeste dia, 11 diferentes hist\u00f3rias de vida passam a compor a trajet\u00f3ria deste Minist\u00e9rio P\u00fablico. E, tenho certeza, que \u00e9 com sentimento de uni\u00e3o que estaremos no dia a dia do sert\u00e3o alagoano. Chegaremos nessas cidades com os sentimentos de honra, servid\u00e3o, determina\u00e7\u00e3o, firmeza e respeito a carreira que integramos\u201d, disse.<\/span><\/p>\n<p style=\"text-align: justify;\"><span style=\"font-size: 14pt;\">O novo promotor ressaltou a necessidade de se reconstruir conceitos em busca de justi\u00e7a para todos e reafirmou a import\u00e2ncia do Minist\u00e9rio P\u00fablico como um canal para a constru\u00e7\u00e3o de uma sociedade mais igualit\u00e1ria e inclusiva.<\/span><\/p>\n<p style=\"text-align: justify;\"><span style=\"font-size: 14pt;\">\u201cA promo\u00e7\u00e3o da justi\u00e7a n\u00e3o se define, se vive. Passamos por um momento de reconstru\u00e7\u00e3o, de readapta\u00e7\u00e3o. E estas mudan\u00e7as s\u00e3o feitas em anos, d\u00e9cadas ou s\u00e9culos. As lutas pelos direitos das mulheres, igualdade racial, liberdade sexual, pela nordestinidade. A luta contra a corrup\u00e7\u00e3o e pelo famoso jeitinho brasileiro. S\u00e3o todas batalhas que n\u00e3o s\u00e3o apenas de uma gera\u00e7\u00e3o. E o Minist\u00e9rio P\u00fablico, que \u00e9 um protagonista da transforma\u00e7\u00e3o social, tamb\u00e9m passa por uma fase de transi\u00e7\u00e3o. Aquele \u00f3rg\u00e3o acusador, restrito a esfera processual, principalmente a criminal, com den\u00fancias e juris implac\u00e1veis j\u00e1 n\u00e3o \u00e9 mais suficiente. O Minist\u00e9rio P\u00fablico \u00e9 capaz de atuar como uma longa m\u00e3o do estado, fiscalizando e concretizando projetos de pol\u00edticas p\u00fablicas dentro das comunidades, de forma planejada, pr\u00e9via e estrat\u00e9gicas. Velando sempre pelos direitos fundamentais e pela paz sociais\u201d, disse.<\/span><\/p>\n<p style=\"text-align: justify;\"><span style=\"font-size: 14pt;\">O rec\u00e9m-empossado promotor de justi\u00e7a ainda destacou: \u201cN\u00f3s promotores de justi\u00e7a, n\u00e3o governamos, n\u00e3o julgamos e n\u00e3o legislamos. Mas somos elementos fundamentais para o equil\u00edbrio institucional entre os poderes executivo, judici\u00e1rio e legislativo estamos aqui, n\u00e3o s\u00f3 para apontar o erro, n\u00e3o s\u00f3 para prevenir e reprimir os il\u00edcitos. Estamos aqui para somar, para multiplicar for\u00e7a. E necessitamos resgatar a nossa capacidade de di\u00e1logos, na resolu\u00e7\u00e3o dos nossos conflitos recuperando o sentimento de uni\u00e3o, de patriotismos e cidadania\u201d<\/span><\/p>\n<p style=\"text-align: justify;\"><span style=\"font-size: 14pt;\">Ele ainda agradeceu a Associa\u00e7\u00e3o do Minist\u00e9rio P\u00fablico de Alagoas pela recep\u00e7\u00e3o aos novos promotores de justi\u00e7a. \u201cGostar\u00edamos de agradecer, tamb\u00e9m, a Ampal pela forma que nos recebeu. Pois j\u00e1 nos sentimos acolhidos, seguros e respeitados. Sim, j\u00e1 nos sentimos promotores e justi\u00e7a de e assumimos o compromisso de servir e defender a sociedade\u201d.<\/span><\/p>\n<p style=\"text-align: justify;\"><span style=\"font-size: 14pt;\"><strong>Boas-vindas<\/strong><\/span><\/p>\n<p style=\"text-align: justify;\"><span style=\"font-size: 14pt;\">Em nome da Associa\u00e7\u00e3o do Minist\u00e9rio P\u00fablico de Alagoas (Ampal), o presidente da entidade, promotor Fl\u00e1vio Gomes, deu as boas-vindas aos novos procuradores de justi\u00e7a. Ele lembrou que \u00e9 preciso olhar atentamente aos que procuram a institui\u00e7\u00e3o ministerial e fazer da busca pela justi\u00e7a uma rotina. \u201cPara voc\u00ea fazer a diferen\u00e7a na vida das pessoas. N\u00e3o precisa ser bonito, ser rico, ser inteligente o extraordin\u00e1rio. \u00c9 precisos e importar com o pr\u00f3ximo. \u00c9 este o meu conselho, se importem para combater a corrup\u00e7\u00e3o, guerrear contra o preconceito e lutar a favor dos descamisados. \u00c9 preciso se importar com os mais sofridos. Ser\u00e1 este sentimento que far\u00e1 os senhores a fazer a diferen\u00e7a na vida da cidade onde os senhores atuar\u00e3o. Lembrem sempre, que \u00e9 preciso lutar e que a institui\u00e7\u00e3o, que agora voc\u00eas fazem partem, tem em seu nome a quem serve. Afinal, fazemos parte do Minist\u00e9rio P\u00fablico\u201d, afirmou.<\/span><\/p>\n<p style=\"text-align: justify;\"><span style=\"font-size: 14pt;\">O corregedor-geral do MPE\/AL, procurador de justi\u00e7a Lean Ara\u00fajo, foi quem homenageou os novos promotores na sequ\u00eancia e falou sobre comprometimento e bem-estar social. &#8220;Estamos trazendo para o Minist\u00e9rio P\u00fablico novos integrantes com uma vis\u00e3o muito mais concreta de como necessariamente o Estado brasileiro evoluiu no cen\u00e1rio da busca pela cidadania. E, como j\u00e1 foi dito aqui, ela n\u00e3o foi alcan\u00e7ada amplamente pela gera\u00e7\u00e3o anterior, mas poder\u00e1 come\u00e7ar a ser concretizada por essa que ora chega. \u00c9 um instrumento que deve ser colocado como meta. Nosso desejo \u00e9 para que esses jovens que chegam deem continuidade a esse processo construtivo e ajudem o Minist\u00e9rio P\u00fablico a propagar direitos humanos e direitos fundamentais. Saio daqui esperan\u00e7oso com os discursos que ouvi, pois observo que os colegas rec\u00e9m-chegados est\u00e3o vindo cheios de comprometimento\u201d, declarou ele.<\/span><\/p>\n<p style=\"text-align: justify;\"><span style=\"font-size: 14pt;\"><strong>Novas conquistas<\/strong><\/span><\/p>\n<p style=\"text-align: justify;\"><span style=\"font-size: 14pt;\">O procurador-geral de justi\u00e7a, Alfredo Gaspar de Mendon\u00e7a Neto, encerrou os discursos da solenidade. \u201cO Minist\u00e9rio P\u00fablico passou mais de 15 anos sem fazer concurso e h\u00e1 quatro longos anos Alagoas esperava por esse momento. \u00c9 uma imensa alegria poder chamar pessoas decentes e preparadas para dar o melhor de si nos cantos mais sofridos do estado, que s\u00e3o o Agreste e o Sert\u00e3o. Os novos promotores de justi\u00e7a v\u00e3o ocupar promotorias que estavam h\u00e1 mais de 10 anos sem uma titularidade e isso significa dizer que vamos dar cidadania plena aos alagoanos que residem nesses munic\u00edpios. E aproveito esta oportunidade, inclusive, para agradecer ao governador do estado que foi sens\u00edvel ao nosso pleito e concedeu ao MP um reajuste no duod\u00e9cimo que nos permitiu convocar 11 novos membros\u201d, declarou o chefe do MPE\/AL.<\/span><\/p>\n<p style=\"text-align: justify;\"><span style=\"font-size: 14pt;\">\u201cA defasagem continua, s\u00e3o cerca de 30 promotorias vagas que ainda existem. E temos mais de 70 aprovados no concurso que vai expirar em abril do pr\u00f3ximo ano, que tamb\u00e9m est\u00e3o esperando por esse mesmo momento. Alimentamos o sonho de convoc\u00e1-los em 2018 porque, cada homem e cada mulher que vier se entrincheirar na fileira da cidadania do nosso Minist\u00e9rio P\u00fablico, chegar\u00e1 para somente ajudar a planificar a estrada do desenvolvimento de Alagoas, ao lado dos Poderes Executivo, Legislativo e Judici\u00e1rio. Ser\u00e3o promotores que integrar\u00e3o os quadros da institui\u00e7\u00e3o para dar novas oportunidades ao povo sofrido de Alagoas e distribuir a justi\u00e7a social\u201d, acrescentou.<\/span><\/p>\n<p style=\"text-align: justify;\"><span style=\"font-size: 14pt;\">Alfredo Gaspar de Mendon\u00e7a Neto finalizou seu discurso pregando a humildade entre seus novos colegas de Minist\u00e9rio P\u00fablico. \u201cTrabalhem todos os dias com o desejo de promover o bem comum e sejam humildes no exerc\u00edcio do cargo de promotor. Exer\u00e7am suas atribui\u00e7\u00f5es de portas abertas para o cidad\u00e3o do interior. E mais, saiam dos gabinetes e v\u00e3o ao encontro do povo, que precisa tanto resgatar a autoestima. Voc\u00eas representar\u00e3o uma institui\u00e7\u00e3o que n\u00e3o tem dinheiro e nem estar\u00e1 encrustada num pal\u00e1cio, mas que tem honra e cada de um sai daqui com a obriga\u00e7\u00e3o de continuar construindo essa hist\u00f3ria bonita. E nunca se esque\u00e7am que o dono do Minist\u00e9rio P\u00fablico \u00e9 o povo, que deseja que saiamos de casa para buscar meios para fomentar a cidadania plena. Sejam muito felizes em suas promotorias de justi\u00e7a em Alagoas\u201d, concluiu.<\/span><\/p>\n<p style=\"text-align: justify;\"><span style=\"font-size: 14pt;\">Texto: Jana\u00edna Ribeiro, Jo\u00e3o Dionisio e Dulce Melo.<\/span><\/p>\n<p style=\"text-align: justify;\"><span style=\"font-size: 14pt;\">Fotos: Anderson Macena e Claudemir Mota<\/span><\/p>\n","protected":false},"excerpt":{"rendered":"<p> [&hellip;]<\/p>\n","protected":false},"author":4,"featured_media":16896,"comment_status":"closed","ping_status":"closed","sticky":false,"template":"","format":"standard","meta":{"om_disable_all_campaigns":false,"_monsterinsights_skip_tracking":false,"_monsterinsights_sitenote_active":false,"_monsterinsights_sitenote_note":"","_monsterinsights_sitenote_category":0,"_uf_show_specific_survey":0,"_uf_disable_surveys":false,"footnotes":""},"categories":[18,2],"tags":[],"class_list":["post-16893","post","type-post","status-publish","format-standard","has-post-thumbnail","hentry","category-not_concursos","category-not_mpal"],"aioseo_notices":[],"_links":{"self":[{"href":"https:\/\/www.mpal.mp.br\/index.php?rest_route=\/wp\/v2\/posts\/16893","targetHints":{"allow":["GET"]}}],"collection":[{"href":"https:\/\/www.mpal.mp.br\/index.php?rest_route=\/wp\/v2\/posts"}],"about":[{"href":"https:\/\/www.mpal.mp.br\/index.php?rest_route=\/wp\/v2\/types\/post"}],"author":[{"embeddable":true,"href":"https:\/\/www.mpal.mp.br\/index.php?rest_route=\/wp\/v2\/users\/4"}],"replies":[{"embeddable":true,"href":"https:\/\/www.mpal.mp.br\/index.php?rest_route=%2Fwp%2Fv2%2Fcomments&post=16893"}],"version-history":[{"count":2,"href":"https:\/\/www.mpal.mp.br\/index.php?rest_route=\/wp\/v2\/posts\/16893\/revisions"}],"predecessor-version":[{"id":16899,"href":"https:\/\/www.mpal.mp.br\/index.php?rest_route=\/wp\/v2\/posts\/16893\/revisions\/16899"}],"wp:featuredmedia":[{"embeddable":true,"href":"https:\/\/www.mpal.mp.br\/index.php?rest_route=\/wp\/v2\/media\/16896"}],"wp:attachment":[{"href":"https:\/\/www.mpal.mp.br\/index.php?rest_route=%2Fwp%2Fv2%2Fmedia&parent=16893"}],"wp:term":[{"taxonomy":"category","embeddable":true,"href":"https:\/\/www.mpal.mp.br\/index.php?rest_route=%2Fwp%2Fv2%2Fcategories&post=16893"},{"taxonomy":"post_tag","embeddable":true,"href":"https:\/\/www.mpal.mp.br\/index.php?rest_route=%2Fwp%2Fv2%2Ftags&post=16893"}],"curies":[{"name":"wp","href":"https:\/\/api.w.org\/{rel}","templated":true}]}}