{"id":1587,"date":"2022-02-17T13:34:06","date_gmt":"2022-02-17T16:34:06","guid":{"rendered":"https:\/\/www.mpal.mp.br\/?p=1587"},"modified":"2022-03-07T14:17:04","modified_gmt":"2022-03-07T17:17:04","slug":"estagiarios-esmpal-no-01-2022","status":"publish","type":"post","link":"https:\/\/www.mpal.mp.br\/?p=1587","title":{"rendered":"Diversas \u00e1reas &#8211; Capital e Interior &#8211; Ano 2022"},"content":{"rendered":"<div class=\"fusion-fullwidth fullwidth-box fusion-builder-row-1 nonhundred-percent-fullwidth non-hundred-percent-height-scrolling\"  style='background-color: #ffffff;background-position: center center;background-repeat: no-repeat;padding-top:0px;padding-right:0px;padding-bottom:0px;padding-left:0px;'><div class=\"fusion-builder-row fusion-row \"><div  class=\"fusion-layout-column fusion_builder_column fusion_builder_column_1_1 fusion-builder-column-1 fusion-one-full fusion-column-first fusion-column-last 1_1\"  style='margin-top:0px;margin-bottom:20px;'>\n\t\t\t\t\t<div class=\"fusion-column-wrapper\" style=\"padding: 0px 0px 0px 0px;background-position:left top;background-repeat:no-repeat;-webkit-background-size:cover;-moz-background-size:cover;-o-background-size:cover;background-size:cover;\"   data-bg-url=\"\">\n\t\t\t\t\t\t<div class=\"fusion-text\"><p style=\"text-align: justify;\" data-raofz=\"14\"><span style=\"font-size: 14pt;\" data-raofz=\"13\">PROCESSO SELETIVO P\u00daBLICO PARA PROVIMENTO DE VAGAS E FORMA\u00c7\u00c3O DE QUADRO DE RESERVA DE ESTAGI\u00c1RIOS DE DIVERSAS \u00c1REAS DO MINIST\u00c9RIO P\u00daBLICO DO ESTADO DE ALAGOAS EM DIVERSOS MUNIC\u00cdPIOS.<\/span><\/p>\n<p style=\"text-align: justify;\" data-raofz=\"14\"><span style=\"font-size: 14pt;\" data-raofz=\"13\">O PROCURADOR-GERAL DE JUSTI\u00c7A DO ESTADO DE ALAGOAS, no uso de suas atribui\u00e7\u00f5es legais, especialmente as que lhe s\u00e3o conferidas pelo inciso V, do art. 9\u00ba, da Lei Complementar Estadual n\u00ba 15, de 22 de novembro de 1996, RESOLVE: Abrir Processo Seletivo P\u00fablico para preenchimento de vagas e cadastro de reserva do quadro de estagi\u00e1rios de diversas \u00e1reas do Programa de Est\u00e1gio do Minist\u00e9rio P\u00fablico do Estado de Alagoas em diversos munic\u00edpios.<\/span><\/p>\n<p style=\"text-align: justify;\" data-raofz=\"14\"><span style=\"font-size: 18pt;\"><strong>Detalhamento:<\/strong><\/span><\/p>\n<\/div><ul class=\"fusion-checklist fusion-checklist-1\" style=\"font-size:14px;line-height:23.8px;\"><li class=\"fusion-li-item\"><span style=\"height:23.8px;width:23.8px;margin-right:9.8px;\" class=\"icon-wrapper circle-no\"><i class=\"fusion-li-icon fa fa-check\" style=\"color:#ffffff;\"><\/i><\/span><div class=\"fusion-li-item-content\" style=\"margin-left:33.6px;\">\n<ul>\n<li><strong>Publica\u00e7\u00e3o do Edital<\/strong> 18\/02\/2022<\/li>\n<li><strong>Interposi\u00e7\u00e3o de recurso perante o Edital<\/strong> 21\/02\/2022<\/li>\n<li><strong>An\u00e1lise dos recursos perante o edital<\/strong> 22 a 23\/02\/2022<\/li>\n<li><strong>Edital Oficial<\/strong> 24\/02\/2022<\/li>\n<li><strong>Per\u00edodo de inscri\u00e7\u00e3o<\/strong> 24\/02\/2022 a 04\/03\/2022<\/li>\n<li><strong>An\u00e1lise dos documentos<\/strong> 07\/03\/2022 a 25\/04\/2022<\/li>\n<li><strong>Resultado Preliminar da Lista de Classifica\u00e7\u00e3o<\/strong> 26\/04\/2022<\/li>\n<li><strong>Interposi\u00e7\u00e3o de recursos perante a Lista de Classifica\u00e7\u00e3o Preliminar<\/strong> 27 a 28\/04\/2021<\/li>\n<li><strong>An\u00e1lise dos recursos perante a Lista de Classifica\u00e7\u00e3o Preliminar<\/strong> 29\/04\/2022 a 06\/05\/2022<\/li>\n<li><strong>Lista de Classifica\u00e7\u00e3o Definitiva<\/strong> 09\/05\/2022<\/li>\n<li><strong>Convoca\u00e7\u00e3o para banca de heteroidentifica\u00e7\u00e3o<\/strong> 10\/05\/2022<\/li>\n<li><strong>Entrevistas e An\u00e1lise de Cotas<\/strong> 16\/05\/2022 a 31\/05\/2022<\/li>\n<li><strong>Resultado preliminar da An\u00e1lise de Cotas<\/strong> 03\/06\/2022<\/li>\n<li><strong>Interposi\u00e7\u00e3o de recursos perante a An\u00e1lise de Cotas<\/strong> 06 e 07\/06\/2022<\/li>\n<li><strong>An\u00e1lise de recursos perante Resultado da An\u00e1lise de Cotas<\/strong> 08 a 14\/06\/2022<\/li>\n<li><strong>Resultado Final da An\u00e1lise de Cotas<\/strong> 15\/06\/2022<\/li>\n<li><strong>Resultado Final da Lista de Classifica\u00e7\u00e3o<\/strong> 15\/06\/2022<\/li>\n<li><strong>Homologa\u00e7\u00e3o do Processo Seletivo Estimado em at\u00e9<\/strong> 15\/07\/2022<\/li>\n<\/ul>\n<\/div><\/li><\/ul><div class=\"fusion-sep-clear\"><\/div><div class=\"fusion-separator fusion-full-width-sep sep-none\" style=\"margin-left: auto;margin-right: auto;margin-top:10px;\"><\/div><style type=\"text\/css\"><\/style><div class=\"fusion-title title fusion-title-1 fusion-title-text fusion-title-size-three\" style=\"margin-top:40px;margin-bottom:31px;\"><h3 class=\"title-heading-left\" style=\"margin:0;color:#ffffff;\"><strong><span style=\"font-size: 14pt; color: #003866;\">Cadastro para Sele\u00e7\u00e3o<\/span><\/strong><\/h3><div class=\"title-sep-container\"><div class=\"title-sep sep-double sep-solid\" style=\"border-color:#003866;\"><\/div><\/div><\/div><div class=\"fusion-text\"><p><span style=\"font-size: 14pt;\"><i class=\"fontawesome-icon fa-link fas circle-no\" style=\"font-size:18px;margin-right:9px;color:#003866;\"><\/i><a href=\"https:\/\/sistemas.mpal.mp.br\/formularios\/index.php\/991888?lang=pt-BR\" target=\"_blank\" rel=\"noopener\">FORMUL\u00c1RIO DE INSCRI\u00c7\u00c3O &#8211; CLIQUE AQUI <\/a><\/span><\/p>\n<\/div><style type=\"text\/css\"><\/style><div class=\"fusion-title title fusion-title-2 fusion-title-text fusion-title-size-three\" style=\"margin-top:40px;margin-bottom:31px;\"><h3 class=\"title-heading-left\" style=\"margin:0;color:#ffffff;\"><strong><span style=\"font-size: 14pt; color: #003866;\">Anexos<\/span><\/strong><\/h3><div class=\"title-sep-container\"><div class=\"title-sep sep-double sep-solid\" style=\"border-color:#003866;\"><\/div><\/div><\/div><div class=\"fusion-text\"><p><span style=\"font-size: 14pt;\"><i class=\"fontawesome-icon fa-file-pdf fas circle-no\" style=\"font-size:18px;margin-right:9px;color:#003866;\"><\/i><a href=\"https:\/\/www.mpal.mp.br\/wp-content\/uploads\/2022\/02\/EDITAL_ESTAGIARIOS_1a-Promotoria-2.pdf\" target=\"_blank\" rel=\"noopener\">Edital de Abertura<\/a><\/span><\/p>\n<\/div><style type=\"text\/css\"><\/style><div class=\"fusion-title title fusion-title-3 fusion-title-text fusion-title-size-three\" style=\"margin-top:40px;margin-bottom:31px;\"><h3 class=\"title-heading-left\" style=\"margin:0;color:#ffffff;\"><strong><span style=\"font-size: 14pt; color: #003866;\">Outros Est\u00e1gios<\/span><\/strong><\/h3><div class=\"title-sep-container\"><div class=\"title-sep sep-double sep-solid\" style=\"border-color:#003866;\"><\/div><\/div><\/div><div class=\"fusion-recent-posts fusion-recent-posts-1 avada-container layout-default layout-columns-1\"><section class=\"fusion-columns columns fusion-columns-1 columns-1\"><article class=\"post fusion-column column col col-lg-12 col-md-12 col-sm-12\"><div class=\"recent-posts-content\"><span class=\"vcard\" style=\"display: none;\"><span class=\"fn\"><a href=\"https:\/\/www.mpal.mp.br\/?author=1\" title=\"Posts de Administrador\" rel=\"author\">Administrador<\/a><\/span><\/span><span class=\"updated\" style=\"display:none;\">2023-07-21T12:02:31-03:00<\/span><h4 class=\"entry-title\"><a href=\"https:\/\/www.mpal.mp.br\/?p=28757\">3\u00aa Promotoria de Justi\u00e7a \u2013 Munic\u00edpio: Palmeira dos \u00cdndios \u2013 Ano 2023<\/a><\/h4><\/div><\/article><article class=\"post fusion-column column col col-lg-12 col-md-12 col-sm-12\"><div class=\"recent-posts-content\"><span class=\"vcard\" style=\"display: none;\"><span class=\"fn\"><a href=\"https:\/\/www.mpal.mp.br\/?author=1\" title=\"Posts de Administrador\" rel=\"author\">Administrador<\/a><\/span><\/span><span class=\"updated\" style=\"display:none;\">2023-07-13T07:36:01-03:00<\/span><h4 class=\"entry-title\"><a href=\"https:\/\/www.mpal.mp.br\/?p=28535\">3\u00aa Promotoria de Justi\u00e7a \u2013 Munic\u00edpio: Santana do Ipanema \u2013 Ano 2023<\/a><\/h4><\/div><\/article><article class=\"post fusion-column column col col-lg-12 col-md-12 col-sm-12\"><div class=\"recent-posts-content\"><span class=\"vcard\" style=\"display: none;\"><span class=\"fn\"><a href=\"https:\/\/www.mpal.mp.br\/?author=1\" title=\"Posts de Administrador\" rel=\"author\">Administrador<\/a><\/span><\/span><span class=\"updated\" style=\"display:none;\">2023-05-16T09:56:14-03:00<\/span><h4 class=\"entry-title\"><a href=\"https:\/\/www.mpal.mp.br\/?p=26622\">Promotoria de Justi\u00e7a \u2013 Munic\u00edpio: Igreja Nova \u2013 Ano 2023<\/a><\/h4><\/div><\/article><article class=\"post fusion-column column col col-lg-12 col-md-12 col-sm-12\"><div class=\"recent-posts-content\"><span class=\"vcard\" style=\"display: none;\"><span class=\"fn\"><a href=\"https:\/\/www.mpal.mp.br\/?author=1\" title=\"Posts de Administrador\" rel=\"author\">Administrador<\/a><\/span><\/span><span class=\"updated\" style=\"display:none;\">2023-05-15T08:33:40-03:00<\/span><h4 class=\"entry-title\"><a href=\"https:\/\/www.mpal.mp.br\/?p=26509\">Promotoria de Justi\u00e7a \u2013 Munic\u00edpio: Taquarana \u2013 Ano 2023<\/a><\/h4><\/div><\/article><article class=\"post fusion-column column col col-lg-12 col-md-12 col-sm-12\"><div class=\"recent-posts-content\"><span class=\"vcard\" style=\"display: none;\"><span class=\"fn\"><a href=\"https:\/\/www.mpal.mp.br\/?author=1\" title=\"Posts de Administrador\" rel=\"author\">Administrador<\/a><\/span><\/span><span class=\"updated\" style=\"display:none;\">2023-05-12T13:10:41-03:00<\/span><h4 class=\"entry-title\"><a href=\"https:\/\/www.mpal.mp.br\/?p=26505\">Promotoria de Justi\u00e7a \u2013 Munic\u00edpio: Maragogi \u2013 Ano 2023<\/a><\/h4><\/div><\/article><article class=\"post fusion-column column col col-lg-12 col-md-12 col-sm-12\"><div class=\"recent-posts-content\"><span class=\"vcard\" style=\"display: none;\"><span class=\"fn\"><a href=\"https:\/\/www.mpal.mp.br\/?author=1\" title=\"Posts de Administrador\" rel=\"author\">Administrador<\/a><\/span><\/span><span class=\"updated\" style=\"display:none;\">2023-05-10T10:58:33-03:00<\/span><h4 class=\"entry-title\"><a href=\"https:\/\/www.mpal.mp.br\/?p=26314\">Promotoria de Justi\u00e7a \u2013 Munic\u00edpio: Coruripe \u2013 Ano 2023<\/a><\/h4><\/div><\/article><\/section><\/div><div class=\"fusion-clearfix\"><\/div>\n\n\t\t\t\t\t<\/div>\n\t\t\t\t<\/div><\/div><\/div>\n","protected":false},"excerpt":{"rendered":"","protected":false},"author":2,"featured_media":1593,"comment_status":"open","ping_status":"open","sticky":false,"template":"","format":"standard","meta":{"om_disable_all_campaigns":false,"_monsterinsights_skip_tracking":false,"_monsterinsights_sitenote_active":false,"_monsterinsights_sitenote_note":"","_monsterinsights_sitenote_category":0,"_uf_show_specific_survey":0,"_uf_disable_surveys":false,"footnotes":""},"categories":[17],"tags":[],"class_list":["post-1587","post","type-post","status-publish","format-standard","has-post-thumbnail","hentry","category-not_estagiarios"],"aioseo_notices":[],"_links":{"self":[{"href":"https:\/\/www.mpal.mp.br\/index.php?rest_route=\/wp\/v2\/posts\/1587","targetHints":{"allow":["GET"]}}],"collection":[{"href":"https:\/\/www.mpal.mp.br\/index.php?rest_route=\/wp\/v2\/posts"}],"about":[{"href":"https:\/\/www.mpal.mp.br\/index.php?rest_route=\/wp\/v2\/types\/post"}],"author":[{"embeddable":true,"href":"https:\/\/www.mpal.mp.br\/index.php?rest_route=\/wp\/v2\/users\/2"}],"replies":[{"embeddable":true,"href":"https:\/\/www.mpal.mp.br\/index.php?rest_route=%2Fwp%2Fv2%2Fcomments&post=1587"}],"version-history":[{"count":11,"href":"https:\/\/www.mpal.mp.br\/index.php?rest_route=\/wp\/v2\/posts\/1587\/revisions"}],"predecessor-version":[{"id":1611,"href":"https:\/\/www.mpal.mp.br\/index.php?rest_route=\/wp\/v2\/posts\/1587\/revisions\/1611"}],"wp:featuredmedia":[{"embeddable":true,"href":"https:\/\/www.mpal.mp.br\/index.php?rest_route=\/wp\/v2\/media\/1593"}],"wp:attachment":[{"href":"https:\/\/www.mpal.mp.br\/index.php?rest_route=%2Fwp%2Fv2%2Fmedia&parent=1587"}],"wp:term":[{"taxonomy":"category","embeddable":true,"href":"https:\/\/www.mpal.mp.br\/index.php?rest_route=%2Fwp%2Fv2%2Fcategories&post=1587"},{"taxonomy":"post_tag","embeddable":true,"href":"https:\/\/www.mpal.mp.br\/index.php?rest_route=%2Fwp%2Fv2%2Ftags&post=1587"}],"curies":[{"name":"wp","href":"https:\/\/api.w.org\/{rel}","templated":true}]}}