{"id":15749,"date":"2018-05-11T10:08:16","date_gmt":"2018-05-11T13:08:16","guid":{"rendered":"https:\/\/www.mpal.mp.br\/?p=15749"},"modified":"2025-06-18T11:18:35","modified_gmt":"2025-06-18T14:18:35","slug":"parecer-do-ministerio-publico-e-acatado-e-justica-denega-ordem-de-habeas-corpus-em-favor-de-fiscal-de-renda-preso-pelo-gaesf","status":"publish","type":"post","link":"https:\/\/www.mpal.mp.br\/?p=15749","title":{"rendered":"Parecer do Minist\u00e9rio P\u00fablico \u00e9 acatado e Justi\u00e7a denega ordem de habeas corpus em favor de fiscal de renda preso pelo Gaesf"},"content":{"rendered":"<p style=\"text-align: justify;\" align=\"JUSTIFY\"><span style=\"font-size: 14pt;\">O Minist\u00e9rio P\u00fablico do Estado de Alagoas (MPE\/AL), representado pelo procurador de Justi\u00e7a, Luiz Barbosa Carna\u00faba, logrou \u00eaxito junto ao Tribunal de Justi\u00e7a de Alagoas (TJ\/AL) ao ser denegado o pedido de habeas corpus em benef\u00edcio do fiscal de renda Alberto Lopes Balbino da Silva preso durante a Opera\u00e7\u00e3o Rilacio, desencadeada pelo Grupo de Atua\u00e7\u00e3o Especial em Sonega\u00e7\u00e3o Fiscal (Gaesf). O desembargador Jo\u00e3o Luiz Azevedo Lessa, relator designado, votou pela manuten\u00e7\u00e3o da pris\u00e3o preventiva do acusado, seguido, por unanimidade pelos demais colegas do Pleno.<\/span><\/p>\n<p style=\"text-align: justify;\" align=\"JUSTIFY\"><span style=\"font-size: 14pt;\">Em seu parecer, o procurador de Justi\u00e7a, Luiz Carna\u00faba, \u00e9 categ\u00f3rico ao afirmar que n\u00e3o h\u00e1 raz\u00e3o alguma para que o fiscal seja posto em liberdade.<\/span><\/p>\n<p style=\"text-align: justify;\" align=\"JUSTIFY\"><span style=\"font-size: 14pt;\">\u201cTem-se que \u00e9 id\u00f4nea a motiva\u00e7\u00e3o do decreto de pris\u00e3o preventiva que declina elemento concreto de informa\u00e7\u00e3o do qual \u00e9 poss\u00edvel extrair alguns dos fundamentos da pris\u00e3o preventiva: a garantia da ordem p\u00fablica, a seguran\u00e7a da aplica\u00e7\u00e3o da lei penal ou a conveni\u00eancia da instru\u00e7\u00e3o criminal\u201d, afirma o procurador.<\/span><\/p>\n<p style=\"text-align: justify;\" align=\"JUSTIFY\"><span style=\"font-size: 14pt;\">Ele tamb\u00e9m ressalta que a liberdade de Alberto Lopes Balbino seria um risco \u201c pela demonstra\u00e7\u00e3o concreta da possibilidade de reitera\u00e7\u00e3o criminosa e interfer\u00eancia direta no rumo das investiga\u00e7\u00f5es\u201d.<\/span><\/p>\n<p style=\"text-align: justify;\" align=\"JUSTIFY\"><span style=\"font-size: 14pt;\">O fiscal de tributos foi preso mais de uma vez e \u00e9 acusado de ser um dos l\u00edderes da organiza\u00e7\u00e3o criminosa que extorquiam dinheiro de empres\u00e1rios para ignorar as irregularidades em seus estabelecimentos comerciais e facilitar o fechamento das mesmas sem maiores danos.<\/span><\/p>\n<p style=\"text-align: justify;\" align=\"JUSTIFY\"><span style=\"font-size: 14pt;\">Decis\u00e3o<\/span><\/p>\n<p style=\"text-align: justify;\" align=\"JUSTIFY\"><span style=\"font-size: 14pt;\">Concordando com o parecer do procurador de Justi\u00e7a, Luiz Carna\u00faba, o desembargador-relator, Jo\u00e3o Luiz de Azevedo Lessa, votou no sentido de denegar a ordem de habeas corpus \u201ccassando a liminar outrora concedida e determinando a imediata expedi\u00e7\u00e3o de mandado de pris\u00e3o, restaurando in totum a cust\u00f3dia preventiva decretada pelo ju\u00edzo a quo\u201d.<\/span><\/p>\n<p style=\"text-align: justify;\" align=\"JUSTIFY\"><span style=\"font-size: 14pt;\">Em seu entendimento \u00e9 comprovada a gravidade da a\u00e7\u00e3o delituosa cometida pelo fiscal de tributos Alberto Lopes Balbino que usufruiu da posi\u00e7\u00e3o de servidor p\u00fablico para burlar a lei em troca da satisfa\u00e7\u00e3o e interesses pessoais.<\/span><\/p>\n<p style=\"text-align: justify;\" align=\"JUSTIFY\"><span style=\"font-size: 14pt;\">Ele deixou claro que acatou o parecer do Minist\u00e9rio P\u00fablico, confeccionado pelo procurador de Justi\u00e7a, Luiz Carna\u00faba.<\/span><\/p>\n<p style=\"text-align: justify;\" align=\"JUSTIFY\"><span style=\"font-size: 14pt;\">\u201cAcolho, tamb\u00e9m, com raz\u00f5es de decidir, os pareceres exarados pelo Minist\u00e9rio P\u00fablico atuante nesta segunda inst\u00e2ncia, os quais opinaram pela denega\u00e7\u00e3o da ordem, com a consequente cassa\u00e7\u00e3o da liminar anteriormente concedida\u201d.<\/span><\/p>\n<p style=\"text-align: justify;\" align=\"JUSTIFY\"><span style=\"font-size: 14pt;\">Foto: Anderson Macena<\/span><\/p>\n","protected":false},"excerpt":{"rendered":"<p> [&hellip;]<\/p>\n","protected":false},"author":4,"featured_media":15750,"comment_status":"closed","ping_status":"closed","sticky":false,"template":"","format":"standard","meta":{"om_disable_all_campaigns":false,"_monsterinsights_skip_tracking":false,"_monsterinsights_sitenote_active":false,"_monsterinsights_sitenote_note":"","_monsterinsights_sitenote_category":0,"_uf_show_specific_survey":0,"_uf_disable_surveys":false,"footnotes":""},"categories":[24],"tags":[],"class_list":["post-15749","post","type-post","status-publish","format-standard","has-post-thumbnail","hentry","category-not_gaesf"],"aioseo_notices":[],"_links":{"self":[{"href":"https:\/\/www.mpal.mp.br\/index.php?rest_route=\/wp\/v2\/posts\/15749","targetHints":{"allow":["GET"]}}],"collection":[{"href":"https:\/\/www.mpal.mp.br\/index.php?rest_route=\/wp\/v2\/posts"}],"about":[{"href":"https:\/\/www.mpal.mp.br\/index.php?rest_route=\/wp\/v2\/types\/post"}],"author":[{"embeddable":true,"href":"https:\/\/www.mpal.mp.br\/index.php?rest_route=\/wp\/v2\/users\/4"}],"replies":[{"embeddable":true,"href":"https:\/\/www.mpal.mp.br\/index.php?rest_route=%2Fwp%2Fv2%2Fcomments&post=15749"}],"version-history":[{"count":3,"href":"https:\/\/www.mpal.mp.br\/index.php?rest_route=\/wp\/v2\/posts\/15749\/revisions"}],"predecessor-version":[{"id":15753,"href":"https:\/\/www.mpal.mp.br\/index.php?rest_route=\/wp\/v2\/posts\/15749\/revisions\/15753"}],"wp:featuredmedia":[{"embeddable":true,"href":"https:\/\/www.mpal.mp.br\/index.php?rest_route=\/wp\/v2\/media\/15750"}],"wp:attachment":[{"href":"https:\/\/www.mpal.mp.br\/index.php?rest_route=%2Fwp%2Fv2%2Fmedia&parent=15749"}],"wp:term":[{"taxonomy":"category","embeddable":true,"href":"https:\/\/www.mpal.mp.br\/index.php?rest_route=%2Fwp%2Fv2%2Fcategories&post=15749"},{"taxonomy":"post_tag","embeddable":true,"href":"https:\/\/www.mpal.mp.br\/index.php?rest_route=%2Fwp%2Fv2%2Ftags&post=15749"}],"curies":[{"name":"wp","href":"https:\/\/api.w.org\/{rel}","templated":true}]}}