{"id":15630,"date":"2007-05-22T09:11:09","date_gmt":"2007-05-22T12:11:09","guid":{"rendered":"https:\/\/www.mpal.mp.br\/?p=15630"},"modified":"2022-08-12T09:11:58","modified_gmt":"2022-08-12T12:11:58","slug":"mp-reconhece-trabalho-do-promotor-de-justica-alberto-fonseca","status":"publish","type":"post","link":"https:\/\/www.mpal.mp.br\/?p=15630","title":{"rendered":"MP reconhece trabalho do promotor de Justi\u00e7a Alberto Fonseca"},"content":{"rendered":"<p style=\"text-align: justify;\"><span style=\"font-size: 14pt;\">O promotor de Justi\u00e7a Alberto Fonseca \u00e9 o primeiro integrante do Minist\u00e9rio P\u00fablico de Alagoas promovido com base nos crit\u00e9rios objetivos de aferi\u00e7\u00e3o de merecimento institu\u00eddos, ano passado, em resolu\u00e7\u00e3o do Conselho Superior do Minist\u00e9rio P\u00fablico. A posse simb\u00f3lica de Fonseca no 1\u00ba Cargo da Promotoria de Justi\u00e7a Coletiva Especializada de Defesa do Meio Ambiente aconteceu n in\u00edcio da tarde desta quinta-feira, no audit\u00f3rio da Procuradoria Geral de Justi\u00e7a.<\/span><\/p>\n<p style=\"text-align: justify;\"><span style=\"font-size: 14pt;\">Representantes das Secretarias Municipal e Estadual do Meio Ambiente, do IMA, Ibama e de entidades de defesa do meio ambiente prestigiaram o evento, durante o qual enfatizaram a import\u00e2ncia do promotor de Justi\u00e7a na discuss\u00e3o e defesa de pol\u00edticas p\u00fablicas comprometidas com o desenvolvimento sustent\u00e1vel.<\/span><\/p>\n<p style=\"text-align: justify;\"><span style=\"font-size: 14pt;\">\u201cQuem acompanha as lutas em defesa do meio ambiente sabe o quanto \u00e9 espinhosa nossa caminhada, mas extremamente v\u00e1lida para garantir o futuro dos nossos filhos. \u00c9 gratificante para todos n\u00f3s o reconhecimento \u00e0 atua\u00e7\u00e3o do promotor de Justi\u00e7a Alberto Fonseca, um parceiro fundamental nessa caminhada\u201d, destacou o ambientalista Fernando Pinto.<\/span><\/p>\n<p style=\"text-align: justify;\"><span style=\"font-size: 14pt;\">J\u00e1 o secret\u00e1rio Municipal do Meio Ambiente, Ricardo Ramalho, ressaltou que o promotor de Justi\u00e7a promovido vem conseguindo aliar \u201ccompet\u00eancia t\u00e9cnica, milit\u00e2ncia e equil\u00edbrio\u201d. Para Ramalho, s\u00e3o esses os requisitos que fazem a diferen\u00e7a entre um militante ativo e um \u201cecoburocrata\u201d.<\/span><\/p>\n<p style=\"text-align: justify;\"><span style=\"font-size: 14pt;\">O diretor t\u00e9cnico do IMA, Gustavo Carvalho, aproveitou a ocasi\u00e3o para garantir apoio integral do \u00f3rg\u00e3o ao promotor de Justi\u00e7a promovido e ao Minist\u00e9rio P\u00fablico de Alagoas como um todo. \u201cEstamos buscando parcerias para realizar um trabalho cada vez mais eficaz\u201d, afirmou o representante do IMA.<\/span><\/p>\n<p style=\"text-align: justify;\"><span style=\"font-size: 14pt;\">Outra autoridade que tamb\u00e9m fez quest\u00e3o de homenagear o promotor de Justi\u00e7a Alberto Fonseca foi o diretor de Gest\u00e3o Estadual de Recursos H\u00eddricos, Alex Gama. Para ele, o profissionalismo \u00e9 uma marca do promotor de Justi\u00e7a em quest\u00e3o. O mesmo declarou o superintendente do Ibama, Jos\u00e9 Augusto Gusm\u00e3o, que elogiou a persist\u00eancia e coragem de todos os defensores do meio ambiente, sobretudo do promotor de justi\u00e7a homenageado.<\/span><\/p>\n<p style=\"text-align: justify;\"><span style=\"font-size: 14pt;\">A solenidade foi conduzida pelo procurador-geral de Justi\u00e7a, Coaracy Fonseca, que juntamente com o representante do Conselho Nacional do Minist\u00e9rio P\u00fablico, o procurador de Justi\u00e7a Luciano Chagas, reconheceu o equil\u00edbrio do promotor de Justi\u00e7a Alberto Fonseca diante de conflitos de interesse envolvendo progresso e o meio ambiente.<\/span><\/p>\n<p style=\"text-align: justify;\"><span style=\"font-size: 14pt;\">Integrante do Minist\u00e9rio P\u00fablico alagoano desde 1996, o promotor de Justi\u00e7a Alberto Fonseca tem um curr\u00edculo extenso, sobretudo com rela\u00e7\u00e3o \u00e0s atividades na \u00e1rea do meio ambiente. Um exemplo disso foi sua atua\u00e7\u00e3o ativa no processo de cria\u00e7\u00e3o do primeiro Comit\u00ea de Bacia Hidrogr\u00e1fica de Alagoas.<\/span><\/p>\n<p style=\"text-align: justify;\"><span style=\"font-size: 14pt;\">\u201cNeste Dia Internacional da \u00c1gua n\u00e3o poderia haver alegria melhor que compartilhar minha emo\u00e7\u00e3o com todos esses amigos de caminhada, com meus colegas do Minist\u00e9rio P\u00fablico e minha fam\u00edlia. Estou feliz e ainda mais motivado a trabalhar nessa \u00e1rea\u201d, concluiu Alberto Fonseca.<\/span><\/p>\n","protected":false},"excerpt":{"rendered":"<p> [&hellip;]<\/p>\n","protected":false},"author":5,"featured_media":15631,"comment_status":"open","ping_status":"open","sticky":false,"template":"","format":"standard","meta":{"om_disable_all_campaigns":false,"_monsterinsights_skip_tracking":false,"_monsterinsights_sitenote_active":false,"_monsterinsights_sitenote_note":"","_monsterinsights_sitenote_category":0,"_uf_show_specific_survey":0,"_uf_disable_surveys":false,"footnotes":""},"categories":[2],"tags":[],"class_list":["post-15630","post","type-post","status-publish","format-standard","has-post-thumbnail","hentry","category-not_mpal"],"aioseo_notices":[],"_links":{"self":[{"href":"https:\/\/www.mpal.mp.br\/index.php?rest_route=\/wp\/v2\/posts\/15630","targetHints":{"allow":["GET"]}}],"collection":[{"href":"https:\/\/www.mpal.mp.br\/index.php?rest_route=\/wp\/v2\/posts"}],"about":[{"href":"https:\/\/www.mpal.mp.br\/index.php?rest_route=\/wp\/v2\/types\/post"}],"author":[{"embeddable":true,"href":"https:\/\/www.mpal.mp.br\/index.php?rest_route=\/wp\/v2\/users\/5"}],"replies":[{"embeddable":true,"href":"https:\/\/www.mpal.mp.br\/index.php?rest_route=%2Fwp%2Fv2%2Fcomments&post=15630"}],"version-history":[{"count":1,"href":"https:\/\/www.mpal.mp.br\/index.php?rest_route=\/wp\/v2\/posts\/15630\/revisions"}],"predecessor-version":[{"id":15632,"href":"https:\/\/www.mpal.mp.br\/index.php?rest_route=\/wp\/v2\/posts\/15630\/revisions\/15632"}],"wp:featuredmedia":[{"embeddable":true,"href":"https:\/\/www.mpal.mp.br\/index.php?rest_route=\/wp\/v2\/media\/15631"}],"wp:attachment":[{"href":"https:\/\/www.mpal.mp.br\/index.php?rest_route=%2Fwp%2Fv2%2Fmedia&parent=15630"}],"wp:term":[{"taxonomy":"category","embeddable":true,"href":"https:\/\/www.mpal.mp.br\/index.php?rest_route=%2Fwp%2Fv2%2Fcategories&post=15630"},{"taxonomy":"post_tag","embeddable":true,"href":"https:\/\/www.mpal.mp.br\/index.php?rest_route=%2Fwp%2Fv2%2Ftags&post=15630"}],"curies":[{"name":"wp","href":"https:\/\/api.w.org\/{rel}","templated":true}]}}