{"id":15627,"date":"2007-06-04T09:09:28","date_gmt":"2007-06-04T12:09:28","guid":{"rendered":"https:\/\/www.mpal.mp.br\/?p=15627"},"modified":"2022-08-12T09:10:09","modified_gmt":"2022-08-12T12:10:09","slug":"dalva-tenorio-e-homenageada-pela-oab-al","status":"publish","type":"post","link":"https:\/\/www.mpal.mp.br\/?p=15627","title":{"rendered":"Dalva Ten\u00f3rio \u00e9 homenageada pela OAB\/AL"},"content":{"rendered":"<p style=\"text-align: justify;\"><span style=\"font-size: 14pt;\">A promotora de Justi\u00e7a Dalva Ten\u00f3rio, coordenadora do N\u00facleo de Defesa do Meio Ambiente, foi uma das personalidades homenageadas hoje pela seccional da Ordem dos Advogados do Brasil em Alagoas (OAB\/AL), com o diploma de men\u00e7\u00e3o honrosa pelos relevantes servi\u00e7os que o Minist\u00e9rio P\u00fablico Estadual vem desenvolvendo em Alagoas em defesa da vida, da cidadania e do meio ambiente.<\/span><\/p>\n<p style=\"text-align: justify;\"><span style=\"font-size: 14pt;\">A homenagem aos amigos da natureza faz parte da Semana do Meio Ambiente da OAB Alagoas e aconteceu durante a entrega do Pr\u00eamio S\u00e9rvio T\u00falio Marinho, rec\u00e9m-criado pela Comiss\u00e3o de Meio Ambiente, Urbanismo e Prote\u00e7\u00e3o Animal da OAB. A solenidade foi presidida pelo advogado Ant\u00f4nio de P\u00e1dua e contou com a participa\u00e7\u00e3o do presidente da OAB\/AL, Omar Coelho.<\/span><\/p>\n<p style=\"text-align: justify;\"><span style=\"font-size: 14pt;\">Entre os homenageados estavam: o m\u00e9dico Ismar Gatto, patrono do N\u00facleo de Educa\u00e7\u00e3o Ambiental S\u00e3o Francisco de Assis (Neafa); o vereador por Macei\u00f3 Marcelo Malta; a promotora da Rep\u00fablica em Alagoas, Niedja Caspari; e a vi\u00fava do advogado ambientalista que deu nome ao pr\u00eamio, F\u00e1tima Fonseca Marinho, al\u00e9m de \u00c2ngela Seabra, coordenadora do Neafa.<\/span><\/p>\n<p style=\"text-align: justify;\"><span style=\"font-size: 14pt;\">Durante sua interven\u00e7\u00e3o, a promotora Dalva Ten\u00f3rio destacou a import\u00e2ncia da uni\u00e3o de todos os \u00f3rg\u00e3os, institui\u00e7\u00f5es e entidades da sociedade civil organizada em defesa dos recursos naturais que Alagoas ainda disp\u00f5e. \u201cSe o trabalho n\u00e3o for feito em conjunto, em parceria e de forma integrada n\u00e3o chegaremos a lugar nenhum\u201d, afirmou.<\/span><\/p>\n<p style=\"text-align: justify;\"><span style=\"font-size: 14pt;\">Para Dalva Ten\u00f3rio, o mais importante, nesse momento, \u00e9 trabalhar a quest\u00e3o da educa\u00e7\u00e3o para que as crian\u00e7as e os adolescentes despertem o interesse ao tema. \u201cS\u00f3 acredito em avan\u00e7o na luta contra as agress\u00f5es ao meio ambiente com a educa\u00e7\u00e3o ambiental sendo colocada em pr\u00e1tica, nas escolas p\u00fablicas e particulares, n\u00e3o como mat\u00e9ria, disciplina, mas como tarefa da cidadania\u201d, ressaltou a promotora.<\/span><\/p>\n<p style=\"text-align: justify;\"><span style=\"font-size: 14pt;\">O promotor de Justi\u00e7a Alberto Fonseca, presidente da Associa\u00e7\u00e3o do Minist\u00e9rio P\u00fablico de Alagoas (Ampal), tamb\u00e9m compareceu \u00e0 solenidade na OAB, que contou ainda com a presen\u00e7a da secret\u00e1ria estadual de Meio Ambiente, Ana Catarina Pires, e do presidente do IMA, Fernando Barreiros, entre outras autoridades. O grande homenageado, S\u00e9rvio T\u00falio (In memorian), foi procurador do IMA, durante mais de 20 anos.<\/span><\/p>\n<p style=\"text-align: justify;\">\n","protected":false},"excerpt":{"rendered":"<p> [&hellip;]<\/p>\n","protected":false},"author":5,"featured_media":15628,"comment_status":"open","ping_status":"open","sticky":false,"template":"","format":"standard","meta":{"om_disable_all_campaigns":false,"_monsterinsights_skip_tracking":false,"_monsterinsights_sitenote_active":false,"_monsterinsights_sitenote_note":"","_monsterinsights_sitenote_category":0,"_uf_show_specific_survey":0,"_uf_disable_surveys":false,"footnotes":""},"categories":[2],"tags":[],"class_list":["post-15627","post","type-post","status-publish","format-standard","has-post-thumbnail","hentry","category-not_mpal"],"aioseo_notices":[],"_links":{"self":[{"href":"https:\/\/www.mpal.mp.br\/index.php?rest_route=\/wp\/v2\/posts\/15627","targetHints":{"allow":["GET"]}}],"collection":[{"href":"https:\/\/www.mpal.mp.br\/index.php?rest_route=\/wp\/v2\/posts"}],"about":[{"href":"https:\/\/www.mpal.mp.br\/index.php?rest_route=\/wp\/v2\/types\/post"}],"author":[{"embeddable":true,"href":"https:\/\/www.mpal.mp.br\/index.php?rest_route=\/wp\/v2\/users\/5"}],"replies":[{"embeddable":true,"href":"https:\/\/www.mpal.mp.br\/index.php?rest_route=%2Fwp%2Fv2%2Fcomments&post=15627"}],"version-history":[{"count":1,"href":"https:\/\/www.mpal.mp.br\/index.php?rest_route=\/wp\/v2\/posts\/15627\/revisions"}],"predecessor-version":[{"id":15629,"href":"https:\/\/www.mpal.mp.br\/index.php?rest_route=\/wp\/v2\/posts\/15627\/revisions\/15629"}],"wp:featuredmedia":[{"embeddable":true,"href":"https:\/\/www.mpal.mp.br\/index.php?rest_route=\/wp\/v2\/media\/15628"}],"wp:attachment":[{"href":"https:\/\/www.mpal.mp.br\/index.php?rest_route=%2Fwp%2Fv2%2Fmedia&parent=15627"}],"wp:term":[{"taxonomy":"category","embeddable":true,"href":"https:\/\/www.mpal.mp.br\/index.php?rest_route=%2Fwp%2Fv2%2Fcategories&post=15627"},{"taxonomy":"post_tag","embeddable":true,"href":"https:\/\/www.mpal.mp.br\/index.php?rest_route=%2Fwp%2Fv2%2Ftags&post=15627"}],"curies":[{"name":"wp","href":"https:\/\/api.w.org\/{rel}","templated":true}]}}