{"id":15621,"date":"2007-06-18T09:07:10","date_gmt":"2007-06-18T12:07:10","guid":{"rendered":"https:\/\/www.mpal.mp.br\/?p=15621"},"modified":"2022-08-12T09:08:04","modified_gmt":"2022-08-12T12:08:04","slug":"mp-quer-reforco-nas-obras-de-dessassoreamento-da-grota-do-ouro-preto","status":"publish","type":"post","link":"https:\/\/www.mpal.mp.br\/?p=15621","title":{"rendered":"MP quer refor\u00e7o nas obras de dessassoreamento da Grota do Ouro Preto"},"content":{"rendered":"<p style=\"text-align: justify;\"><span style=\"font-size: 14pt;\">O Minist\u00e9rio P\u00fablico Estadual quer que a Prefeitura de Macei\u00f3 reforce as obras de desassoreamento das Grotas de Ouro Preto e do Aterro e estenda o trabalho preventivo \u00e0s demais \u00e1reas de risco em Macei\u00f3. De acordo com os promotores de Justi\u00e7a Dalva Ten\u00f3rio e Andreson Chaves, da Promotoria de Meio Ambiente, a prefeitura realizou a desobstru\u00e7\u00e3o de galeria na Grota de Outro Preto, mas n\u00e3o fez o trabalho completo, de recolhimento do lixo e da retiradas de obst\u00e1culos que represam a passagem da \u00e1gua do c\u00f3rrego.<\/span><\/p>\n<p style=\"text-align: justify;\"><span style=\"font-size: 14pt;\">\u201cSem esse trabalho, que toda vez que chove, o c\u00f3rrego transborda, imunda as casas da parte baixa da Grota, colocando em risco a popula\u00e7\u00e3o do local\u201d, afirmou a promotora Dalva Ten\u00f3rio, que esteve hoje \u00e0 tarde na Grota do Outro Preto, juntamente com o promotor Andreson Chaves. Eles foram fiscalizar a execu\u00e7\u00e3o de obras requisitadas pelo Minist\u00e9rio P\u00fablico Estadual \u00e0 Superintend\u00eancia Municipal de Obras e Urbaniza\u00e7\u00e3o (Somurb), h\u00e1 duas semanas.<\/span><\/p>\n<p style=\"text-align: justify;\"><span style=\"font-size: 14pt;\">O prazo para a realiza\u00e7\u00e3o do servi\u00e7o foi encerrado no \u00faltimo s\u00e1bado, mas os moradores reclamaram que a limpeza do c\u00f3rrego ficou incompleta. \u201cA popula\u00e7\u00e3o reclama, mas tamb\u00e9m n\u00e3o colabora com a limpeza e continua jogando lixo no c\u00f3rrego. Por isso \u00e9 importante que seja feita uma campanha de conscientiza\u00e7\u00e3o ambiental com os moradores da Grota, s\u00f3 assim o trabalho da prefeitura poder\u00e1 ter o resultado desejado\u201d, acrescentou a promotora, que \u00e9 coordenadora do N\u00facleo de Meio Ambiente do Minist\u00e9rio P\u00fablico Estadual..<\/span><\/p>\n<p style=\"text-align: justify;\"><span style=\"font-size: 14pt;\">Segundo os promotores de Justi\u00e7a, ainda esta semana, o Minist\u00e9rio P\u00fablico Estadual estar\u00e1 enviando of\u00edcio \u00e0 Somurb, \u00e0 Comiss\u00e3o Municipal de Defesa Civil e ao Corpo de Bombeiros para que adotem medidas preventivas de conten\u00e7\u00e3o de poss\u00edveis deslizamento de terras nas \u00e1reas de risco em Macei\u00f3. \u201cEssas medidas s\u00e3o de extrema necessidade para evitar problemas piores, com a chegada das chuvas do inverno\u201d, acrescentou Andreson Chaves.<\/span><\/p>\n","protected":false},"excerpt":{"rendered":"<p> [&hellip;]<\/p>\n","protected":false},"author":5,"featured_media":15622,"comment_status":"open","ping_status":"open","sticky":false,"template":"","format":"standard","meta":{"om_disable_all_campaigns":false,"_monsterinsights_skip_tracking":false,"_monsterinsights_sitenote_active":false,"_monsterinsights_sitenote_note":"","_monsterinsights_sitenote_category":0,"_uf_show_specific_survey":0,"_uf_disable_surveys":false,"footnotes":""},"categories":[2],"tags":[],"class_list":["post-15621","post","type-post","status-publish","format-standard","has-post-thumbnail","hentry","category-not_mpal"],"aioseo_notices":[],"_links":{"self":[{"href":"https:\/\/www.mpal.mp.br\/index.php?rest_route=\/wp\/v2\/posts\/15621","targetHints":{"allow":["GET"]}}],"collection":[{"href":"https:\/\/www.mpal.mp.br\/index.php?rest_route=\/wp\/v2\/posts"}],"about":[{"href":"https:\/\/www.mpal.mp.br\/index.php?rest_route=\/wp\/v2\/types\/post"}],"author":[{"embeddable":true,"href":"https:\/\/www.mpal.mp.br\/index.php?rest_route=\/wp\/v2\/users\/5"}],"replies":[{"embeddable":true,"href":"https:\/\/www.mpal.mp.br\/index.php?rest_route=%2Fwp%2Fv2%2Fcomments&post=15621"}],"version-history":[{"count":1,"href":"https:\/\/www.mpal.mp.br\/index.php?rest_route=\/wp\/v2\/posts\/15621\/revisions"}],"predecessor-version":[{"id":15623,"href":"https:\/\/www.mpal.mp.br\/index.php?rest_route=\/wp\/v2\/posts\/15621\/revisions\/15623"}],"wp:featuredmedia":[{"embeddable":true,"href":"https:\/\/www.mpal.mp.br\/index.php?rest_route=\/wp\/v2\/media\/15622"}],"wp:attachment":[{"href":"https:\/\/www.mpal.mp.br\/index.php?rest_route=%2Fwp%2Fv2%2Fmedia&parent=15621"}],"wp:term":[{"taxonomy":"category","embeddable":true,"href":"https:\/\/www.mpal.mp.br\/index.php?rest_route=%2Fwp%2Fv2%2Fcategories&post=15621"},{"taxonomy":"post_tag","embeddable":true,"href":"https:\/\/www.mpal.mp.br\/index.php?rest_route=%2Fwp%2Fv2%2Ftags&post=15621"}],"curies":[{"name":"wp","href":"https:\/\/api.w.org\/{rel}","templated":true}]}}