{"id":15618,"date":"2007-06-18T09:06:01","date_gmt":"2007-06-18T12:06:01","guid":{"rendered":"https:\/\/www.mpal.mp.br\/?p=15618"},"modified":"2022-08-12T09:07:01","modified_gmt":"2022-08-12T12:07:01","slug":"mp-estadual-busca-parceria-para-controle-da-saude-animal","status":"publish","type":"post","link":"https:\/\/www.mpal.mp.br\/?p=15618","title":{"rendered":"MP estadual busca parceria para controle da sa\u00fade animal"},"content":{"rendered":"<p style=\"text-align: justify;\"><span style=\"font-size: 14pt;\">O Minist\u00e9rio P\u00fablico Estadual, por meio da Promotoria de Meio Ambiente, solicitou \u00e0 coordena\u00e7\u00e3o da Faculdade de Medicina Veterin\u00e1ria do Cesmac a possibilidade de firmar uma parceria com a Secretaria Municipal de Sa\u00fade de Macei\u00f3, com o objetivo de ajudar na capacita\u00e7\u00e3o dos t\u00e9cnicos do Centro de Controle de Zoonoses (CCZ), al\u00e9m de participar de uma campanha de conscientiza\u00e7\u00e3o da popula\u00e7\u00e3o, quando a import\u00e2ncia dos cuidados com os animais dom\u00e9sticos.<\/span><\/p>\n<p style=\"text-align: justify;\"><span style=\"font-size: 14pt;\">O primeiro contato com a coordena\u00e7\u00e3o com curso foi firmado hoje \u00e0 tarde, durante reuni\u00e3o na Faculdade de Medicina Veterin\u00e1ria do Cesmac, em Marechal Deodoro, com a participa\u00e7\u00e3o dos promotores de Justi\u00e7a Dalva Ten\u00f3rio e Andreson Chaves, da Promotoria Coletiva Especializada do Meio Ambiente. Eles foram recebidos pela coordenadora do curso, Flaviana Wandreley, que se disp\u00f4s a ajudar no que foi preciso, dentro das limita\u00e7\u00f5es do Cesmac.<\/span><\/p>\n<p style=\"text-align: justify;\"><span style=\"font-size: 14pt;\">Al\u00e9m dos promotores de Justi\u00e7a, participaram da reuni\u00e3o o veterin\u00e1rio Ednaldo Balbino da Silva, da Secret\u00e1ria Municipal da Sa\u00fade; Carlos Eduardo da Silva, diretor do Centro de Controle de Zoonoses; \u00c2ngela Seabra, do N\u00facleo de Prote\u00e7\u00e3o Animal Francisco de Assis (Neafa); e Adriana Alves dos Santos, da Comiss\u00e3o de Meio Ambiente e Prote\u00e7\u00e3o Animal da Ordem dos Advogados do Brasil em Alagoas (OAB\/AL).<\/span><\/p>\n<p style=\"text-align: justify;\"><span style=\"font-size: 14pt;\">Para a promotora Dalva Ten\u00f3rio, a visita foi muito proveitosa, j\u00e1 que abriu a possibilidade de uma grande parceria entre os \u00f3rg\u00e3os envolvidos com a quest\u00e3o da sa\u00fade animal, para a realiza\u00e7\u00e3o da campanha de esteriliza\u00e7\u00e3o. \u201cEssa parceria \u00e9 de fundamental import\u00e2ncia para resolver o problema de sa\u00fade p\u00fablica em que se transformou a quest\u00e3o dos animais de estima\u00e7\u00e3o em Macei\u00f3, que se n\u00e3o receberem tratamento adequado, estar\u00e3o colocando em risco a vida da popula\u00e7\u00e3o, com a contamina\u00e7\u00e3o de doen\u00e7as\u201d, afirmou a promotora.<\/span><\/p>\n<p style=\"text-align: justify;\"><span style=\"font-size: 14pt;\">Segundo ela, no pr\u00f3ximo dia 3 de julho, \u00e0s 17 horas, ser\u00e1 realizada uma nova reuni\u00e3o, desta vez na sede da Procuradoria Geral de Justi\u00e7a de Alagoas, em Macei\u00f3, com a participa\u00e7\u00e3o da coordena\u00e7\u00e3o da Faculdade de Medicina Veterin\u00e1ria do Cesmac, da Secretaria Municipal de Sa\u00fade de Macei\u00f3, do CCZ, do Neafa e da OAB\/AL. \u201cNessa reuni\u00e3o, pretendemos firmar um termo de parceria ou de ajuda m\u00fatua entre todos os \u00f3rg\u00e3os e entidades envolvidos na quest\u00e3o do controle da sa\u00fade animal\u201d, informou a promotora.<\/span><\/p>\n","protected":false},"excerpt":{"rendered":"<p> [&hellip;]<\/p>\n","protected":false},"author":5,"featured_media":15619,"comment_status":"open","ping_status":"open","sticky":false,"template":"","format":"standard","meta":{"om_disable_all_campaigns":false,"_monsterinsights_skip_tracking":false,"_monsterinsights_sitenote_active":false,"_monsterinsights_sitenote_note":"","_monsterinsights_sitenote_category":0,"_uf_show_specific_survey":0,"_uf_disable_surveys":false,"footnotes":""},"categories":[2],"tags":[],"class_list":["post-15618","post","type-post","status-publish","format-standard","has-post-thumbnail","hentry","category-not_mpal"],"aioseo_notices":[],"_links":{"self":[{"href":"https:\/\/www.mpal.mp.br\/index.php?rest_route=\/wp\/v2\/posts\/15618","targetHints":{"allow":["GET"]}}],"collection":[{"href":"https:\/\/www.mpal.mp.br\/index.php?rest_route=\/wp\/v2\/posts"}],"about":[{"href":"https:\/\/www.mpal.mp.br\/index.php?rest_route=\/wp\/v2\/types\/post"}],"author":[{"embeddable":true,"href":"https:\/\/www.mpal.mp.br\/index.php?rest_route=\/wp\/v2\/users\/5"}],"replies":[{"embeddable":true,"href":"https:\/\/www.mpal.mp.br\/index.php?rest_route=%2Fwp%2Fv2%2Fcomments&post=15618"}],"version-history":[{"count":1,"href":"https:\/\/www.mpal.mp.br\/index.php?rest_route=\/wp\/v2\/posts\/15618\/revisions"}],"predecessor-version":[{"id":15620,"href":"https:\/\/www.mpal.mp.br\/index.php?rest_route=\/wp\/v2\/posts\/15618\/revisions\/15620"}],"wp:featuredmedia":[{"embeddable":true,"href":"https:\/\/www.mpal.mp.br\/index.php?rest_route=\/wp\/v2\/media\/15619"}],"wp:attachment":[{"href":"https:\/\/www.mpal.mp.br\/index.php?rest_route=%2Fwp%2Fv2%2Fmedia&parent=15618"}],"wp:term":[{"taxonomy":"category","embeddable":true,"href":"https:\/\/www.mpal.mp.br\/index.php?rest_route=%2Fwp%2Fv2%2Fcategories&post=15618"},{"taxonomy":"post_tag","embeddable":true,"href":"https:\/\/www.mpal.mp.br\/index.php?rest_route=%2Fwp%2Fv2%2Ftags&post=15618"}],"curies":[{"name":"wp","href":"https:\/\/api.w.org\/{rel}","templated":true}]}}