{"id":15615,"date":"2007-07-10T09:04:49","date_gmt":"2007-07-10T12:04:49","guid":{"rendered":"https:\/\/www.mpal.mp.br\/?p=15615"},"modified":"2022-08-12T09:05:52","modified_gmt":"2022-08-12T12:05:52","slug":"mp-realiza-audiencia-que-garante-esterilizacao-de-animais-no-ccz","status":"publish","type":"post","link":"https:\/\/www.mpal.mp.br\/?p=15615","title":{"rendered":"MP realiza audi\u00eancia que garante esteriliza\u00e7\u00e3o de animais no CCZ"},"content":{"rendered":"<p style=\"text-align: justify;\"><span style=\"font-size: 14pt;\">O Centro de Controle de Zoonoses (CCZ) e a Faculdade de Medicina Veterin\u00e1ria do Cesmac, em Marechal Deodoro, firmaram hoje, durante audi\u00eancia realizada pelo Minist\u00e9rio P\u00fablico de Alagoas, termo de ajuda m\u00fatua para garantir a realiza\u00e7\u00e3o de esteriliza\u00e7\u00e3o de animais.<\/span><\/p>\n<p style=\"text-align: justify;\"><span style=\"font-size: 14pt;\">Na reuni\u00e3o, intermediada pelos promotores de Justi\u00e7a Dalva Ten\u00f3rio, Andreson Chaves, Francisco Albuquerque e S\u00edlvio Sampaio, da Promotoria do Meio Ambiente, ficou definido que o Cesmac vai prestar servi\u00e7o de capacita\u00e7\u00e3o de esteriliza\u00e7\u00e3o, com in\u00edcio previsto para o dia 10 de agosto, a alguns m\u00e9dicos veterin\u00e1rios do CCZ para que eles desenvolvam atividades cir\u00fargicas em animais de pequeno porte. O Cesmac comprometeu-se tamb\u00e9m em ajudar na amplia\u00e7\u00e3o da campanha de ado\u00e7\u00e3o de animais.<\/span><\/p>\n<p style=\"text-align: justify;\"><span style=\"font-size: 14pt;\">Com rela\u00e7\u00e3o aos animais que venham a \u00f3bito, por meio da eutan\u00e1sia, e que n\u00e3o tenham doen\u00e7as t\u00f3xico-infecciosas, ficou acordado que no m\u00e1ximo sete deles ser\u00e3o encaminhados por semestre ao Centro Anal\u00edtico do Cesmac, para fim de estudo. \u201cAinda sobre a quest\u00e3o da eutan\u00e1sia, \u00e9 necess\u00e1rio que ela s\u00f3 seja realizada com a aprova\u00e7\u00e3o de pelo menos tr\u00eas veterin\u00e1rios do CCZ e que seja feita em animais que apresentem doen\u00e7as t\u00f3xico-infecciosas\u201d, completou a promotora de Justi\u00e7a Dalva Ten\u00f3rio.<\/span><\/p>\n<p style=\"text-align: justify;\"><span style=\"font-size: 14pt;\">\u201cTamb\u00e9m fica definido que a Secretaria de Sa\u00fade Municipal crie uma rubrica or\u00e7ament\u00e1ria para 2008, que garanta a aquisi\u00e7\u00e3o cont\u00ednua de material de consumo para esteriliza\u00e7\u00e3o e que o CCZ inicie campanha de educa\u00e7\u00e3o ambiental nas escolas a partir de setembro\u201d, afirmaram os promotores de Justi\u00e7a.<\/span><\/p>\n<p style=\"text-align: justify;\"><span style=\"font-size: 14pt;\">A reuni\u00e3o contou com as presen\u00e7as da coordenadora do curso de Medicina Veterin\u00e1ria do Cesmac Flaviana Wanderley, do veterin\u00e1rio Ednaldo Balbino da Silva, da Secretaria Municipal da Sa\u00fade; Carlos Eduardo da Silva, diretor do Centro de Controle de Zoonoses; Palova Costa e Eveline Melo, representantes do N\u00facleo de Prote\u00e7\u00e3o Animal Francisco de Assis (Neafa); e Adriana Alves dos Santos, da Comiss\u00e3o de Meio Ambiente e Prote\u00e7\u00e3o Animal da Ordem dos Advogados do Brasil em Alagoas (OAB\/AL).<\/span><\/p>\n","protected":false},"excerpt":{"rendered":"<p> [&hellip;]<\/p>\n","protected":false},"author":5,"featured_media":15616,"comment_status":"open","ping_status":"open","sticky":false,"template":"","format":"standard","meta":{"om_disable_all_campaigns":false,"_monsterinsights_skip_tracking":false,"_monsterinsights_sitenote_active":false,"_monsterinsights_sitenote_note":"","_monsterinsights_sitenote_category":0,"_uf_show_specific_survey":0,"_uf_disable_surveys":false,"footnotes":""},"categories":[2],"tags":[],"class_list":["post-15615","post","type-post","status-publish","format-standard","has-post-thumbnail","hentry","category-not_mpal"],"aioseo_notices":[],"_links":{"self":[{"href":"https:\/\/www.mpal.mp.br\/index.php?rest_route=\/wp\/v2\/posts\/15615","targetHints":{"allow":["GET"]}}],"collection":[{"href":"https:\/\/www.mpal.mp.br\/index.php?rest_route=\/wp\/v2\/posts"}],"about":[{"href":"https:\/\/www.mpal.mp.br\/index.php?rest_route=\/wp\/v2\/types\/post"}],"author":[{"embeddable":true,"href":"https:\/\/www.mpal.mp.br\/index.php?rest_route=\/wp\/v2\/users\/5"}],"replies":[{"embeddable":true,"href":"https:\/\/www.mpal.mp.br\/index.php?rest_route=%2Fwp%2Fv2%2Fcomments&post=15615"}],"version-history":[{"count":1,"href":"https:\/\/www.mpal.mp.br\/index.php?rest_route=\/wp\/v2\/posts\/15615\/revisions"}],"predecessor-version":[{"id":15617,"href":"https:\/\/www.mpal.mp.br\/index.php?rest_route=\/wp\/v2\/posts\/15615\/revisions\/15617"}],"wp:featuredmedia":[{"embeddable":true,"href":"https:\/\/www.mpal.mp.br\/index.php?rest_route=\/wp\/v2\/media\/15616"}],"wp:attachment":[{"href":"https:\/\/www.mpal.mp.br\/index.php?rest_route=%2Fwp%2Fv2%2Fmedia&parent=15615"}],"wp:term":[{"taxonomy":"category","embeddable":true,"href":"https:\/\/www.mpal.mp.br\/index.php?rest_route=%2Fwp%2Fv2%2Fcategories&post=15615"},{"taxonomy":"post_tag","embeddable":true,"href":"https:\/\/www.mpal.mp.br\/index.php?rest_route=%2Fwp%2Fv2%2Ftags&post=15615"}],"curies":[{"name":"wp","href":"https:\/\/api.w.org\/{rel}","templated":true}]}}