{"id":15608,"date":"2007-11-20T08:45:27","date_gmt":"2007-11-20T10:45:27","guid":{"rendered":"https:\/\/www.mpal.mp.br\/?p=15608"},"modified":"2022-08-12T08:46:13","modified_gmt":"2022-08-12T11:46:13","slug":"ima-e-mp-e-exige-relatorio-de-impacto-ambiental-para-construcao-de-espigoes-em-guaxuma","status":"publish","type":"post","link":"https:\/\/www.mpal.mp.br\/?p=15608","title":{"rendered":"IMA e MP e exige relat\u00f3rio de impacto ambiental para constru\u00e7\u00e3o de espig\u00f5es em Guaxuma"},"content":{"rendered":"<p style=\"text-align: justify;\"><span style=\"font-size: 14pt;\">O Instituto do Meio Ambiente (IMA) decidiu acatar a recomenda\u00e7\u00e3o do Minist\u00e9rio P\u00fablico de Alagoas e s\u00f3 vai conceder a licen\u00e7a para a constru\u00e7\u00e3o dos tr\u00eas pr\u00e9dios de 14 andares na praia de Guaxuma, ap\u00f3s a entrega do Estudo e do Relat\u00f3rio de Impacto Ambiental (EIA\/Rima), por parte da construtora respons\u00e1vel pelo empreendimento.<\/span><\/p>\n<p style=\"text-align: justify;\"><span style=\"font-size: 14pt;\">A decis\u00e3o do Instituto foi comunicada, hoje \u00e0 tarde, aos promotores de Justi\u00e7a da Promotoria de Meio Ambiente, durante audi\u00eancia realizada na Procuradoria-Geral de Justi\u00e7a. Durante audi\u00eancia, coordenada pelos promotores de Justi\u00e7a Dalva Ten\u00f3rio e Alberto Fonseca, o presidente do IMA, Adriano Jorge, esteve representado pelo diretor t\u00e9cnico do \u00f3rg\u00e3o, Gustavo da Silva Carvalho, e pelo procurador do Instituto, advogado Ant\u00f4nio de P\u00e1dua Carvalho Paes.<\/span><\/p>\n<p style=\"text-align: justify;\"><span style=\"font-size: 14pt;\">Segundo o promotor de Justi\u00e7a Alberto Fonseca, al\u00e9m de acatar a recomenda\u00e7\u00e3o do Minist\u00e9rio P\u00fablico, a dire\u00e7\u00e3o do IMA se colocou \u00e0 disposi\u00e7\u00e3o da Promotoria do Meio Ambiente para discutir a defini\u00e7\u00e3o de par\u00e2metros acerca dos estudos a serem realizados, com vistas a utiliza\u00e7\u00e3o da faixa costeira, a partir do que for exigido para a constru\u00e7\u00e3o dos chamados espig\u00f5es de Guaxuma.<\/span><\/p>\n<p style=\"text-align: justify;\"><span style=\"font-size: 14pt;\">A promotora de Justi\u00e7a Dalva Ten\u00f3rio elogiou a decis\u00e3o da dire\u00e7\u00e3o do IMA e disse que a partir de agora vai trabalhar em parceria para atender as necessidades do mercado imobili\u00e1rio, mas sem agredir a natureza.<\/span><\/p>\n<p style=\"text-align: justify;\"><span style=\"font-size: 14pt;\">Al\u00e9m do EIA\/Rima, os promotores recomendaram tamb\u00e9m a realiza\u00e7\u00e3o de audi\u00eancia p\u00fablica, para que os moradores da regi\u00e3o sejam ouvidos sobre o empreendimento. Eles pediram ainda que seja apresentada a identifica\u00e7\u00e3o do tratamento de esgoto, com c\u00e1lculo de efici\u00eancia do sistema; a identifica\u00e7\u00e3o do volume do reuso de efluentes tratados, com informa\u00e7\u00f5es sobre onde ser\u00e3o lan\u00e7ados e disposi\u00e7\u00e3o de excedentes.<\/span><\/p>\n","protected":false},"excerpt":{"rendered":"<p> [&hellip;]<\/p>\n","protected":false},"author":5,"featured_media":15609,"comment_status":"open","ping_status":"open","sticky":false,"template":"","format":"standard","meta":{"om_disable_all_campaigns":false,"_monsterinsights_skip_tracking":false,"_monsterinsights_sitenote_active":false,"_monsterinsights_sitenote_note":"","_monsterinsights_sitenote_category":0,"_uf_show_specific_survey":0,"_uf_disable_surveys":false,"footnotes":""},"categories":[2],"tags":[],"class_list":["post-15608","post","type-post","status-publish","format-standard","has-post-thumbnail","hentry","category-not_mpal"],"aioseo_notices":[],"_links":{"self":[{"href":"https:\/\/www.mpal.mp.br\/index.php?rest_route=\/wp\/v2\/posts\/15608","targetHints":{"allow":["GET"]}}],"collection":[{"href":"https:\/\/www.mpal.mp.br\/index.php?rest_route=\/wp\/v2\/posts"}],"about":[{"href":"https:\/\/www.mpal.mp.br\/index.php?rest_route=\/wp\/v2\/types\/post"}],"author":[{"embeddable":true,"href":"https:\/\/www.mpal.mp.br\/index.php?rest_route=\/wp\/v2\/users\/5"}],"replies":[{"embeddable":true,"href":"https:\/\/www.mpal.mp.br\/index.php?rest_route=%2Fwp%2Fv2%2Fcomments&post=15608"}],"version-history":[{"count":1,"href":"https:\/\/www.mpal.mp.br\/index.php?rest_route=\/wp\/v2\/posts\/15608\/revisions"}],"predecessor-version":[{"id":15610,"href":"https:\/\/www.mpal.mp.br\/index.php?rest_route=\/wp\/v2\/posts\/15608\/revisions\/15610"}],"wp:featuredmedia":[{"embeddable":true,"href":"https:\/\/www.mpal.mp.br\/index.php?rest_route=\/wp\/v2\/media\/15609"}],"wp:attachment":[{"href":"https:\/\/www.mpal.mp.br\/index.php?rest_route=%2Fwp%2Fv2%2Fmedia&parent=15608"}],"wp:term":[{"taxonomy":"category","embeddable":true,"href":"https:\/\/www.mpal.mp.br\/index.php?rest_route=%2Fwp%2Fv2%2Fcategories&post=15608"},{"taxonomy":"post_tag","embeddable":true,"href":"https:\/\/www.mpal.mp.br\/index.php?rest_route=%2Fwp%2Fv2%2Ftags&post=15608"}],"curies":[{"name":"wp","href":"https:\/\/api.w.org\/{rel}","templated":true}]}}