{"id":15605,"date":"2007-11-22T08:44:32","date_gmt":"2007-11-22T10:44:32","guid":{"rendered":"https:\/\/www.mpal.mp.br\/?p=15605"},"modified":"2022-08-12T08:45:20","modified_gmt":"2022-08-12T11:45:20","slug":"mp-investiga-denuncia-de-maus-tratos-a-animais-do-circo-beto-carrero","status":"publish","type":"post","link":"https:\/\/www.mpal.mp.br\/?p=15605","title":{"rendered":"MP investiga den\u00fancia de maus tratos a animais do circo Beto Carrero"},"content":{"rendered":"<p style=\"text-align: justify;\"><span style=\"font-size: 14pt;\">Os promotores de Justi\u00e7a Dalva Ten\u00f3rio e Alberto Fonseca, da Promotoria de Meio Ambiente, realizaram hoje \u00e0 tarde uma visita in loco no Circo Beto Carrero, que est\u00e1 instalado ao lado do Hiper Supermercado da Gruta, em Macei\u00f3. Eles foram colher informa\u00e7\u00f5es para poder investigar den\u00fancia de maus tratos contra os animais usados no circo. A inspe\u00e7\u00e3o foi realizada na presen\u00e7a de respons\u00e1veis pelo circo e por um m\u00e9dico veterin\u00e1rio do Centro de Controle de Zoonoses de Macei\u00f3.<\/span><\/p>\n<p style=\"text-align: justify;\"><span style=\"font-size: 14pt;\">O promotor de Justi\u00e7a Alberto Fonseca disse que o respons\u00e1vel pelo circo, Mauro C\u00e9sar Fernandes Castilho, ser\u00e1 notificado para apresentar sua defesa em rela\u00e7\u00e3o a den\u00fancia de maus tratos contra os animais. A den\u00fancia foi feita pelo N\u00facleo de Educa\u00e7\u00e3o Ambiental Francisco de Assis (Neafa). Na den\u00fancia feita ao MP, os integrantes do Neafa dizem que os animais s\u00e3o mantidos em jaulas apertadas e alguns j\u00e1 apresentavam sinais de estresse.<\/span><\/p>\n<p style=\"text-align: justify;\"><span style=\"font-size: 14pt;\">Durante a visita ao circo do Beto Carrero, que j\u00e1 est\u00e1 h\u00e1 mais de dez dias em Macei\u00f3 e tem programa\u00e7\u00e3o prevista para mais duas semanas, os promotores de Justi\u00e7a tiveram acesso ao local onde ficam os animais: uma elefanta de nome Mila; tr\u00eas lhamas, nove cavalos, quatro camelos e quatro cachorros da ra\u00e7a Poodle.<\/span><\/p>\n<p style=\"text-align: justify;\"><span style=\"font-size: 14pt;\">\u00c0 primeira vista, o veterin\u00e1rio Paulo J\u00fanior, da CCZ, disse que os aninais estavam bem alimentados, em local arejado e sem problemas de sa\u00fade aparentes. No entanto, somente ap\u00f3s uma an\u00e1lise mais minuciosa, o m\u00e9dicos veterin\u00e1rio vai poder dizem, em seu laudo, se a den\u00fancia de maus tratos procede ou n\u00e3o.<\/span><\/p>\n","protected":false},"excerpt":{"rendered":"<p> [&hellip;]<\/p>\n","protected":false},"author":5,"featured_media":15606,"comment_status":"open","ping_status":"open","sticky":false,"template":"","format":"standard","meta":{"om_disable_all_campaigns":false,"_monsterinsights_skip_tracking":false,"_monsterinsights_sitenote_active":false,"_monsterinsights_sitenote_note":"","_monsterinsights_sitenote_category":0,"_uf_show_specific_survey":0,"_uf_disable_surveys":false,"footnotes":""},"categories":[2],"tags":[],"class_list":["post-15605","post","type-post","status-publish","format-standard","has-post-thumbnail","hentry","category-not_mpal"],"aioseo_notices":[],"_links":{"self":[{"href":"https:\/\/www.mpal.mp.br\/index.php?rest_route=\/wp\/v2\/posts\/15605","targetHints":{"allow":["GET"]}}],"collection":[{"href":"https:\/\/www.mpal.mp.br\/index.php?rest_route=\/wp\/v2\/posts"}],"about":[{"href":"https:\/\/www.mpal.mp.br\/index.php?rest_route=\/wp\/v2\/types\/post"}],"author":[{"embeddable":true,"href":"https:\/\/www.mpal.mp.br\/index.php?rest_route=\/wp\/v2\/users\/5"}],"replies":[{"embeddable":true,"href":"https:\/\/www.mpal.mp.br\/index.php?rest_route=%2Fwp%2Fv2%2Fcomments&post=15605"}],"version-history":[{"count":1,"href":"https:\/\/www.mpal.mp.br\/index.php?rest_route=\/wp\/v2\/posts\/15605\/revisions"}],"predecessor-version":[{"id":15607,"href":"https:\/\/www.mpal.mp.br\/index.php?rest_route=\/wp\/v2\/posts\/15605\/revisions\/15607"}],"wp:featuredmedia":[{"embeddable":true,"href":"https:\/\/www.mpal.mp.br\/index.php?rest_route=\/wp\/v2\/media\/15606"}],"wp:attachment":[{"href":"https:\/\/www.mpal.mp.br\/index.php?rest_route=%2Fwp%2Fv2%2Fmedia&parent=15605"}],"wp:term":[{"taxonomy":"category","embeddable":true,"href":"https:\/\/www.mpal.mp.br\/index.php?rest_route=%2Fwp%2Fv2%2Fcategories&post=15605"},{"taxonomy":"post_tag","embeddable":true,"href":"https:\/\/www.mpal.mp.br\/index.php?rest_route=%2Fwp%2Fv2%2Ftags&post=15605"}],"curies":[{"name":"wp","href":"https:\/\/api.w.org\/{rel}","templated":true}]}}